{"id":244824,"date":"2018-04-12T14:37:53","date_gmt":"2018-04-12T12:37:53","guid":{"rendered":"http:\/\/www.pcnen.com\/portal\/?p=244824"},"modified":"2018-04-12T14:37:53","modified_gmt":"2018-04-12T12:37:53","slug":"dukanovic-vidi-fasizam-u-dijelu-medija-i-nvo-sektora-mans-upozorava-na-najavu-otvorene-diktature","status":"publish","type":"post","link":"https:\/\/www.pcnen.com\/portal\/2018\/04\/12\/dukanovic-vidi-fasizam-u-dijelu-medija-i-nvo-sektora-mans-upozorava-na-najavu-otvorene-diktature\/","title":{"rendered":"\u0110ukanovi\u0107 vidi fa\u0161izam u dijelu medija i nvo sektora, MANS upozorava na najavu otvorene diktature"},"content":{"rendered":"<p><a href=\"http:\/\/www.pcnen.com\/portal\/wp-content\/uploads\/2013\/11\/Milo-Djukanovic-u-parlamentu.jpg\"><img loading=\"lazy\" decoding=\"async\" class=\"alignright size-medium wp-image-130534\" src=\"http:\/\/www.pcnen.com\/portal\/wp-content\/uploads\/2013\/11\/Milo-Djukanovic-u-parlamentu-300x198.jpg\" alt=\"\" width=\"300\" height=\"198\" \/><\/a>Lider Demokratske partije socijalista i njen kandidat za predsjednika Crne Gore\u00a0 Milo \u0110ukanovi\u0107 je, gostuju\u0107i sino\u0107 u emisiji \u2018\u017diva istina\u2019 optu\u017eio pojedine medija i nevladine organizacije za pona\u0161anje koje je on okarakterisao kao fa\u0161izam, odnosno beskrupuloznu borbu za vlast.<\/p>\n<p>&#8220;Opasno je pravljenje kompromisa sa \u2018Vijestima\u2019 jer oni reketiraju. To su opasni centri maskirani u medije, \u010dije su metode fa\u0161isti\u010dke,&#8221; rekao je \u0110ukanovi\u0107, prenosi Antena M.<\/p>\n<p>Iz Mre\u017ee za afirmaciju nevladinog sektora (MANS) odgovoreno je da ovakve poruke \u201cpredstavljaju jasan poziv na lin\u010d i naro\u010dito su opasne jer dolaze od \u010dovjeka koji iz sjenke kontroli\u0161e klju\u010dne institucije sistema, ali i decenijama odr\u017eava veze sa kriminalnim miljeom\u201d.<\/p>\n<p>\u0110ukanovi\u0107 je rekao da se sa fa\u0161izmom ne mogu praviti kompromisi.<\/p>\n<p>&#8220;Neprofesionalnost, bilo da poti\u010de iz neznanja ili iz lo\u0161ih namjera je ne\u0161to \u0161to zaista karakteri\u0161e jedno takvo napadno politizovanje i pretvaranje medija u politi\u010dke partije koje se bore za vlast&#8230; U takvoj praksi vidim ne\u0161to \u0161to je fa\u0161izam, nije to pitanje o\u0161tre kritike. Sa fa\u0161izmom se ne mogu praviti kompromisi. Ja ih ne pravim. A pravi ih dosta ljudi, onih koji su pristali na pravila terora koja se diktiraju iz tih centara,&#8221; rekao je \u0110ukanovi\u0107.<\/p>\n<p>&#8220;Crna Gora se predstavlja, i u doma\u0107oj i u me\u0111unarodnoj javnosti, da je najgore mjesto na planeti za \u017eivot. Su\u0161tinska centrala nijesu opozicione partije, nego mediji koji koriste za svoje eksponente jedan dio crnogorskih opozicionih partija. Dio medija i dio NVO sektora beskrupulozno se bore za vlast, samo glume medije i nvo sektor a sve da bi mogli biti borci za inostrane donacije. \u0160to se mene ti\u010de ja nemam problem da to jasno kvalifikujem i to ne prvi put&#8221;, rekao je \u0110ukanovi\u0107, prenosi Antena M.<\/p>\n<p><a href=\"http:\/\/www.pcnen.com\/portal\/wp-content\/uploads\/2011\/12\/Vanja-Calovic-nakon-saslusanja-u-policiji.jpg\"><img loading=\"lazy\" decoding=\"async\" class=\" wp-image-70365 alignleft\" src=\"http:\/\/www.pcnen.com\/portal\/wp-content\/uploads\/2011\/12\/Vanja-Calovic-nakon-saslusanja-u-policiji-300x242.jpg\" alt=\"\" width=\"237\" height=\"191\" srcset=\"https:\/\/www.pcnen.com\/portal\/wp-content\/uploads\/2011\/12\/Vanja-Calovic-nakon-saslusanja-u-policiji-300x242.jpg 300w, https:\/\/www.pcnen.com\/portal\/wp-content\/uploads\/2011\/12\/Vanja-Calovic-nakon-saslusanja-u-policiji-235x189.jpg 235w, https:\/\/www.pcnen.com\/portal\/wp-content\/uploads\/2011\/12\/Vanja-Calovic-nakon-saslusanja-u-policiji-75x60.jpg 75w, https:\/\/www.pcnen.com\/portal\/wp-content\/uploads\/2011\/12\/Vanja-Calovic-nakon-saslusanja-u-policiji-350x282.jpg 350w, https:\/\/www.pcnen.com\/portal\/wp-content\/uploads\/2011\/12\/Vanja-Calovic-nakon-saslusanja-u-policiji-220x177.jpg 220w, https:\/\/www.pcnen.com\/portal\/wp-content\/uploads\/2011\/12\/Vanja-Calovic-nakon-saslusanja-u-policiji.jpg 365w\" sizes=\"(max-width: 237px) 100vw, 237px\" \/><\/a>Izvr\u0161na direktorka Mre\u017ee za afirmaciju nevladinog sektora (MANS) Vanja \u0106alovi\u0107 Markovi\u0107 je u saop\u0161tenju za javnost kazala da je \u0110ukanovi\u0107 \u201ci ranije javno pozivao na \u2018istrebljenje\u2019 svojih neistomi\u0161ljenika i kriti\u010dara iz nezavisnih medija i civilnog sektora, ali najnovije optu\u017ebe za fa\u0161izam pokazuju da Crna Gora klizi u otvorenu diktaturu\u201d.<\/p>\n<p>\u201cMANS nije slu\u010dajno meta \u0110ukanovi\u0107eve opasne retorike, jer smo upravo mi otkrili mehanizam kojim je omogu\u0107eno njegovom sinu da reketira gra\u0111ane koji su prinu\u0111eni da cijenu njegovog boga\u0107enja pla\u0107aju preko svojih ra\u010duna za struju. Zbog toga u slu\u010daju Bla\u017ea \u0110ukanovi\u0107a sina nije rije\u010d o preduzetni\u0161tvu, ve\u0107 o otvorenom parazitiranju na ra\u010dun gra\u0111ana Crne Gore\u201d, <a href=\"http:\/\/www.mans.co.me\/saopstenje-za-medije-povodom-optuzbi-mila-dukanovica\/\">poru\u010dila je izvr\u0161na direktorka MANS-a.<\/a><\/p>\n<p>Na \u0110ukanovi\u0107eve stavove o\u0161tro su reagovali iz opozicionih partija Gra\u0111anski pokret URA i Demokratska Crna Gora.<\/p>\n<p>\u201cAnahroni \u0110ukanovi\u0107 koji svakim danom djeluje sve tu\u017enije nikako da shvati da je 2018. godina i da u svakoj evropskoj zemlji postoje mediji i NVO \u010dija je obaveza da kritikuju lo\u0161e poteze vlasti, da objektivno i pravovremeno informi\u0161u javnost i da tako budu najbolji korektiv vlasti a ne da sri\u010du ode vje\u010ditom vo\u0111i\u201d, poru\u010dili su iz URA.<\/p>\n<p>Potpredsjednik Demokratske Crne Gore D\u017eenan Koli\u0107 je postavio upozoravaju\u0107a pitanja: \u201c\u0160ta je sve eventualno radio i \u0161ta bi \u0110ukanovi\u0107, koji va\u017ei za \u010dovjeka koji ima jake veze sa podzemljem, mogao uraditi onima koji mu, o\u010digledno, smetaju, kad ih javno nazva fa\u0161istima? \u0160ta su sve njegove slu\u017ebe radile ili \u0161ta bi mogle uraditi po njegovom nalogu novinarima i predstavnicima civilnog sektora koji se drznu da mu protivrje\u010de i da njegovu mantru koja vrije\u0111a slobodan um stave na probu logike, pravde i istine?&#8221;<\/p>\n","protected":false},"excerpt":{"rendered":"<p>&#8220;To su opasni centri maskirani u medije, \u010dije su metode fa\u0161isti\u010dke,&#8221; rekao je \u0110ukanovi\u0107<\/p>\n","protected":false},"author":1,"featured_media":0,"comment_status":"open","ping_status":"closed","sticky":false,"template":"","format":"standard","meta":{"_seopress_robots_primary_cat":"","_seopress_titles_title":"","_seopress_titles_desc":"","_seopress_robots_index":"","_et_pb_use_builder":"","_et_pb_old_content":"","_et_gb_content_width":"","inline_featured_image":false,"footnotes":""},"categories":[14,12],"tags":[],"class_list":["post-244824","post","type-post","status-publish","format-standard","hentry","category-vijesti","category-prica-dana"],"_links":{"self":[{"href":"https:\/\/www.pcnen.com\/portal\/wp-json\/wp\/v2\/posts\/244824","targetHints":{"allow":["GET"]}}],"collection":[{"href":"https:\/\/www.pcnen.com\/portal\/wp-json\/wp\/v2\/posts"}],"about":[{"href":"https:\/\/www.pcnen.com\/portal\/wp-json\/wp\/v2\/types\/post"}],"author":[{"embeddable":true,"href":"https:\/\/www.pcnen.com\/portal\/wp-json\/wp\/v2\/users\/1"}],"replies":[{"embeddable":true,"href":"https:\/\/www.pcnen.com\/portal\/wp-json\/wp\/v2\/comments?post=244824"}],"version-history":[{"count":0,"href":"https:\/\/www.pcnen.com\/portal\/wp-json\/wp\/v2\/posts\/244824\/revisions"}],"wp:attachment":[{"href":"https:\/\/www.pcnen.com\/portal\/wp-json\/wp\/v2\/media?parent=244824"}],"wp:term":[{"taxonomy":"category","embeddable":true,"href":"https:\/\/www.pcnen.com\/portal\/wp-json\/wp\/v2\/categories?post=244824"},{"taxonomy":"post_tag","embeddable":true,"href":"https:\/\/www.pcnen.com\/portal\/wp-json\/wp\/v2\/tags?post=244824"}],"curies":[{"name":"wp","href":"https:\/\/api.w.org\/{rel}","templated":true}]}}