{"id":243833,"date":"2018-03-26T10:24:27","date_gmt":"2018-03-26T08:24:27","guid":{"rendered":"http:\/\/www.pcnen.com\/portal\/?p=243833"},"modified":"2018-03-26T10:27:17","modified_gmt":"2018-03-26T08:27:17","slug":"hajdukovic-odustao-od-predsjednicke-kandidature","status":"publish","type":"post","link":"https:\/\/www.pcnen.com\/portal\/2018\/03\/26\/hajdukovic-odustao-od-predsjednicke-kandidature\/","title":{"rendered":"Hajdukovi\u0107 odustao od predsjedni\u010dke kandidature"},"content":{"rendered":"<p><a href=\"http:\/\/www.pcnen.com\/portal\/wp-content\/uploads\/2017\/04\/Dragan-Hajdukovic.jpg\"><img loading=\"lazy\" decoding=\"async\" src=\"http:\/\/www.pcnen.com\/portal\/wp-content\/uploads\/2017\/04\/Dragan-Hajdukovic-300x219.jpg\" alt=\"\" width=\"300\" height=\"219\" class=\"alignright size-medium wp-image-224667\" \/><\/a>Fizi\u010dar Dragan Hajdukovi\u0107 je kazao da se ne\u0107e kandidovati na predsjedni\u010dkim izborima.<\/p>\n<p>&#8220;Razlog nije odustajanje nego nedovoljan broj potpisa. Mojom eliminacijom sa zvani\u010dne liste kandidata, definitivno je izgubljena \u0161ansa da ovi izbori budu po\u010detak preporoda Crne Gore koja ostaje u dokazano lo\u0161im rukama profesionalnih politi\u010dara; umjesto dobra, i na ovim izborima \u0107e se birati manje zlo&#8221;, naveo je Hajdukovi\u0107 u saop\u0161tenju.<\/p>\n<p>Prema njegovim rije\u010dima, broj potpisa nije mjerilo podr\u0161ke njegovoj viziji razvoja Crne Gore.<\/p>\n<p>Hajdukovi\u0107 dodaje da drugi kandidati nijesu imali takvu spontanu i aktivnu podr\u0161ku nepoznatih ljudi, koji djeluju iz ljubavi prema Crnoj Gori sa \u017eeljom da Crna Gora postane kvalitetna dr\u017eava. <\/p>\n<p>Hajdukovi\u0107u nedostaje 2,8 hiljada potpisa.<\/p>\n","protected":false},"excerpt":{"rendered":"<p>Fizi\u010dar Dragan Hajdukovi\u0107 je kazao da se ne\u0107e kandidovati na predsjedni\u010dkim izborima. &#8220;Razlog nije odustajanje nego nedovoljan broj potpisa. Mojom eliminacijom sa zvani\u010dne liste kandidata, definitivno je izgubljena \u0161ansa da ovi izbori budu po\u010detak preporoda Crne Gore koja ostaje u dokazano lo\u0161im rukama profesionalnih politi\u010dara; umjesto dobra, i na ovim izborima \u0107e se birati manje [&hellip;]<\/p>\n","protected":false},"author":1,"featured_media":0,"comment_status":"open","ping_status":"closed","sticky":false,"template":"","format":"standard","meta":{"_seopress_robots_primary_cat":"","_seopress_titles_title":"","_seopress_titles_desc":"","_seopress_robots_index":"","_et_pb_use_builder":"","_et_pb_old_content":"","_et_gb_content_width":"","inline_featured_image":false,"footnotes":""},"categories":[14],"tags":[],"class_list":["post-243833","post","type-post","status-publish","format-standard","hentry","category-vijesti"],"_links":{"self":[{"href":"https:\/\/www.pcnen.com\/portal\/wp-json\/wp\/v2\/posts\/243833","targetHints":{"allow":["GET"]}}],"collection":[{"href":"https:\/\/www.pcnen.com\/portal\/wp-json\/wp\/v2\/posts"}],"about":[{"href":"https:\/\/www.pcnen.com\/portal\/wp-json\/wp\/v2\/types\/post"}],"author":[{"embeddable":true,"href":"https:\/\/www.pcnen.com\/portal\/wp-json\/wp\/v2\/users\/1"}],"replies":[{"embeddable":true,"href":"https:\/\/www.pcnen.com\/portal\/wp-json\/wp\/v2\/comments?post=243833"}],"version-history":[{"count":0,"href":"https:\/\/www.pcnen.com\/portal\/wp-json\/wp\/v2\/posts\/243833\/revisions"}],"wp:attachment":[{"href":"https:\/\/www.pcnen.com\/portal\/wp-json\/wp\/v2\/media?parent=243833"}],"wp:term":[{"taxonomy":"category","embeddable":true,"href":"https:\/\/www.pcnen.com\/portal\/wp-json\/wp\/v2\/categories?post=243833"},{"taxonomy":"post_tag","embeddable":true,"href":"https:\/\/www.pcnen.com\/portal\/wp-json\/wp\/v2\/tags?post=243833"}],"curies":[{"name":"wp","href":"https:\/\/api.w.org\/{rel}","templated":true}]}}