{"id":243567,"date":"2018-03-20T21:20:00","date_gmt":"2018-03-20T20:20:00","guid":{"rendered":"http:\/\/www.pcnen.com\/portal\/?p=243567"},"modified":"2018-03-20T21:20:00","modified_gmt":"2018-03-20T20:20:00","slug":"kosovo-od-24-marta-vazi-samo-pozivni-broj-383","status":"publish","type":"post","link":"https:\/\/www.pcnen.com\/portal\/2018\/03\/20\/kosovo-od-24-marta-vazi-samo-pozivni-broj-383\/","title":{"rendered":"Kosovo: Od 24. marta va\u017ei samo pozivni broj 383"},"content":{"rendered":"<p><a href=\"http:\/\/www.pcnen.com\/portal\/wp-content\/uploads\/2016\/07\/kosovo-srbija-granica.jpg\"><img loading=\"lazy\" decoding=\"async\" src=\"http:\/\/www.pcnen.com\/portal\/wp-content\/uploads\/2016\/07\/kosovo-srbija-granica-300x212.jpg\" alt=\"\" width=\"300\" height=\"212\" class=\"aligncenter size-medium wp-image-209684\" \/><\/a>Telekom Kosova saop\u0161tio je danas da se od 24. marta na Kosovu ne\u0107e koristiti me\u0111unarodni pozivni broj 381 Srbije, 386 Slovenije i 377 Monaka, ve\u0107 samo 383, koji je dodijeljen Kosovu, prema dogovorima Beograda i Pri\u0161tine.<\/p>\n<p>\u201eSporazumom o telekomunikaciji koji je postignut u Briselu izme\u0111u Kosova i Srbije, uz posredovanje EU, je omogu\u0107io da ITU odredi Kosovu me\u0111unarodni pozivni broj 383, utvr\u0111uju\u0107i da je Regulatorni autoritet za elektronske i po\u0161tanske komunikacije Kosova (AKREP) jedini administrator koji mo\u017ee da komunicira i koordini\u0161e adekvatne aktivnosti sa ITU\u201c, navodi se u saop\u0161tenju, prenosi Beta.<\/p>\n<p>Prema ovom sporazumu, 383 je jedini me\u0111unarodni pozivni broj koji \u0107e se koristiti na Kosovu.<\/p>\n<p>Prema istom sporazumu, na Kosovu \u0107e biti omogu\u0107en neometan rad \u201eTelekoma Srbije\u201c a MTS \u0107e dobiti i privremenu dozvolu za mobilnu telefoniju koja treba da bude registrovana prema zakonima Kosova.<\/p>\n<p>Dodjeljivanjem Kosovu pozivnog broja 383, svi me\u0111unarodni pozivni brojevi koje koriste fiksni i mobilni provajderi na Kosovu \u2013 381, 377, 386 ne\u0107e vi\u0161e biti kori\u0161\u0107eni na Kosovu.<\/p>\n","protected":false},"excerpt":{"rendered":"<p>Telekom Kosova saop\u0161tio je danas da se od 24. marta na Kosovu ne\u0107e koristiti me\u0111unarodni pozivni broj 381 Srbije, 386 Slovenije i 377 Monaka, ve\u0107 samo 383, koji je dodijeljen Kosovu, prema dogovorima Beograda i Pri\u0161tine. \u201eSporazumom o telekomunikaciji koji je postignut u Briselu izme\u0111u Kosova i Srbije, uz posredovanje EU, je omogu\u0107io da ITU [&hellip;]<\/p>\n","protected":false},"author":1,"featured_media":0,"comment_status":"open","ping_status":"closed","sticky":false,"template":"","format":"standard","meta":{"_seopress_robots_primary_cat":"","_seopress_titles_title":"","_seopress_titles_desc":"","_seopress_robots_index":"","_et_pb_use_builder":"","_et_pb_old_content":"","_et_gb_content_width":"","inline_featured_image":false,"footnotes":""},"categories":[14],"tags":[],"class_list":["post-243567","post","type-post","status-publish","format-standard","hentry","category-vijesti"],"_links":{"self":[{"href":"https:\/\/www.pcnen.com\/portal\/wp-json\/wp\/v2\/posts\/243567","targetHints":{"allow":["GET"]}}],"collection":[{"href":"https:\/\/www.pcnen.com\/portal\/wp-json\/wp\/v2\/posts"}],"about":[{"href":"https:\/\/www.pcnen.com\/portal\/wp-json\/wp\/v2\/types\/post"}],"author":[{"embeddable":true,"href":"https:\/\/www.pcnen.com\/portal\/wp-json\/wp\/v2\/users\/1"}],"replies":[{"embeddable":true,"href":"https:\/\/www.pcnen.com\/portal\/wp-json\/wp\/v2\/comments?post=243567"}],"version-history":[{"count":0,"href":"https:\/\/www.pcnen.com\/portal\/wp-json\/wp\/v2\/posts\/243567\/revisions"}],"wp:attachment":[{"href":"https:\/\/www.pcnen.com\/portal\/wp-json\/wp\/v2\/media?parent=243567"}],"wp:term":[{"taxonomy":"category","embeddable":true,"href":"https:\/\/www.pcnen.com\/portal\/wp-json\/wp\/v2\/categories?post=243567"},{"taxonomy":"post_tag","embeddable":true,"href":"https:\/\/www.pcnen.com\/portal\/wp-json\/wp\/v2\/tags?post=243567"}],"curies":[{"name":"wp","href":"https:\/\/api.w.org\/{rel}","templated":true}]}}