{"id":242964,"date":"2018-03-11T08:30:18","date_gmt":"2018-03-11T07:30:18","guid":{"rendered":"http:\/\/www.pcnen.com\/portal\/?p=242964"},"modified":"2018-03-11T08:30:18","modified_gmt":"2018-03-11T07:30:18","slug":"izdaja","status":"publish","type":"post","link":"https:\/\/www.pcnen.com\/portal\/2018\/03\/11\/izdaja\/","title":{"rendered":"Izdaja"},"content":{"rendered":"<p><strong>Pi\u0161e: Tomislav JAKI\u0106<\/strong><\/p>\n<p><a href=\"http:\/\/www.pcnen.com\/portal\/wp-content\/uploads\/2014\/04\/Tomislav-Jakic.jpg\"><img loading=\"lazy\" decoding=\"async\" class=\"alignleft size-medium wp-image-142889\" src=\"http:\/\/www.pcnen.com\/portal\/wp-content\/uploads\/2014\/04\/Tomislav-Jakic-300x218.jpg\" alt=\"\" width=\"300\" height=\"218\" \/><\/a>Zaklju\u010dci i preporuke famoznog Povjerenstva za suo\u010davanje s posljedicama vladavine nedemokratskih re\u017eima, mogu se \u2013 ali i moraju \u2013 ocijeniti samo jednom, jedinom rije\u010dju: izdaja! \u010cega? Pa, najkra\u0107e re\u010deno, one i onakve Hrvatske za koju se godine 1990. opredijelila ve\u0107ina njezinih gra\u0111ana, a u godinama nakon toga i najve\u0107i broj branitelja. Rije\u010dju: izdaja demokratske, evropske, civilizirane i na antifa\u0161izmu zasnovane Hrvatske, ali izdaja i goleme ve\u0107ine onih zahvaljuju\u0107i \u010dijim glasovima su rezultati izbora godine 1990. bili takvi, kakvi su bili.<\/p>\n<p>Da, ljudi su htjeli promjene, na izborima \u2013 samo promjene, a tek kasnije, na referendumu, i neovisnost, odnosno istupanje Hrvatske iz jugoslavenske federacije. Je li itko, bilo na izborima, bilo na referendumu najavljivao Hrvatsku u kojoj \u0107e, u vidu pretvorbe i privatizacije, biti slomljena ki\u010dma njezinoga gospodarstva i \u0161irom otvorena vrata stranom kapitalu kojemu \u2013 po prirodi stvari \u2013 nije na umu dobrobit Hrvatske, nego vlastiti profit? Nitko!<\/p>\n<p>Je li itko, makar samo u naznakama, najavljivao izjedna\u010davanje \u2013 u zlu \u2013 fa\u0161izma i antifa\u0161izma \u0161to su ga ovdje vodili komunisti? Nitko!<\/p>\n<p>Je li se tada, davnih devedesetih godina pro\u0161loga stolje\u0107a, itko od onih koji su bili relevantni na politi\u010dkoj sceni, usu\u0111ivao i samo pomisliti na to da gra\u0111anima prizna kako je njihov krajnji cilj stvaranje Hrvatske \u0161to \u0107e, ako ne formalno, a ono stvarno biti oslonjena na idejne zasade usta\u0161kog re\u017eima, vjernog i poslu\u0161nog sluge fa\u0161izma i nacizma, para-dr\u017eave koja \u0107e svoju vjernost pora\u017eenome i fa\u0161izmu i nacizmu, dokazivati i nastavljanjem rata nakon bezuvjetne kapitulacije Tre\u0107ega Reicha (dok je Italija ve\u0107 zbacila fa\u0161izam i pre\u0161la na stranu Saveznika)? Nitko!<\/p>\n<p>Je li itko, osim \u0161a\u010dice konspiratora, \u0161to ovda\u0161njih, \u0161to onih pristiglih iz inozemstva (sa \u017earkom \u017eeljom da napokon pobijede u ratu \u0161to su ga jednom davno izgubili), znao da je osamostaljivanje Hrvatske u izravnoj funkciji njezinoga politi\u010dkog, svjetonazorskog, gospodarskog, demografskog i op\u0107eg nazadovanja, a ne u funkciji stvaranja boljih uvjeta za \u017eivot svih (da: svih!) njezinih gra\u0111ana? Naravno da nije i upravo zato klju\u010dni zaklju\u010dci spomenutoga povjerenstva i jesu izdaja. Jer, oni, mada to nije re\u010deno tim rije\u010dima, uskrsavaju usta\u0161ku, fa\u0161isti\u010dku Hrvatsku i istodobno demoniziraju antifa\u0161izam i jugoslavenski socijalizam \u0161to je iz njega proiza\u0161ao. Ti zaklju\u010dci protuustavni usta\u0161ki pozdrav \u201cZa dom \u2013 spremni\u201d progla\u0161avaju prihvatljivim u odre\u0111enim uvjetima, naime kada je rije\u010d o odavanju po\u010dasti poginulim borcima HOS-a, dok odlu\u010divanje o tome je li isticanje crvene zvijezde petokrake u funkciji afirmiranja antifa\u0161isti\u010dke borbe iz 2. svjetskog rata, ili pak glorificiranja re\u017eima od 1945. do 1990. \u0161to ga se ve\u0107 uobi\u010dajilo nazivati zlo\u010dina\u010dkim, prepu\u0161ta od slu\u010daja do slu\u010daja individualnim sucima.<\/p>\n<p>Izdali su ti \u201cmudraci\u201d \u010dak i prvog hrvatskog predsjednika, Franju Tu\u0111mana. Prave se kao da su zaboravili da je HOS bio paravojna formacija, vojska jedne neskriveno desne profa\u0161isti\u010dke stranke, da bi tek nakon Tu\u0111manovog obra\u010duna s njome (top pred sjedi\u0161tem stranke usred Zagreba) bila uklju\u010dena u redovne hrvatske vojne snage.<\/p>\n<p>Ne\u0107e se oni sjetiti ni javnih Tu\u0111manovih izjava (pred TV kamerama) kako su crne odore s oznakom na kojoj je pisalo \u201cZa dom \u2013 spremni\u201d bile nametnute nekim \u201dfanatiziranim Hrvatima\u201d i kako je HOS, takav kakav je bio \u2013 bio glavna prepreka za me\u0111unarodno priznanje Hrvatske. Sve ono \u0161to je Tu\u0111man ranije pisao i govorio o Narodno-oslobodila\u010dkom ratu, o antifa\u0161izmu i o mar\u0161alu Titu, ne\u0107emo ni spominjati. Dakle, izdali su i\u00a0 njega, mada se u njega kunu i proklinju \u201cdo desetog koljena\u201d sve koji su se ikada usudili razotkriti re\u017eim iz vremena Tu\u0111mana kao objektivno jednostrana\u010dki, autoritaran, nedemokratski i \u201cumo\u010den do grla\u201d u planove prekrajanja susjedne, me\u0111unarodno priznate BiH, u projekte etni\u010dkog \u010di\u0161\u0107enja i u prikrivanje i neka\u017enjavanje ratnih zlo\u010dina kojih je dokazano bilo (i) na hrvatskoj strani.<\/p>\n<p>Izdali su hrvatsku znanost i instituciju u kojoj bi trebala biti okupljena krema hrvatske intelektualne, umjetni\u010dke i znanstvene elite. Za\u0161to? Pa zato \u0161to je povjerenstvom predsjedao i njegove zaklju\u010dke i preporuke ponosno prezentirao javnosti predsjednik Hrvatske akademije znanosti i umjetnosti, \u010dine\u0107i Akademiju (koju njezin osniva\u010d, biskup Strossmayer, nije zamislio kao nacionalnu, nego kao ju\u017eno-slavensku), sudionikom u zlo\u010dinu (upravo tako: zlo\u010dinu) povijesnog revizionizma, po\u0161asti \u0161to se sve vi\u0161e \u0161iri Evropom.<\/p>\n<p>Izdali su mlade generacije, osudiv\u0161i ih na \u017eivot u neznanju, ne gube\u0107i \u2013 pri osudi totalitarnih re\u017eima, fa\u0161izma i komunizma, \u0161to su ih bezrezervno izjedna\u010dili &#8211; ni rije\u010di na to da objasne kako u Jugoslaviji nije bio komunizam (kao uostalom i nigdje u svijetu), nego socijalizam i kako se taj jugoslavenski socijalizam \u2013 sa svim svojim manama i proma\u0161ajima &#8211; bitno razlikovao, u pozitivnom smislu, od onoga \u0161to se nazivalo realnim socijalizmom u Sovjetskom Savezu i zemljama tzv. lagera.<\/p>\n<p>Pa naravno ni rije\u010di nisu rekli o tome da je jugoslavenski socijalisti\u010dki poredak (s iznimkom prvih nekoliko godina) bio otvoren i sve otvoreniji prema svijetu, a \u017eivotni standard takav da bi rijetki turisti iz isto\u010dne Evrope koji su uspjeli do\u0107i ovamo, u Hrvatsku u prvome redu, govorili da je Jugoslavija za njih \u2013 Amerika. Umjesto toga mladi \u0107e slu\u0161ati o zabranama pjesama, o verbalnom deliktu, o obra\u010dunu s politi\u010dkim neistomi\u0161ljenicima (koji je po re\u017eimu frapantno podsje\u0107ao na ameri\u010dki zatvor u vojnoj bazi Guantanamo, gdje SAD, u boljim uvjetima dodu\u0161e, bez suda na neodre\u0111eni rok dr\u017ee ljude osumnji\u010dene da su teroristi).<\/p>\n<p>Izdali su istinu, prihva\u0107aju\u0107i postati instrumentom onih koji sada gr\u010devito poku\u0161avaju dovr\u0161iti i zaokru\u017eiti projekt \u0161to su ga zapo\u010deli 1990., a koji je grubo, mada ne i potpuno, prekinut parlamentarnim i predsjedni\u010dkim izborima 2000., da bi u narednom desetlje\u0107u bili stvoreni uvjeti za ulazak Hrvatske u Evropsku uniju i u NATO, te za po\u010detak istinske demokratizacije zemlje i suo\u010davanje s pro\u0161lo\u0161\u0107u, uklju\u010duju\u0107i njezine tamne strane. Od toga po\u010detka, na \u017ealost, nismo daleko odmakli, ali sve ubrzanije tonemo u mra\u010dnu pro\u0161lost koju nam \u017eele prikazati i nametnuti kao svijetlu (i jedinu) budu\u0107nost.<\/p>\n<p>Izdali su zdrav razum koji svakome normalom \u010dovjeku ka\u017ee da se sloboda mi\u0161ljenja i promi\u0161ljanja niti mo\u017ee, niti smije ograni\u010davati zaklju\u010dcima, preporukama ili deklaracijama bilo pojedinaca, bilo institucija (\u0161to nikako ne zna\u010di da zakon ne mo\u017ee, u interesu demokratskog dru\u0161tva, neke stvari zabranjivati).<\/p>\n<p>Napokon, izdali su sve borce Narodno-oslobodila\u010dkog rata, sve \u017ertve fa\u0161izma i sve istinske antifa\u0161iste, bilo tada\u0161nje, bilo dana\u0161nje. Izdali su Hrvatsku i njezinu budu\u0107nost. I treba li jo\u0161 i\u0161ta re\u0107i?<\/p>\n<p><a href=\"http:\/\/www.forum.tm\/vijesti\/izdaja-6489\">Forum<\/a>\/<em>Glasa antifa\u0161ista<\/em><\/p>\n","protected":false},"excerpt":{"rendered":"<p>Zaklju\u010dci Povjerenstva su izdaja, jer uskrsavaju usta\u0161ku, fa\u0161isti\u010dku Hrvatsku i istodobno demoniziraju antifa\u0161izam i jugoslavenski socijalizam \u0161to je iz njega proiza\u0161ao, dok protuustavni usta\u0161ki pozdrav \u201cZa dom \u2013 spremni\u201d progla\u0161avaju prihvatljivim u odre\u0111enim uvjetima, kada je rije\u010d o odavanju po\u010dasti poginulim borcima HOS-a<\/p>\n","protected":false},"author":1,"featured_media":0,"comment_status":"open","ping_status":"closed","sticky":false,"template":"","format":"standard","meta":{"_seopress_robots_primary_cat":"","_seopress_titles_title":"","_seopress_titles_desc":"","_seopress_robots_index":"","_et_pb_use_builder":"","_et_pb_old_content":"","_et_gb_content_width":"","inline_featured_image":false,"footnotes":""},"categories":[5],"tags":[],"class_list":["post-242964","post","type-post","status-publish","format-standard","hentry","category-drugi-pisu"],"_links":{"self":[{"href":"https:\/\/www.pcnen.com\/portal\/wp-json\/wp\/v2\/posts\/242964","targetHints":{"allow":["GET"]}}],"collection":[{"href":"https:\/\/www.pcnen.com\/portal\/wp-json\/wp\/v2\/posts"}],"about":[{"href":"https:\/\/www.pcnen.com\/portal\/wp-json\/wp\/v2\/types\/post"}],"author":[{"embeddable":true,"href":"https:\/\/www.pcnen.com\/portal\/wp-json\/wp\/v2\/users\/1"}],"replies":[{"embeddable":true,"href":"https:\/\/www.pcnen.com\/portal\/wp-json\/wp\/v2\/comments?post=242964"}],"version-history":[{"count":0,"href":"https:\/\/www.pcnen.com\/portal\/wp-json\/wp\/v2\/posts\/242964\/revisions"}],"wp:attachment":[{"href":"https:\/\/www.pcnen.com\/portal\/wp-json\/wp\/v2\/media?parent=242964"}],"wp:term":[{"taxonomy":"category","embeddable":true,"href":"https:\/\/www.pcnen.com\/portal\/wp-json\/wp\/v2\/categories?post=242964"},{"taxonomy":"post_tag","embeddable":true,"href":"https:\/\/www.pcnen.com\/portal\/wp-json\/wp\/v2\/tags?post=242964"}],"curies":[{"name":"wp","href":"https:\/\/api.w.org\/{rel}","templated":true}]}}