{"id":242740,"date":"2018-03-08T07:00:36","date_gmt":"2018-03-08T06:00:36","guid":{"rendered":"http:\/\/www.pcnen.com\/portal\/?p=242740"},"modified":"2018-03-07T08:16:26","modified_gmt":"2018-03-07T07:16:26","slug":"kako-nas-drugi-cuju","status":"publish","type":"post","link":"https:\/\/www.pcnen.com\/portal\/2018\/03\/08\/kako-nas-drugi-cuju\/","title":{"rendered":"Kako nas drugi \u010duju"},"content":{"rendered":"<p><a href=\"http:\/\/www.pcnen.com\/portal\/wp-content\/uploads\/2012\/12\/razgovor.jpg\"><img loading=\"lazy\" decoding=\"async\" src=\"http:\/\/www.pcnen.com\/portal\/wp-content\/uploads\/2012\/12\/razgovor.jpg\" alt=\"\" width=\"225\" height=\"224\" class=\"alignleft size-full wp-image-100247\" \/><\/a>Kada prvi put \u010dujemo svoj glas na snimku, prva reakcija je uglavnom &#8211; \u201cNe, to nisam ja\u201d. Ne dopada nam se, jer ga ne prepoznajemo i ne ose\u0107amo bliskost. Drugi korak je obi\u010dno poku\u0161aj da sve \u201csvalimo\u201d na lo\u0161u tehniku, jer ne mo\u017eemo da verujemo da je na\u0161 glas toliko visok. Me\u0111utim, kako stvari zapravo stoje? Da li je na\u0161 glas onakav kakvim ga mi percipiramo ili onakav kakav se otkrije na snimku, a mi mislimo da je samo na\u0161a lo\u0161ija verzija? Nau\u010dnik Jejl Koen sa Univerziteta u Pensilvaniji ka\u017ee da je snimljeni glas \u201cslika i prilika\u201d na\u0161eg glasa i da nas drugi ljudi ba\u0161 tako percipiraju.<\/p>\n<p>&#8211; Me\u0111utim, tri ko\u0161\u010dice &#8211; \u010deki\u0107, nakovanj i stremen, sme\u0161tene u srednjem uhu, odgovorne su za disbalans izme\u0111u onoga kako nam se \u010dini da zvu\u010dimo i onoga kako nas drugi \u010duju &#8211; ka\u017ee Koen. &#8211; Svaki put kada osete zvuk, ko\u0161\u010dice malo zavibriraju, pa nam sopstveni glas zvu\u010di glasno, jer su usta i u\u0161i blizu, pa ko\u0161\u010dice ja\u010de vibriraju dok govorimo. Zbog toga svoj glas pogre\u0161no percipiramo kao da je dublji, a snimljeni nam je vi\u0161i nego onaj na koji smo navikli dok govorimo.<\/p>\n<p>Snimak, dakle, ne prate vibracije koje postoje dok slu\u0161amo sami sebe kada pri\u010damo u\u017eivo, pa nam zvu\u010di neskladno. Nama na\u0161 glas dolazi iznutra, a bilo \u010diji drugi spolja, pa se zvu\u010dni talasi druga\u010dije prelamaju. Stru\u010dnjaci ka\u017eu da se oni koji svoj glas \u010desto \u010duju, muzi\u010dari, radijski ili TV voditelji, naviknu na tu razliku u visini tona. Ona i dalje postoji, ali menja se \u010dovekova reakcija, jer mozak procesuira i interpretira zvuk. Sli\u010dno se de\u0161ava i sa odrazom u ogledalu. Dok smo na slikama i snimcima sebi \u010desto ru\u017eni ili manje lepi, kada se gledamo u ogledalo nemamo tu odbojnost prema onome \u0161to vidimo, jer smo se navikli na tu sliku.<\/p>\n<p>&#8211; Su\u0161tina je u tome da ose\u0107amo prisnost kada se gledamo u ogledalu, a iz svake prisnosti se ra\u0111a dopadanje &#8211; obja\u0161njava Pamela Ratled\u017e, direktorka ameri\u010dkog psiholo\u0161kog centra.<\/p>\n","protected":false},"excerpt":{"rendered":"<p>Nau\u010dnik Jejl Koen ka\u017ee da je snimljeni glas \u201cslika i prilika\u201d na\u0161eg glasa i da nas drugi ljudi ba\u0161 tako percipiraju<\/p>\n","protected":false},"author":1,"featured_media":0,"comment_status":"open","ping_status":"closed","sticky":false,"template":"","format":"standard","meta":{"_seopress_robots_primary_cat":"","_seopress_titles_title":"","_seopress_titles_desc":"","_seopress_robots_index":"","_et_pb_use_builder":"","_et_pb_old_content":"","_et_gb_content_width":"","inline_featured_image":false,"footnotes":""},"categories":[8],"tags":[],"class_list":["post-242740","post","type-post","status-publish","format-standard","hentry","category-svastara"],"_links":{"self":[{"href":"https:\/\/www.pcnen.com\/portal\/wp-json\/wp\/v2\/posts\/242740","targetHints":{"allow":["GET"]}}],"collection":[{"href":"https:\/\/www.pcnen.com\/portal\/wp-json\/wp\/v2\/posts"}],"about":[{"href":"https:\/\/www.pcnen.com\/portal\/wp-json\/wp\/v2\/types\/post"}],"author":[{"embeddable":true,"href":"https:\/\/www.pcnen.com\/portal\/wp-json\/wp\/v2\/users\/1"}],"replies":[{"embeddable":true,"href":"https:\/\/www.pcnen.com\/portal\/wp-json\/wp\/v2\/comments?post=242740"}],"version-history":[{"count":0,"href":"https:\/\/www.pcnen.com\/portal\/wp-json\/wp\/v2\/posts\/242740\/revisions"}],"wp:attachment":[{"href":"https:\/\/www.pcnen.com\/portal\/wp-json\/wp\/v2\/media?parent=242740"}],"wp:term":[{"taxonomy":"category","embeddable":true,"href":"https:\/\/www.pcnen.com\/portal\/wp-json\/wp\/v2\/categories?post=242740"},{"taxonomy":"post_tag","embeddable":true,"href":"https:\/\/www.pcnen.com\/portal\/wp-json\/wp\/v2\/tags?post=242740"}],"curies":[{"name":"wp","href":"https:\/\/api.w.org\/{rel}","templated":true}]}}