{"id":242681,"date":"2018-03-06T07:00:13","date_gmt":"2018-03-06T06:00:13","guid":{"rendered":"http:\/\/www.pcnen.com\/portal\/?p=242681"},"modified":"2018-03-05T23:23:09","modified_gmt":"2018-03-05T22:23:09","slug":"zaklali-smo-vola","status":"publish","type":"post","link":"https:\/\/www.pcnen.com\/portal\/2018\/03\/06\/zaklali-smo-vola\/","title":{"rendered":"Zaklali smo vola"},"content":{"rendered":"<p><strong><a href=\"http:\/\/www.pcnen.com\/portal\/wp-content\/uploads\/2015\/08\/Dejan-Ilic.jpg\"><img loading=\"lazy\" decoding=\"async\" class=\"alignleft size-medium wp-image-186424\" src=\"http:\/\/www.pcnen.com\/portal\/wp-content\/uploads\/2015\/08\/Dejan-Ilic-300x224.jpg\" alt=\"\" width=\"300\" height=\"224\" \/><\/a>Pi\u0161e: Dejan Ili\u0107\u00a0<\/strong><\/p>\n<p>Pogre\u0161io sam. U pravu su bili istra\u017eiva\u010di javnog mnjenja. Sumnjao sam u rezultate njihovih istra\u017eivanja, a onda su oni redom potvr\u0111eni na dan izbora. Re\u017eim je odneo ubedljivu pobedu u Beogradu. Opozicija je prakti\u010dno do nogu potu\u010dena. Procenti lista na \u010dijem su \u010delu bili Dragan \u0110ilas i Aleksandar \u0160api\u0107 ne mogu kompenzovati o\u010dajan u\u010dinak liste koalicije oko Demokratske stranke. Bilo bi dobro da ovo, posle \u0161est godina, bude kona\u010dna ta\u010dka pada te stranke. Ali, nema garancija za to. Pisati sada sve isto \u0161to se pisalo od 2012. nadalje nema nikakvog smisla. Pri\u010da o izvla\u010denju pouka iz svakog novog poraza odavno odjekuje \u0161uplje: \u0161ta god da je izvu\u010deno iz prethodnog poraza, nije spre\u010dilo novi poraz.<\/p>\n<p>Ni lista opozicionih pokreta nema razloga da slavi. Ne\u0161to sli\u010dno ve\u0107 smo gledali na nedavnim predsedni\u010dkim izborima. Tada je Sa\u0161a Jankovi\u0107, \u010dinilo se, imao ubedljiv politi\u010dki start. Ali, od tada\u0161njih 16 odsto, zajedno sa \u0110ilasom i Vukom Jeremi\u0107em, on danas u Beogradu dobacuje do 18. Mo\u017eda bi Aleksandar \u0160api\u0107 mogao biti zadovoljan. Sa svojim pristalicama, prakti\u010dno i bez stranke i bez pokreta, on je ubedljivo pre\u0161ao cenzus. Ali, njegov uspeh samo je potvrda politi\u010dkih anomalija doma\u0107eg demokratskog poretka. Ideologija, politi\u010dka stranka, jasan cilj, odbrana demokratije i \u010duvanje sloboda, sve to danas i ovde ne zna\u010di ni\u0161ta. Kao predsednik jedne op\u0161tine, \u0160api\u0107 ima daleko ve\u0107u te\u017einu od bilo kakve demokratske ideje.<\/p>\n<p>Obja\u0161njavati ovaj te\u0161ki poraz opozicije ili ubedljivu pobedu re\u017eima izbornim kra\u0111ama, nefer uslovima, nedostatkom demokratije \u2013 ne deluje uverljivo. Svaki gra\u0111anin Beograda imao je priliku da se li\u010dno uveri u to. I na izborima su gra\u0111ani u ve\u0107ini rekli \u2013 to nama ne smeta. Ovde nije re\u010d o nijansama, stvari su zaista crno-bele. Ne mo\u017eemo se razilaziti u tuma\u010denjima, pa re\u0107i \u2013 ja sve to vidim na jedan na\u010din, dok neko drugi na to gleda ne\u0161to druga\u010dije i otuda razlike u politi\u010dkim izborima koje pravimo. U pitanju su zaista elementarne demokratske vrednosti i oko toga ne mo\u017ee biti spora. To je o\u010digledna \u010dinjenica. I na tu o\u010diglednu \u010dinjenicu Beogra\u0111ani su odgovorili pristankom. Nije u Beogradu moglo biti pritiska kao \u0161to ga je bilo, recimo, u Pe\u0107incima. Ovo je bila slobodna odluka stanovnika glavnog grada.<\/p>\n<p>To treba imati na umu kada se jednom budemo osvrtali na period vladavine Aleksandra Vu\u010di\u0107a. Pri\u010dati tada, iz tog ugla naknadne pameti, da se radilo o strahovladi \u2013 naprosto ne\u0107e biti ta\u010dno. Re\u0107i da su ljudi bili prevareni, izigrani \u2013 zna\u010di tretirati ih kao ovce, kao maloumne, kao nesposobne da samostalno moralno i politi\u010dki rasu\u0111uju i donose odluke. Ni\u0161ta od toga nije ta\u010dno. Ljudi znaju da nelegitimni predsednik Srbije la\u017ee \u2013 i glasaju za njega, jer nemaju problem s tim da ih neko la\u017ee. Nemaju problem s tim da neko uzurpira sve resurse dr\u017eave u privatne, sebi\u010dne svrhe, dok god postoji nada da \u0107e i do njih sti\u0107i ako ne komad, a onda bar mrvice tog kola\u010da.<\/p>\n<p>Na ovim izborima, utisak je, Demokratska stranka je kona\u010dno i brutalno ka\u017enjena. Ali, to je pogre\u0161an utisak. Biv\u0161i predsednik Demokratske stranke i nekada\u0161nji gradona\u010delnik Beograda, ako sledimo isti princip, tako\u0111e je morao biti ka\u017enjen. Nema razlike izme\u0111u njega i njegove biv\u0161e stranke \u2013 oni nose podjednaki teret politi\u010dke odgovornosti. A opet, samo je stranka ka\u017enjena. \u010cime je to \u0110ilas zaslu\u017eio oprost od glasa\u010da? Mo\u017eemo da naga\u0111amo, dok se neki ozbiljni sociolozi, ako takvih ovde jo\u0161 ima, ne pozabave podrobnije tim pitanjem. Mo\u017eda on fascinira svoje pristalice ne kao politi\u010dar nego kao uspe\u0161ni poslovni \u010dovek. Po analogiji sa relativnim uspehom \u0160api\u0107a, reklo bi se da \u0110ilas bira\u010de nije privukao politi\u010dkim idejama nego resursima kojima raspola\u017ee.<\/p>\n<p>Ovi izbori nam jasno sugeri\u0161u da se politika u Srbiji vi\u0161e ne ti\u010de politike \u2013 u smislu dogovaranja ili sklapanja aran\u017emana o tome kako \u0107emo \u017eiveti zajedno \u2013 nego banalne raspodele. Glasa\u0107u za onoga za koga verujem da ima ne\u0161to konkretno, dakle materijalno da mi d\u00e2, bez obzira na ta da li sam tu milostinju ili poklon zaslu\u017eio ili ne \u2013 kao da razmi\u0161lja bira\u010d u Srbiji. Na kraju, i to je svojevrsna politi\u010dka odluka. Njene posledice su pogubne, ali na tome od sada, posle zavr\u0161enih izbora, treba jo\u0161 vi\u0161e insistirati \u2013 tu odluku smo doneli slobodno, svojom voljom smo odlu\u010dili da se odreknemo svakog prava na demokratsku samovladavinu. Treba to re\u0107i brutalno \u2013 zaklali smo vola za kilo mesa, a i od te jadne kile mesa ne\u0107emo videti ni grama.<\/p>\n<p><a href=\"https:\/\/pescanik.net\/zaklali-smo-vola\/\">Pe\u0161\u010danik.net<\/a><\/p>\n","protected":false},"excerpt":{"rendered":"<p>Re\u017eim je odneo ubedljivu pobedu u Beogradu. Opozicija je prakti\u010dno do nogu potu\u010dena. Procenti lista na \u010dijem su \u010delu bili Dragan \u0110ilas i Aleksandar \u0160api\u0107 ne mogu kompenzovati o\u010dajan u\u010dinak liste koalicije oko Demokratske stranke<\/p>\n","protected":false},"author":1,"featured_media":0,"comment_status":"open","ping_status":"closed","sticky":false,"template":"","format":"standard","meta":{"_seopress_robots_primary_cat":"","_seopress_titles_title":"","_seopress_titles_desc":"","_seopress_robots_index":"","_et_pb_use_builder":"","_et_pb_old_content":"","_et_gb_content_width":"","inline_featured_image":false,"footnotes":""},"categories":[5],"tags":[],"class_list":["post-242681","post","type-post","status-publish","format-standard","hentry","category-drugi-pisu"],"_links":{"self":[{"href":"https:\/\/www.pcnen.com\/portal\/wp-json\/wp\/v2\/posts\/242681","targetHints":{"allow":["GET"]}}],"collection":[{"href":"https:\/\/www.pcnen.com\/portal\/wp-json\/wp\/v2\/posts"}],"about":[{"href":"https:\/\/www.pcnen.com\/portal\/wp-json\/wp\/v2\/types\/post"}],"author":[{"embeddable":true,"href":"https:\/\/www.pcnen.com\/portal\/wp-json\/wp\/v2\/users\/1"}],"replies":[{"embeddable":true,"href":"https:\/\/www.pcnen.com\/portal\/wp-json\/wp\/v2\/comments?post=242681"}],"version-history":[{"count":0,"href":"https:\/\/www.pcnen.com\/portal\/wp-json\/wp\/v2\/posts\/242681\/revisions"}],"wp:attachment":[{"href":"https:\/\/www.pcnen.com\/portal\/wp-json\/wp\/v2\/media?parent=242681"}],"wp:term":[{"taxonomy":"category","embeddable":true,"href":"https:\/\/www.pcnen.com\/portal\/wp-json\/wp\/v2\/categories?post=242681"},{"taxonomy":"post_tag","embeddable":true,"href":"https:\/\/www.pcnen.com\/portal\/wp-json\/wp\/v2\/tags?post=242681"}],"curies":[{"name":"wp","href":"https:\/\/api.w.org\/{rel}","templated":true}]}}