{"id":241839,"date":"2018-02-22T09:45:17","date_gmt":"2018-02-22T08:45:17","guid":{"rendered":"http:\/\/www.pcnen.com\/portal\/?p=241839"},"modified":"2019-10-09T23:21:45","modified_gmt":"2019-10-09T21:21:45","slug":"samoubica-i-americka-ambasada","status":"publish","type":"post","link":"https:\/\/www.pcnen.com\/portal\/2018\/02\/22\/samoubica-i-americka-ambasada\/","title":{"rendered":"Samoubica i ameri\u010dka ambasada"},"content":{"rendered":"<p>Sino\u0107 je ba\u010dena bomba na ameri\u010dku ambasadu i to je glavna vijest u Crnoj Gori. Jutros dok ovo pi\u0161em spekuli\u0161e se koji su motivi napada i ve\u0107 se izra\u017eavaju sumnje da je u pitanju \u201eislamski terorista\u201c iako se napada\u010du-samoubici jo\u0161 ne zna ni ime, ni motiv, niti da li je u pitanju mo\u017eda psihi\u010dki bolesna osoba.<\/p>\n<p>Siguran sam da \u0107e narednih nekoliko dana ovo biti glavna vijest u medijima, na dru\u0161tvenim mre\u017eama, da \u0107e biti hiljade spekulacija, tekstova, komentara, postova.<\/p>\n<p>Za sada, a vjerujem i kasnije, slabo koga \u0107e interesovati sama smrt samoubice: za\u0161to, kako, \u0161to ga je natjeralo, kako je njegovoj porodici zbog njegove smrti i koliko \u0107e ona biti medijski i dru\u0161tveno stigamtizovana?<\/p>\n<p>Vjerujem da \u0107e se u toku dana znati to jest objaviti ime samoubice. Ako mu ime bude muslimansko, javnu presudu ve\u0107 unaprijed znam(o). On je: \u201eislamski fundamentalista, d\u017eihadista, podr\u017eavaoc ISIL-a, vojnik vjere mira, svi su oni isti, treba ih sve&#8230;\u201c. Antiislamska kampanja u Crnoj Gori \u0107e poprimiti nevi\u0111ene razmjere, razmjere lin\u010da. Svako ko nosi muslimansko ime, bez obzira na to kakve poglede imao, posta\u0107e sumnjiv svakom, pa i svojim kom\u0161ijama, prijateljima i sugra\u0111anima. A porodici poginulog bi najbolje bilo da se iseli iz Crne Gore, iako niko nije stradao bez on sam (niti mislim da je cilj napada\u010da-smaoubice bio da neko strada, jer da jeste to ne bi uradio poslije pono\u0107i). U ovom slu\u010daju, slabo ko \u0107e to pripisati \u010dinu pojedinca koji je mo\u017eda imao psihi\u010dkih, materijalnih ili nekih drugih problema. Na kraju-krajeva, mislim i da je radikalni islamizam posljedica, a da se na njegov uzrok tek sporadi\u010dno i stidno ukazuje.<\/p>\n<p>U slu\u010daju da napada\u010d-samoubica bude neko pravoslavnog imena, onda nastaje potpuno druga\u010dija situacija. Prvo \u0107e se obratiti pa\u017enja na njegovu ura\u010dunljivost, a onda, ako nije osoba sa psihi\u010dkim poreme\u0107ajima i na\u0111e se osnovana sumnja da je to mogu\u0107e uradio iz protesta, revolta, bunta, on \u0107e postati heroj nad herojima kod ve\u0107eg dijela stanovni\u0161ta. I to kakav heroj, osvetnik, i junak nad junacima! Bi\u0107e opjevan i u\u0107i \u0107e u narodne, guslarske pjesme. Dio javnosti \u0107e ga proglasiti i za najve\u0107eg srpsko-crnogorskog heroja u novijoj istoriji. Svakako, nikome ne\u0107e pasti na pamet da ga optu\u017ei za \u201ehri\u0161\u0107anski terorizam\u201c.<\/p>\n<p>Za\u0161to su ameri\u010dke ambasade \u0161irom svijeta naj\u010de\u0161\u0107e na meti napada? &#8211; duga je i druga pri\u010da.<\/p>\n<p>Za\u0161to je ameri\u010dka ambasada u prijateljskoj joj Podgorici onolika i pravo utvr\u0111enje? &#8211; i to je druga pri\u010da.<\/p>\n<p>Za\u0161to je napravljena u parku Kru\u0161evac zaposijedaju\u0107i \u010detvrtinu najljep\u0161eg podgori\u010dkog parka, bez ijednog glasa osude i prigovora od raznih NVO-a, ljubitelja prirode, ure\u0111enja prostora, green home aktivista&#8230; &#8211; to je jo\u0161 du\u017ea, ali i \u010disto na\u0161a pri\u010da.<\/p>\n<p>A u Crnoj Gori je samoubica sve vi\u0161e. Samoubica, psihi\u010dkih bolesnika i onih koji se sele, napu\u0161taju\u0107i opusto\u0161enu zemlju.<\/p>\n<p>Mo\u017eda je jedan od krivaca za takvo stanje i ameri\u010dka politika u Crnoj Gori!? Ka\u017eem mo\u017eda, ali to ne zna\u010di da treba i\u0107i bombom na njihovu ambasadu i sebi oduzeti \u017eivot.<\/p>\n","protected":false},"excerpt":{"rendered":"<p>Pi\u0161e: Omer \u0160ARKI\u0106<\/p>\n","protected":false},"author":12,"featured_media":0,"comment_status":"open","ping_status":"closed","sticky":false,"template":"","format":"standard","meta":{"_seopress_robots_primary_cat":"","_seopress_titles_title":"","_seopress_titles_desc":"","_seopress_robots_index":"","_et_pb_use_builder":"","_et_pb_old_content":"","_et_gb_content_width":"","inline_featured_image":false,"footnotes":""},"categories":[17],"tags":[],"class_list":["post-241839","post","type-post","status-publish","format-standard","hentry","category-blogovi"],"_links":{"self":[{"href":"https:\/\/www.pcnen.com\/portal\/wp-json\/wp\/v2\/posts\/241839","targetHints":{"allow":["GET"]}}],"collection":[{"href":"https:\/\/www.pcnen.com\/portal\/wp-json\/wp\/v2\/posts"}],"about":[{"href":"https:\/\/www.pcnen.com\/portal\/wp-json\/wp\/v2\/types\/post"}],"author":[{"embeddable":true,"href":"https:\/\/www.pcnen.com\/portal\/wp-json\/wp\/v2\/users\/12"}],"replies":[{"embeddable":true,"href":"https:\/\/www.pcnen.com\/portal\/wp-json\/wp\/v2\/comments?post=241839"}],"version-history":[{"count":0,"href":"https:\/\/www.pcnen.com\/portal\/wp-json\/wp\/v2\/posts\/241839\/revisions"}],"wp:attachment":[{"href":"https:\/\/www.pcnen.com\/portal\/wp-json\/wp\/v2\/media?parent=241839"}],"wp:term":[{"taxonomy":"category","embeddable":true,"href":"https:\/\/www.pcnen.com\/portal\/wp-json\/wp\/v2\/categories?post=241839"},{"taxonomy":"post_tag","embeddable":true,"href":"https:\/\/www.pcnen.com\/portal\/wp-json\/wp\/v2\/tags?post=241839"}],"curies":[{"name":"wp","href":"https:\/\/api.w.org\/{rel}","templated":true}]}}