{"id":241832,"date":"2018-02-22T09:32:23","date_gmt":"2018-02-22T08:32:23","guid":{"rendered":"http:\/\/www.pcnen.com\/portal\/?p=241832"},"modified":"2018-02-22T09:32:23","modified_gmt":"2018-02-22T08:32:23","slug":"zasto-kosa-sijedi","status":"publish","type":"post","link":"https:\/\/www.pcnen.com\/portal\/2018\/02\/22\/zasto-kosa-sijedi\/","title":{"rendered":"Za\u0161to kosa sijedi?"},"content":{"rendered":"<p><a href=\"http:\/\/www.pcnen.com\/portal\/wp-content\/uploads\/2011\/09\/kosa-ilustracija.jpg\"><img loading=\"lazy\" decoding=\"async\" src=\"http:\/\/www.pcnen.com\/portal\/wp-content\/uploads\/2011\/09\/kosa-ilustracija-300x239.jpg\" alt=\"\" width=\"300\" height=\"239\" class=\"alignleft size-medium wp-image-60451\" \/><\/a>Kakva \u0107e kosa biti kod neke osobe zavisi od rasporeda, tipa i koli\u010dine melanina u srednjem sloju dlake ili omota\u010du, koji se formira jo\u0161 pre ro\u0111enja. U kosi postoji tamni, odnosno eumelanin i svetli, odnosno feomelanin. Me\u0161avinom ova dva pigmenta u razli\u010ditim odnosima, dobija se \u010ditav spektar nijansi. \u0106elije melanina melanociti, skupljaju se u otvorima ko\u017ee, folikulima, kroz koje raste dlaka. \u010cim se dlaka u korenu formira melanociti ubrizgavaju pigment melanin u \u0107elije koje sadr\u017ee keratin. Keratin je protein koji \u010dini na\u0161u kosu, ko\u017eu i nokte.<\/p>\n<p>Sa godinama melanin se redukuje, zbog \u010dega kosa po\u010dinje da sedi, a ukoliko se proces dovoljno dugo nastavi, ona postaje sasvim bela. Svaka folikula dlake ima &#8220;melanogenti\u010dki sat&#8221; koji usporava ili sasvim zaustavlja aktivnost melanocita, zbog \u010dega se i smanjuje koli\u010dina pigmenta koji dospeva u vlas. Kosa sedi zbog starosti i genetskih predispozicija.<\/p>\n<p>Zapravo, geni su ti koji reguli\u0161u iscrpljivanje pigmentnog potencijala za svaku pojedina\u010dnu folikulu. Zato je kod nekih ljudi ceo proces ubrzan, dok je kod drugih usporen i traje vi\u0161e decenija &#8211; obja\u0161njava profesor citologije dr Dezmond Tobin sa engleskog univerziteta Bredford.<\/p>\n<p>novosti.rs<\/p>\n","protected":false},"excerpt":{"rendered":"<p>Kakva \u0107e kosa biti kod neke osobe zavisi od rasporeda, tipa i koli\u010dine melanina u srednjem sloju dlake ili omota\u010du, koji se formira jo\u0161 pre ro\u0111enja. U kosi postoji tamni, odnosno eumelanin i svetli, odnosno feomelanin. Me\u0161avinom ova dva pigmenta u razli\u010ditim odnosima, dobija se \u010ditav spektar nijansi. \u0106elije melanina melanociti, skupljaju se u otvorima [&hellip;]<\/p>\n","protected":false},"author":1,"featured_media":0,"comment_status":"open","ping_status":"closed","sticky":false,"template":"","format":"standard","meta":{"_seopress_robots_primary_cat":"","_seopress_titles_title":"","_seopress_titles_desc":"","_seopress_robots_index":"","_et_pb_use_builder":"","_et_pb_old_content":"","_et_gb_content_width":"","inline_featured_image":false,"footnotes":""},"categories":[8],"tags":[],"class_list":["post-241832","post","type-post","status-publish","format-standard","hentry","category-svastara"],"_links":{"self":[{"href":"https:\/\/www.pcnen.com\/portal\/wp-json\/wp\/v2\/posts\/241832","targetHints":{"allow":["GET"]}}],"collection":[{"href":"https:\/\/www.pcnen.com\/portal\/wp-json\/wp\/v2\/posts"}],"about":[{"href":"https:\/\/www.pcnen.com\/portal\/wp-json\/wp\/v2\/types\/post"}],"author":[{"embeddable":true,"href":"https:\/\/www.pcnen.com\/portal\/wp-json\/wp\/v2\/users\/1"}],"replies":[{"embeddable":true,"href":"https:\/\/www.pcnen.com\/portal\/wp-json\/wp\/v2\/comments?post=241832"}],"version-history":[{"count":0,"href":"https:\/\/www.pcnen.com\/portal\/wp-json\/wp\/v2\/posts\/241832\/revisions"}],"wp:attachment":[{"href":"https:\/\/www.pcnen.com\/portal\/wp-json\/wp\/v2\/media?parent=241832"}],"wp:term":[{"taxonomy":"category","embeddable":true,"href":"https:\/\/www.pcnen.com\/portal\/wp-json\/wp\/v2\/categories?post=241832"},{"taxonomy":"post_tag","embeddable":true,"href":"https:\/\/www.pcnen.com\/portal\/wp-json\/wp\/v2\/tags?post=241832"}],"curies":[{"name":"wp","href":"https:\/\/api.w.org\/{rel}","templated":true}]}}