{"id":241794,"date":"2018-02-21T13:35:42","date_gmt":"2018-02-21T12:35:42","guid":{"rendered":"http:\/\/www.pcnen.com\/portal\/?p=241794"},"modified":"2018-02-21T13:41:39","modified_gmt":"2018-02-21T12:41:39","slug":"medunarodni-dan-maternjeg-jezika-4","status":"publish","type":"post","link":"https:\/\/www.pcnen.com\/portal\/2018\/02\/21\/medunarodni-dan-maternjeg-jezika-4\/","title":{"rendered":"Me\u0111unarodni dan maternjeg jezika"},"content":{"rendered":"<p>Obilje\u017eavanje Me\u0111unarodnog dana maternjeg jezika, 21. februar, UNESCO je proglasio 1999 godine. usvajanjem rezolucije u Generalnoj skup\u0161tini.<\/p>\n<p>Ovaj praznik nastao je nakon me\u0111unarodnog priznanja Praznika za maternji jezik koji se slavio u Banglade\u0161u od 1952. godine kada je policija i vojska Isto\u010dnog Pakistana ubila nekoliko banglade\u0161kih studenata u Daki.<\/p>\n<p>Na mitingu 21. marta 1948 godine, Mohammed Ali Jinnah, guverner Pakistana, proglasio je Urdu jedinim zvani\u010dnim jezikom Zapadnog i Isto\u010dnog Pakistana. Narod Isto\u010dnog Pakistana (danas Banglade\u0161), \u010diji je maternji jezik Bengali, po\u010deo je protest protiv ove odluke, prenosi Vikipedija.<\/p>\n<p>Studenti su odlu\u010dili da odr\u017ee proteste 21. februara i pozvali da se cijela provincija pobuni. Me\u0111utim, Vlada se dan ranije pozvala na \u010clan 144 zakona, pa je policija otvorila vatru i poubijala ih.<\/p>\n<p>Me\u0111unarodni dan maternjeg jezika obilje\u017eavaju zemlje \u010dlanice UNESCO-a kako bi promovisale jezi\u010dku i kulturnu raznolikost, te multilingvizam.<a href=\"http:\/\/www.pcnen.com\/portal\/wp-content\/uploads\/2018\/02\/Medjunarodni-dan-maternjeg-jezika.jpg\"><img loading=\"lazy\" decoding=\"async\" src=\"http:\/\/www.pcnen.com\/portal\/wp-content\/uploads\/2018\/02\/Medjunarodni-dan-maternjeg-jezika-300x169.jpg\" alt=\"\" width=\"300\" height=\"169\" class=\"alignleft size-medium wp-image-241797\" \/><\/a><\/p>\n<p>U okviru Me\u0111unarodnog dana maternjeg jezika, Nacionalna biblioteka Crne Gore &#8220;\u0110ur\u0111e Crnojevi\u0107&#8221; u saradnji sa Crnogorskom akademijom nauka i umjetnosti i Univerzitetom Crne Gore, izlo\u017ebom knjiga i dokumenata \u0107e obilje\u017eiti dobijanje <a href=\"http:\/\/www.pcnen.com\/portal\/2017\/12\/11\/odobren-medunarodni-kod-za-crnogorski-jezik\/\">me\u0111unarodnog koda za crnogorski jezik<\/a>, saop\u0161teno je iz Nacionalna biblioteka Crne Gore &#8220;\u0110ur\u0111e Crnojevi\u0107&#8221;.<\/p>\n<p>&#8220;Na izlo\u017ebi \u0107e govoriti prorektorka Univerziteta Crne Gore, prof. dr \u0110ur\u0111ica Perovi\u0107, akademik Niko Martinovi\u0107 i direktor Nacionalne biblioteke \u201e\u0110ur\u0111e Crnojevi\u0107\u201c Bogi\u0107 Rako\u010devi\u0107. Izlo\u017eba \u0107e biti otvorena  u holu Nacionalne biblioteke &#8220;\u0110ur\u0111e Crnojevi\u0107&#8221; na Cetinju u 18 sati&#8221;&#8221;, navodi se u saop\u0161tenju.<\/p>\n","protected":false},"excerpt":{"rendered":"<p>Obilje\u017eavanje Me\u0111unarodnog dana maternjeg jezika, 21. februar, UNESCO je proglasio 1999 godine. usvajanjem rezolucije u Generalnoj skup\u0161tini. Ovaj praznik nastao je nakon me\u0111unarodnog priznanja Praznika za maternji jezik koji se slavio u Banglade\u0161u od 1952. godine kada je policija i vojska Isto\u010dnog Pakistana ubila nekoliko banglade\u0161kih studenata u Daki. Na mitingu 21. marta 1948 godine, [&hellip;]<\/p>\n","protected":false},"author":1,"featured_media":0,"comment_status":"open","ping_status":"closed","sticky":false,"template":"","format":"standard","meta":{"_seopress_robots_primary_cat":"","_seopress_titles_title":"","_seopress_titles_desc":"","_seopress_robots_index":"","_et_pb_use_builder":"","_et_pb_old_content":"","_et_gb_content_width":"","inline_featured_image":false,"footnotes":""},"categories":[14,12],"tags":[],"class_list":["post-241794","post","type-post","status-publish","format-standard","hentry","category-vijesti","category-prica-dana"],"_links":{"self":[{"href":"https:\/\/www.pcnen.com\/portal\/wp-json\/wp\/v2\/posts\/241794","targetHints":{"allow":["GET"]}}],"collection":[{"href":"https:\/\/www.pcnen.com\/portal\/wp-json\/wp\/v2\/posts"}],"about":[{"href":"https:\/\/www.pcnen.com\/portal\/wp-json\/wp\/v2\/types\/post"}],"author":[{"embeddable":true,"href":"https:\/\/www.pcnen.com\/portal\/wp-json\/wp\/v2\/users\/1"}],"replies":[{"embeddable":true,"href":"https:\/\/www.pcnen.com\/portal\/wp-json\/wp\/v2\/comments?post=241794"}],"version-history":[{"count":0,"href":"https:\/\/www.pcnen.com\/portal\/wp-json\/wp\/v2\/posts\/241794\/revisions"}],"wp:attachment":[{"href":"https:\/\/www.pcnen.com\/portal\/wp-json\/wp\/v2\/media?parent=241794"}],"wp:term":[{"taxonomy":"category","embeddable":true,"href":"https:\/\/www.pcnen.com\/portal\/wp-json\/wp\/v2\/categories?post=241794"},{"taxonomy":"post_tag","embeddable":true,"href":"https:\/\/www.pcnen.com\/portal\/wp-json\/wp\/v2\/tags?post=241794"}],"curies":[{"name":"wp","href":"https:\/\/api.w.org\/{rel}","templated":true}]}}