{"id":241556,"date":"2018-02-17T09:11:23","date_gmt":"2018-02-17T08:11:23","guid":{"rendered":"http:\/\/www.pcnen.com\/portal\/?p=241556"},"modified":"2018-02-17T09:14:16","modified_gmt":"2018-02-17T08:14:16","slug":"populizam-i-postfasizam","status":"publish","type":"post","link":"https:\/\/www.pcnen.com\/portal\/2018\/02\/17\/populizam-i-postfasizam\/","title":{"rendered":"Populizam i postfa\u0161izam"},"content":{"rendered":"<p><strong>Autor: Tamas Dezso Ziegler<\/strong><\/p>\n<p><a href=\"http:\/\/www.pcnen.com\/portal\/wp-content\/uploads\/2015\/06\/populizam.jpg\"><img loading=\"lazy\" decoding=\"async\" class=\"alignleft size-medium wp-image-183695\" src=\"http:\/\/www.pcnen.com\/portal\/wp-content\/uploads\/2015\/06\/populizam-300x224.jpg\" alt=\"\" width=\"300\" height=\"224\" srcset=\"https:\/\/www.pcnen.com\/portal\/wp-content\/uploads\/2015\/06\/populizam-300x224.jpg 300w, https:\/\/www.pcnen.com\/portal\/wp-content\/uploads\/2015\/06\/populizam-580x432.jpg 580w, https:\/\/www.pcnen.com\/portal\/wp-content\/uploads\/2015\/06\/populizam-450x335.jpg 450w, https:\/\/www.pcnen.com\/portal\/wp-content\/uploads\/2015\/06\/populizam-480x358.jpg 480w, https:\/\/www.pcnen.com\/portal\/wp-content\/uploads\/2015\/06\/populizam-235x175.jpg 235w, https:\/\/www.pcnen.com\/portal\/wp-content\/uploads\/2015\/06\/populizam-75x56.jpg 75w, https:\/\/www.pcnen.com\/portal\/wp-content\/uploads\/2015\/06\/populizam-350x261.jpg 350w, https:\/\/www.pcnen.com\/portal\/wp-content\/uploads\/2015\/06\/populizam-220x164.jpg 220w, https:\/\/www.pcnen.com\/portal\/wp-content\/uploads\/2015\/06\/populizam.jpg 600w\" sizes=\"(max-width: 300px) 100vw, 300px\" \/><\/a>Tokom nedavne posete Britaniji na\u0161ao sam se sa nekim prijateljima koji su mi rekli da im je kampanja za brexit li\u010dila na antisemitske kampanje u Evropi 30-ih godina pro\u0161log veka, posebno u nacisti\u010dkoj Nema\u010dkoj. U kampanji za brexit Evropska unija je kao \u017ertveni jarac bila okrivljena za sve lo\u0161e u Britaniji. Ovo pore\u0111enje je na mene ostavilo jak utisak.<\/p>\n<p>Kada sam se vratio u Budimpe\u0161tu uzeo sam taksi od aerodroma do ku\u0107e. Voza\u010d u dobrim kolima i elegantnom odelu rekao mi je da je nepokolebljivi branilac bele rase, koja ne bi smela da se me\u0161a s drugim rasama, jer moramo o\u010duvati rasnu \u010distotu Ma\u0111arske. Objasnio mi je da spoljni faktori iz Kine i zapadne Evrope \u017eele da uni\u0161te Ma\u0111are me\u0161aju\u0107i ih s drugim rasama. Izri\u010dito je upotrebio re\u010d fajv\u00e9d\u0151, koju su koristili ma\u0111arski rasisti 30-ih godina pro\u0161log veka. Tako\u0111e mi je rekao da svi \u201cizmi\u201d (liberalizam, feminizam itd) poti\u010du iz zapadne Evrope i da su to destruktivne ideologije.<\/p>\n<p>Ovo je iskustvo koje se ponavlja: kad god sletim iz inostranstva do\u010deka me otvoreni rasizam ma\u0111arskih taksista. Ovog poslednjeg sam upitao u \u010demu je razlika izme\u0111u njega i nekada\u0161njih fa\u0161ista. Da li je \u010duo za ma\u0111arskog fa\u0161istu Endrea Bajcsy-Zsilinszkyog, koji se zalagao za \u201co\u010duvanje rasne \u010distote\u201d Ma\u0111arske izme\u0111u dva svetska rata? Da li zna da su ga nacisti posle ipak ubili, jer je promenio mi\u0161ljenje, priznao da je nemoralno ubijati Jevreje i \u010dak poku\u0161ao da ih spasava? Ovaj taksista nije znao ni\u0161ta o tome.<\/p>\n<p>U poslednje vreme se pitam za\u0161to nau\u010dni radovi, ba\u0161 kao i moj taksista, previ\u0111aju sli\u010dnosti izme\u0111u savremenih tendencija i njihovih istorijskih uzora. Teoreti\u010dari su najpre tvrdili da nova krajnja desnica nema nikakve veze sa starim fa\u0161izmom: bla\u017ea je i ne zadire u temelje na\u0161ih dru\u0161tava. Oni ubla\u017eavaju izraze za te fenomene: prvo su govorili o krajnjoj desnici, pa o ekstremnoj i radikalnoj desnici (kakav besmislen izraz), a od nedavno govore o populizmu. Ova podvala zasnovana na zloupotrebi nau\u010dnog objektivizma je sasvim prevladala u Evropi.<\/p>\n<p>Re\u010d \u201cpopulizam\u201d je korisna jer ne podrazumeva moralnu ocenu. Kada ka\u017eete \u201edemagogija krajnje desnice\u201c ili \u201efa\u0161isti\u010dka politika\u201c ukazujete na ne\u0161to opasno, ekstremno i \u0161aljete poziv na uzbunu. Populizam je mnogo neutralniji. Istorijski gledano, ovaj izraz opisuje politi\u010dke struje koje gra\u0111ane uklju\u010duju u odlu\u010divanje, umesto da ih otu\u0111uju od u\u010de\u0161\u0107a u \u017eivotu zajednice i napadaju zbog njihovih stavova ili rase. Ali danas je takva upotreba ovog pojma skrajnuta. Ako pogledamo dana\u0161nje tuma\u010de populizma, kao \u0161to je Cas Mudde, vide\u0107emo koliko je njihov model izve\u0161ta\u010den i nestabilan: populizam je tu nekakva tehnika vladanja koja podrazumeva antielitizam, visoki nivo emocija, primese nacionalizma i etnicizma, verovatno i rasizma, ali koja ostaje van ideologije. Neki vode\u0107i teoreti\u010dari populizma, kao \u0161to je Jan-Werner M\u00fcller, i Carla Schmitta nazivaju populistom. Schmitt je bio nacisti\u010dki teoreti\u010dar i ideolog, predsednik Nacional-socijalisti\u010dkog udru\u017eenja pravnika, urednik nacisti\u010dkog \u010dasopisa Deutsche Juristen-Zeitung. Njegova nau\u010dna aktivnost, naro\u010dito podela dru\u0161tva na prijatelje i neprijatelje (mi-oni), njegovo antiliberalisti\u010dko (zapravo antipluralisti\u010dko) stanovi\u0161te, njegovo shvatanje politi\u010dke mo\u0107i i vladavine pomo\u0107u vanrednog stanja u\u010dinilo ga je prorokom nacisti\u010dke ideologije (\u201cglavnim pravnikom Tre\u0107eg Rajha\u201d). I sad je on samo populista?<\/p>\n<p>\u010cini mi se da je nauka ovde sasvim zastranila. Ovakvo shvatanje populizma je \u010dista demagogija. Ako je neka partija \u0161ovinisti\u010dka, rasisti\u010dka, paranoi\u010dna, antielitisti\u010dka, ma\u010disti\u010dka, ako \u0161iri mr\u017enju prema manjinama i u njima tra\u017ei \u017ertvenog jarca \u2013 to izlazi van normalnog demokratskog toka stvari. U mojoj zemlji takve partije uni\u0161tavaju demokratiju, evoluiraju u izbornu autokratiju, poludiktaturu, ukidaju demokratske mehanizme kontrole (checks and balances) i fer izbore. Vladaju\u0107a partija Fides zasniva svoju vlast na socijalnoj psihologiji komunisti\u010dkog re\u017eima, koji ju je preuzeo od nacista i Horthyjevog re\u017eima. Mnoge sli\u010dne partije slu\u017ee se demokratskom mimikrijom da bi prikrile svoju duboku antidemokrati\u010dnost. Jasno je \u0161ta bi mnoge od njih radile kada bi do\u0161le na vlast. Ti ljudi ne veruju u demokratiju i njene osnovne vrednosti poput pluralizma i jednakosti, gde se svaki \u010dovek procenjuje po svojim zaslugama. Ve\u0107ina tih partija zasnovana je na istim anti-prosvetiteljskim stavovima iz koji je iznikao istorijski fa\u0161izam.<\/p>\n<p>Zato je manipulacija populizmom veoma opasna. Ako sli\u010dnim pojavama neprekidno dajemo nova imena, udaljavamo ih od njihovih istorijskih uzora. Na YouTubeu vredi pogledati rane govore Mussolinija i Hitlera \u2013 gotovo da nema razlike izme\u0111u njih i na primer govora Viktora Orb\u00e1na. Kako ka\u017ee Nigel Copsy u najboljem tekstu koji sam \u010ditao o ovom problemu: \u201cRadikalni desni\u010darski populizam (ako \u017eelimo da ostanemo pri ovoj oznaci) postao je \u2013 u velikoj meri pod uticajem neo-fa\u0161isti\u010dkih teoreti\u010dara \u2013 sofisticiraniji, posebno u pogledu usvajanja etno-pluralisti\u010dkog diskursa.\u201d<\/p>\n<p>Teoreti\u010dari treba da odustanu od smi\u0161ljanja novih izraza i banalizovanja opasnosti: ekstremna desnica po\u010dinila je vi\u0161e od 23.000 zlo\u010dina u Nema\u010dkoj samo pro\u0161le godine, napadnuto je oko 900 centara za azil, u 1.313 slu\u010dajeva fizi\u010dkih napada nanesene su telesne povrede, a zabele\u017eeno je i 18 poku\u0161aja ubistva. A takozvane populisti\u010dke partije poput Alternative za Nema\u010dku (AfD) stvaraju atmosferu u dru\u0161tvu u kojima je mr\u017enja opravdana. Naravno, ove politi\u010dke struje verovatno ne vode razvoju fa\u0161isti\u010dkih re\u017eima u zemljama Evrope. Ali Paul Krugman opominje: \u201cMo\u017eda ne\u0107emo krenuti istim putem \u2013 da li smo sigurni u to? \u2013 ali je uveliko u toku razgradnja demokratije iza maske njene pojavnosti.\u201d<\/p>\n<p>Uveren sam da ve\u0107ina pomenutih partija pripada post-fa\u0161isti\u010dkom taboru. Roger Griffin je napisao predgovor za odli\u010dnu knjigu Tamira Bar-Ona Where have all the Fascists Gone? (Gde su nestali svi fa\u0161isti?). On tu ka\u017ee da je post-fa\u0161izam kao ada na reci: ne dose\u017ee obalu fa\u0161izma, ali napu\u0161ta maticu konzervativizma. Meni se \u010dini da su te partije vi\u0161e kao \u010damci na toj reci: kre\u0107u se izme\u0111u fa\u0161izma i konzervativizma i povremeno pristaju na obe obale. Koriste sve emocionalne manipulacije kao i njihovi istorijski prethodnici sa obe strane. Mo\u017eemo se suprotstaviti porastu mr\u017enje u Evropi samo ako ne zami\u0161ljamo da su na\u0161a dru\u0161tva potpuno druga\u010dija od nekada\u0161njih ili da su partije koje \u0161ire mr\u017enju potpuno druga\u010dije od nekada\u0161njih partija sa sli\u010dnim ideologijama.<\/p>\n<p>Kona\u010dno, sla\u017eem se i sa autorima kao \u0161to je Marco d\u2019Eramo, koji tvrde da se izraz populizam ponekad koristi da opi\u0161e politi\u010dke opcije poput pokreta Pet zvezdica u Italiji koji prosto poku\u0161ava da izgura svoj socijalno-demokratski program, pa njih ne treba me\u0161ati sa partijama iz post-fa\u0161isti\u010dkog tabora. Kao \u0161to D\u2019Eramo ka\u017ee: \u201c\u017delite zdravstvenu za\u0161titu za sve? Vi ste populista. \u017delite da vam se penzija uskla\u0111uje sa inflacijom? Kakva gomila populista! \u017delite da va\u0161a deca poha\u0111aju univerzitet a da ne otpla\u0107uju dug celog \u017eivota? Znao sam da ste prikriveni populista.\u201d<\/p>\n<p>Njegovo stanovi\u0161te tako\u0111e pokazuje za\u0161to izraz \u201cpopulizam\u201d ne treba koristiti za agresivne desni\u010darske pokrete, jer oni su ne\u0161to mnogo druga\u010dije i daleko gore od toga.<\/p>\n<p><a href=\"https:\/\/pescanik.net\/populizam-i-postfasizam\/\" target=\"_blank\" rel=\"noopener\">Pe\u0161\u010danik<\/a>\/<a href=\"https:\/\/www.socialeurope.eu\/the-populist-hoax-getting-the-far-right-and-post-fascism-wrong\" target=\"_blank\" rel=\"noopener\">Social Europe<\/a><\/p>\n","protected":false},"excerpt":{"rendered":"<p>Manipulacija populizmom veoma je opasna<\/p>\n","protected":false},"author":1,"featured_media":183695,"comment_status":"open","ping_status":"closed","sticky":false,"template":"","format":"standard","meta":{"_seopress_robots_primary_cat":"","_seopress_titles_title":"","_seopress_titles_desc":"","_seopress_robots_index":"","_et_pb_use_builder":"","_et_pb_old_content":"","_et_gb_content_width":"","inline_featured_image":false,"footnotes":""},"categories":[5],"tags":[],"class_list":["post-241556","post","type-post","status-publish","format-standard","has-post-thumbnail","hentry","category-drugi-pisu"],"_links":{"self":[{"href":"https:\/\/www.pcnen.com\/portal\/wp-json\/wp\/v2\/posts\/241556","targetHints":{"allow":["GET"]}}],"collection":[{"href":"https:\/\/www.pcnen.com\/portal\/wp-json\/wp\/v2\/posts"}],"about":[{"href":"https:\/\/www.pcnen.com\/portal\/wp-json\/wp\/v2\/types\/post"}],"author":[{"embeddable":true,"href":"https:\/\/www.pcnen.com\/portal\/wp-json\/wp\/v2\/users\/1"}],"replies":[{"embeddable":true,"href":"https:\/\/www.pcnen.com\/portal\/wp-json\/wp\/v2\/comments?post=241556"}],"version-history":[{"count":0,"href":"https:\/\/www.pcnen.com\/portal\/wp-json\/wp\/v2\/posts\/241556\/revisions"}],"wp:featuredmedia":[{"embeddable":true,"href":"https:\/\/www.pcnen.com\/portal\/wp-json\/wp\/v2\/media\/183695"}],"wp:attachment":[{"href":"https:\/\/www.pcnen.com\/portal\/wp-json\/wp\/v2\/media?parent=241556"}],"wp:term":[{"taxonomy":"category","embeddable":true,"href":"https:\/\/www.pcnen.com\/portal\/wp-json\/wp\/v2\/categories?post=241556"},{"taxonomy":"post_tag","embeddable":true,"href":"https:\/\/www.pcnen.com\/portal\/wp-json\/wp\/v2\/tags?post=241556"}],"curies":[{"name":"wp","href":"https:\/\/api.w.org\/{rel}","templated":true}]}}