{"id":241171,"date":"2018-02-11T14:36:29","date_gmt":"2018-02-11T13:36:29","guid":{"rendered":"http:\/\/www.pcnen.com\/portal\/?p=241171"},"modified":"2018-02-11T14:36:29","modified_gmt":"2018-02-11T13:36:29","slug":"opet-treslo-kod-plava","status":"publish","type":"post","link":"https:\/\/www.pcnen.com\/portal\/2018\/02\/11\/opet-treslo-kod-plava\/","title":{"rendered":"Opet treslo kod Plava"},"content":{"rendered":"<p><a href=\"http:\/\/www.pcnen.com\/portal\/wp-content\/uploads\/2012\/05\/potres.jpg\"><img loading=\"lazy\" decoding=\"async\" class=\"alignleft  wp-image-84928\" src=\"http:\/\/www.pcnen.com\/portal\/wp-content\/uploads\/2012\/05\/potres-300x225.jpg\" alt=\"\" width=\"227\" height=\"170\" \/><\/a>Zemljotres srednje ja\u010dine sa epicentrom na 8 km <a href=\"http:\/\/www.seismo.co.me\/web\/Epicentar_CG.htm\">sjeverozapadno od Plava<\/a> (Crna Gora) registrovan je danas u 14.05.<\/p>\n<p>Zemljotres se osjetio i u Podgorici.<\/p>\n<p>Ja\u010dina zemljotresa u hipocentru (\u017eari\u0161tu) iznosila je 4.0 jedinice Rihterove skale, \u0161to odgovara epicentralnom intenzitetu od VI stepeni Merkalijeve skale (MCS). \u017dari\u0161te ovog zemljotresa locirano je na dubini od 9 km, saop\u0161top je Sektor za seizmologiju Zavoda za hidrometeorologiju i seizmologiju Crne Gore.<\/p>\n<p>Seizmolozi su procijenili da je ovaj zemljotres mogao izazvati manje materijalne \u0161tete u epicentralnom podru\u010dju.<\/p>\n<p>Od <a href=\"http:\/\/www.pcnen.com\/portal\/2018\/01\/04\/jak-zemljotres-potresao-crnu-goru\/\">ja\u010deg potresa 4. januar<\/a> do sada bilo je vi\u0161e slabijih potresa na ovom podru\u010dju.<\/p>\n","protected":false},"excerpt":{"rendered":"<p>Zemljotres ja\u010dina 4.0 jedinice Rihterove skale se osjetio i u Podgorici<\/p>\n","protected":false},"author":1,"featured_media":0,"comment_status":"open","ping_status":"closed","sticky":false,"template":"","format":"standard","meta":{"_seopress_robots_primary_cat":"","_seopress_titles_title":"","_seopress_titles_desc":"","_seopress_robots_index":"","_et_pb_use_builder":"","_et_pb_old_content":"","_et_gb_content_width":"","inline_featured_image":false,"footnotes":""},"categories":[14,12],"tags":[],"class_list":["post-241171","post","type-post","status-publish","format-standard","hentry","category-vijesti","category-prica-dana"],"_links":{"self":[{"href":"https:\/\/www.pcnen.com\/portal\/wp-json\/wp\/v2\/posts\/241171","targetHints":{"allow":["GET"]}}],"collection":[{"href":"https:\/\/www.pcnen.com\/portal\/wp-json\/wp\/v2\/posts"}],"about":[{"href":"https:\/\/www.pcnen.com\/portal\/wp-json\/wp\/v2\/types\/post"}],"author":[{"embeddable":true,"href":"https:\/\/www.pcnen.com\/portal\/wp-json\/wp\/v2\/users\/1"}],"replies":[{"embeddable":true,"href":"https:\/\/www.pcnen.com\/portal\/wp-json\/wp\/v2\/comments?post=241171"}],"version-history":[{"count":0,"href":"https:\/\/www.pcnen.com\/portal\/wp-json\/wp\/v2\/posts\/241171\/revisions"}],"wp:attachment":[{"href":"https:\/\/www.pcnen.com\/portal\/wp-json\/wp\/v2\/media?parent=241171"}],"wp:term":[{"taxonomy":"category","embeddable":true,"href":"https:\/\/www.pcnen.com\/portal\/wp-json\/wp\/v2\/categories?post=241171"},{"taxonomy":"post_tag","embeddable":true,"href":"https:\/\/www.pcnen.com\/portal\/wp-json\/wp\/v2\/tags?post=241171"}],"curies":[{"name":"wp","href":"https:\/\/api.w.org\/{rel}","templated":true}]}}