{"id":240982,"date":"2018-02-08T07:25:18","date_gmt":"2018-02-08T06:25:18","guid":{"rendered":"http:\/\/www.pcnen.com\/portal\/?p=240982"},"modified":"2018-02-08T07:25:46","modified_gmt":"2018-02-08T06:25:46","slug":"svijet-u-krcmi","status":"publish","type":"post","link":"https:\/\/www.pcnen.com\/portal\/2018\/02\/08\/svijet-u-krcmi\/","title":{"rendered":"Svijet u kr\u010dmi"},"content":{"rendered":"<p><strong><a href=\"http:\/\/www.pcnen.com\/portal\/wp-content\/uploads\/2015\/05\/zlatko-dizdarevic-e1488180017381.jpg\"><img loading=\"lazy\" decoding=\"async\" class=\"alignleft size-medium wp-image-180389\" src=\"http:\/\/www.pcnen.com\/portal\/wp-content\/uploads\/2015\/05\/zlatko-dizdarevic-300x222.jpg\" alt=\"\" width=\"300\" height=\"222\" \/><\/a>Pi\u0161e: Zlatko Dizdarevi\u0107<\/strong><\/p>\n<p>Svjetsku realnost na po\u010detku ovog stolje\u0107a, sada ve\u0107 skoro isklju\u010divo ne kreiraju pamet, znanje i dobro, ve\u0107 nezaja\u017eljivost, glupost, neukost i zlo. Uz sve vi\u0161e ljudi koji se svjesno ili nesvjesno navikavaju na te nove prioritete me\u0111u vrijednostima u \u017eivotu i politici.<\/p>\n<p>Tragaju\u0107i po internetu za nekim podatkom naletim na benignu i \u0161ega storiju sa ko zna \u010dije lokalne televizije. Sve je u po\u010detku kao vic. Na kraju, smije\u0161na pri\u010dica \u010dita se uz malo ma\u0161te i kao gorka istina\u00a0 ponajmanje za smijeha.<\/p>\n<p>Rije\u010d je o kobajagi mangupu koji ba\u0161 i ne izgleda kao bog zna kakav nabildani razbija\u010d, u teretani sa nekim malim tegovima u rukama, i o njegovoj pouci kakav to mora\u0161 biti danas. Veli, prvo, kako je najva\u017enije izgledati kao neko kome ne treba tjelohranitelj&#8230; I onda nastavlja: &#8220;&#8230;Imam ambicije da se tu\u010dem po kafanama. A osnovno pravilo u kafanskoj tu\u010di je &#8211; nikad nemoj da napadne\u0161 nekog ko je ja\u010di od tebe. Moj cilj je da u\u0111em u bilo koju kafanu i pitam: &#8216;Ima li ovdje neko ja\u010di od mene?'&#8230; pa da svi stidljivo spuste pogled, da bude mrtva ti\u0161ina, a ja da odem za \u0161ank, popijem koktu i iza\u0111em napolje, izvadim svoj tefter i precrtam tu kafanu. Zna\u010di, tu sam isto najja\u010di&#8230; Idemo dalje u sljede\u0107u. I tako redom. To je, me\u0111utim, te\u0161ko posti\u0107i ako ne vje\u017eba\u0161. Zato treba da se vje\u017eba, da se radi, a ne da svi sjede po bibliotekama i da prou\u010davaju kojekakve knjige, jer smo u\u0161li u novi vijek koji je vijek kriminala i tu ne\u0107e pomo\u0107i nikakva nauka, nikakvi digitalni, be\u017ei\u010dni telefoni i sva ta silna tehnika, ne znam ti \u0161ta, nego \u0107e biti samo bitno da \u010dovjek bude fizi\u010dki jak da mo\u017ee da otima od drugih&#8230;&#8221;<\/p>\n<p><strong>\u0160kola je samo za onoga ko nije ni za \u0161ta drugo&#8230;<\/strong><\/p>\n<p>Prvo sam se slatko nasmijao. Onda sam se, po ko zna koji put sjetio anegdote od prije rata, kada je jedna, tada mlada &#8220;cajka&#8221; po\u010detnica, a kasnije legenda na ovim prostorima, na ne\u010dije pitanje o \u0161koli spika odgovorila: &#8220;\u0160kola? Pa \u0161kola je samo za onoga ko nije ni za \u0161ta drugo&#8230;&#8221; Pamtim, bio sam zblanut. Ipak je onakva \u0161prdnja sa \u0161kolom tada jo\u0161 uvijek bila daleko od ovih istina danas.<\/p>\n<p>TV pri\u010dica o \u0161prdanju sa knjigama, o nabildanim mi\u0161i\u0107ima po kojekakvim teretanama da bi se &#8220;upisalo u tefter&#8221; ko se pokrio u\u0161ima od straha pred siled\u017eijom a ko nije, o znanju kao nepotrebnoj gluposti i proizvodnji straha kao politici \u2013 odavno nije vi\u0161e samo ogoljeli vic. Ma koliko mo\u017eda i s razlogom nekome izgledalo neozbiljno praviti ovakva pore\u0111enja sa preozbiljnim temama unaokolo po svijetu. I dizati ih na nivo koji ne zaslu\u017euju. A opet, uz samo malo &#8220;neozbiljnosti&#8221; u tuma\u010denju svjetske zbilje, pri\u010da onog bildera sa blok\u0107i\u0107em u ruci, koji obilazi kafane i prijete\u0107i pita: &#8220;Ima li ovdje ko ja\u010di od mene&#8221;, doista neodoljivo gorko asocira na ovo \u0161to se valja na mnogo vi\u0161im nivoima od onih zagu\u0161ljivih teretana i malih sprava za bildanje. Zaklju\u010dak mangupa \u0161to pije koktu nakon \u0161to utjera strah po kafanama, \u010dudovi\u0161no je isti kao i zaklju\u010dak po onim drugim &#8220;teretanama i kafanama &#8221; u kojima se odre\u0111uje dana\u0161njica: bitno je da se bude dovoljno fizi\u010dki jak da se mo\u017ee otimati od drugih&#8230;<\/p>\n<p>Svjetsku realnost na po\u010detku ovog stolje\u0107a, sada ve\u0107 skoro isklju\u010divo ne kreiraju pamet, znanje i dobro, ve\u0107 nezaja\u017eljivost, glupost, neukost i zlo. Uz sve vi\u0161e ljudi koji se svjesno ili nesvjesno navikavaju na te nove prioritete me\u0111u vrijednostima u \u017eivotu i politici.<\/p>\n<p>Prevedeno na najprizemniji teren politi\u010dke svakodnevnice, pri\u010da postaje doista vulgarna. Sje\u0107a li se jo\u0161 iko danas &#8220;legitimnih agresija&#8221; \u0161to su razorile dr\u017eave poput Libije, Iraka, evo se sedam godina to uporno provodi u Siriji, u Jemenu&#8230; Ili borbi za &#8220;ljudska prava&#8221; koje su pokrenuli studenti u Tunisu, Egiptu, \u010dak i u Bahreinu. Danas ni studenata ni ljudskih prava. Pune ih mi\u0161ije rupe. Umjesto njih, teme su ko je \u0161ta &#8220;geostrate\u0161ki&#8221; razorio i oteo, kuda skrenuti naftu a kuda plin, kako podijeliti dr\u017eave, koliko su &#8220;oni&#8221; ubili civila jer &#8220;mi&#8221; nismo, koliko izbjeglice kao projekat depopulacije i ubijanja pameti ko\u0161taju u politi\u010dkim trgovinama, ko je \u010dime zaprijetio u UN-u ili se \u0161prda nad odlukama Svjetske organizacije, za\u0161to se poni\u0161tavaju godinama pregovarani globalni, svjetski projekti smi\u0161ljani u korist boljitka. Onda nakon svega toga nabildani i ja\u010di upi\u0161u u &#8220;tefter&#8221; ko se upla\u0161io a ko nije. I ide se u drugu kr\u010dmu.<\/p>\n<p>Ko se tu jo\u0161 \u010dudi \u0161to se histeri\u010dno nadme\u0107u vlasnici atomske bombe o tome \u010dije je &#8220;crveno dugme&#8221; na stolu ve\u0107e. Ili, najnovije, kako je mogu\u0107e mrtav hladan uz najavu upasti vojskom u drugu dr\u017eavu prijeti da \u0107e i u tre\u0107u, jer je to &#8220;legitimno pravo odbrane!&#8221; Tako su, nekada kao skandal, Izraelci upadali u Liban ili Gazu, ali i to je danas daleko od skandala. Ko se \u010dudi \u0161to se u kom\u0161iluku glasni\u00a0 za\u0161titinici i promotori &#8220;onog&#8221; fa\u0161izma od prije sedam decenija danas na trenutak zaklinju u antifa\u0161izam da bi kupili avione bezmalo \u010detrdeset godina stare i to od onih \u0161to su bili najve\u0107e \u017ertve fa\u0161izma. Mogu li to doista oni koji imaju obraza, morala i ba\u0161tine ikakve su\u0161tinske planetarne vrijednosti. Eto mogu kad se odreknu svega ovoga pa sagnu glavu u onoj kafani kada glavni nabildani upisuje u tefter ono \u0161to je htio, pa postigao. Za sebe i za Netanyahua. I to jo\u0161 u danima sje\u0107anja na Holokaust&#8230; A eno i Jeruzalema i Palestine, glasanja u UN-u i upisivanja u tekicu ko je kako glasao. Da si siguran ko te se boji a ko ne i \u0161ta sa ovim drugim. Sve odli\u010dne teme za kafansko-politi\u010dku estradu koja otvoreno diktira svjetskom pozornicom.<\/p>\n<p><strong>&#8220;Od kafane do kafane&#8230;&#8221;<\/strong><\/p>\n<p>U tefter mnogima ulaze i Kurdi, ko im je kriv pa su se opet preigrali, ispali ponovo naivni i sad zaka\u0161njelo tra\u017ee nove stare saveznike u Damasku, mada su ih odbili prije samo nekoliko sedmica\u00a0 vjeruju\u0107i bilderu sa &#8220;tefterom&#8221;. Zanimljivo je pri tome, za\u0161to, evo, ve\u0107 decenijama nikome ne pada na pamet u velikom svijetu nabildanih da je nemogu\u0107e uporno gurati pod tepih storiju o narodu od blizu\u00a0 \u010detrdeset miliona stanovnika a bez dr\u017eave. I ne tragati za stabilnim rje\u0161enjem. Bila to dr\u017eava, \u0161to je te\u017ee, ili neka trajna, definitivna i kvalitetna solucija sa prihvatljivim vidovima autonomije unutar postoje\u0107ih dr\u017eava gdje Kurdi \u017eive, sa svim istinskim, po\u0161tivanim njihovim kolektivnim i pojedina\u010dnim pravima. Samo temeljem trajnog rje\u0161enja bijes zbog svekolikih uskra\u0107enosti gubio bi na snazi. Danas jedino to nije opcija, sve drugo, zasnovano na nasilju izvana ili iznutra jeste. \u0160to bi kazao nabildani, mora\u0161 biti jak da bi otimao od drugih! A to se ne radi &#8220;pame\u0107u i knjigama&#8221;.<\/p>\n<p>U prilog ovom drugom ide jo\u0161 jedna\u00a0 \u010dinjenica. \u0160ta je to na svijetu \u0161to sprije\u010dava siled\u017eije da hodaju &#8220;od kafane do kafane&#8221; i upisuju pobjede. \u0160ta to jo\u0161 ima \u0161to mo\u017ee dovesti u pitanje izjavu aktuelnog sultana iz Evroazije da prijete\u0107i\u00a0 ka\u017ee: &#8220;Poru\u010dujem cijelom svijetu \u2013 nikada ne\u0107emo dopustiti formiranje jedne (kurdske) dr\u017eave na sjeveru Sirije. I nije nam va\u017eno koliku cijenu za to moramo platiti&#8230;&#8221; On to, mrtav hladan, ne\u0107e dopustiti \u2013 u drugoj dr\u017eavi. Danas u Siriji, sutra u Iraku! Taj potpuno zanemareni, usputni detalj, ni za koga vi\u0161e nije tema. Ho\u0107emo li se za\u010duditi kada ga neko potegne sutra, ovako &#8220;legitimno&#8221;, i spram nas. Malih i sagnute glave.U svjetskoj kr\u010dmi. A meta smo.<\/p>\n<p>Nekada je bilo normalno da to tako ne mo\u017ee. Makar ne javno, temeljem me\u0111unarodnog poretka. Znalo se \u0161ta je granica, suverenitet dr\u017eave pa i u ratu, nemije\u0161anje, agresija, itd. Danas se sve \u0161to je protiv toga naziva operacijom &#8220;Maslinova gran\u010dica!&#8221;&#8230; A cilj operacije u Afrinu je &#8220;spasiti bratske Sirijce od nasilja i okrutnosti terorista&#8230;&#8221; Groteskno. Ima li iko ko se iole o\u010de\u0161ao o sirijsku storiju da ne zna kako su ponajvi\u0161e preko Turske po\u010detkom tzv. &#8220;Arapskog prolje\u0107a&#8221; nadirali masovno teroristi raznih boja prema zemlji sa druge strane granice kojoj se slutio kraj za koju sedmicu. Ili, kako je glavosje\u010dama ba\u0161 odatle pristizalo oru\u017eje u zna\u010dajnim koli\u010dinama, sve dokumentovano kamerama i kasnije pohap\u0161enim svjedocima, a kako su im i danas &#8220;partneri&#8221; u Idlibu grupacije kao Jaysh al-islam, Jaysh al-Nasr, Filq Al Sham&#8230; Kako se to odatle ne sje\u0107aju da su otvarali bolnice na granici izme\u0111u dvije dr\u017eave gdje su se lije\u010dili teroristi ISIL-a, Al Nusre i sli\u010dnih. Da se ne pominju imena onih \u0161to su preko Mediterana dilali sirijskom naftom iz izvora koje je zauzeo ISIL&#8230; I tako, valjda, spa\u0161avali &#8220;bratske Sirijce od nasilja i okrutnosti terorista&#8230;&#8221;<\/p>\n<p>Mo\u017eda \u0107e doista Erdogan, poput onog bildera iz kafane privremeno zauzeti Afrin, a evo prijeti Amerikancima da moraju \u0161to prije napustiti Munbij isto\u010dnije od Afrina. O svemu tome Vije\u0107e sigurnosti UN-a vjerovatno \u0107e opet da se sastane pa da ne zna za\u0161to se sastalo, kao minulog 23. januara. Ni pisma, ni razglednice, ni\u0161ta. Najja\u010di u kafani ide dalje, fino \u010dovjek ka\u017ee. Uz bezbroj\u00a0\u00a0 kombinacija, uklju\u010duju\u0107i i onu sa ra\u010dunima bez kr\u010dmara.<\/p>\n<p>Za one koji pomisle da je ovo neozbiljna pri\u010da ozbiljnim povodom, evo potvrde o mogu\u0107em kraju, neozbiljnom. Ka\u017ee mi kafanski drugar ovako: &#8220;Zna\u0161 kako ti to ide sa onim bilderom i njegovim\u00a0 tefterom&#8230; Jednom \u0107e mu u teretani pri\u0107i neki ja\u010di bilder s le\u0111a, odakle se najmanje nada, i opalit \u0107e ga fla\u0161om po glavi&#8230; I ovaj se ne\u0107e vi\u0161e pojaviti ni u jednoj kafani. Do\u0161ao red na drugog.&#8221;<\/p>\n<p>Ta\u010dno je, neozbiljan kraj za ozbiljnu pri\u010du. Meni se \u010dini da niti je kraj, niti je sve skupa neozbiljno.<\/p>\n<p><a href=\"http:\/\/avangarda.ba\/detaljno.php?id=512\">Avangarda.ba<\/a><\/p>\n","protected":false},"excerpt":{"rendered":"<p>Svjetsku realnost na po\u010detku ovog stolje\u0107a, sada ve\u0107 skoro isklju\u010divo ne kreiraju pamet, znanje i dobro, ve\u0107 nezaja\u017eljivost, glupost, neukost i zlo<\/p>\n","protected":false},"author":1,"featured_media":0,"comment_status":"open","ping_status":"closed","sticky":false,"template":"","format":"standard","meta":{"_seopress_robots_primary_cat":"","_seopress_titles_title":"","_seopress_titles_desc":"","_seopress_robots_index":"","_et_pb_use_builder":"","_et_pb_old_content":"","_et_gb_content_width":"","inline_featured_image":false,"footnotes":""},"categories":[5],"tags":[],"class_list":["post-240982","post","type-post","status-publish","format-standard","hentry","category-drugi-pisu"],"_links":{"self":[{"href":"https:\/\/www.pcnen.com\/portal\/wp-json\/wp\/v2\/posts\/240982","targetHints":{"allow":["GET"]}}],"collection":[{"href":"https:\/\/www.pcnen.com\/portal\/wp-json\/wp\/v2\/posts"}],"about":[{"href":"https:\/\/www.pcnen.com\/portal\/wp-json\/wp\/v2\/types\/post"}],"author":[{"embeddable":true,"href":"https:\/\/www.pcnen.com\/portal\/wp-json\/wp\/v2\/users\/1"}],"replies":[{"embeddable":true,"href":"https:\/\/www.pcnen.com\/portal\/wp-json\/wp\/v2\/comments?post=240982"}],"version-history":[{"count":0,"href":"https:\/\/www.pcnen.com\/portal\/wp-json\/wp\/v2\/posts\/240982\/revisions"}],"wp:attachment":[{"href":"https:\/\/www.pcnen.com\/portal\/wp-json\/wp\/v2\/media?parent=240982"}],"wp:term":[{"taxonomy":"category","embeddable":true,"href":"https:\/\/www.pcnen.com\/portal\/wp-json\/wp\/v2\/categories?post=240982"},{"taxonomy":"post_tag","embeddable":true,"href":"https:\/\/www.pcnen.com\/portal\/wp-json\/wp\/v2\/tags?post=240982"}],"curies":[{"name":"wp","href":"https:\/\/api.w.org\/{rel}","templated":true}]}}