{"id":240865,"date":"2018-02-06T08:21:06","date_gmt":"2018-02-06T07:21:06","guid":{"rendered":"http:\/\/www.pcnen.com\/portal\/?p=240865"},"modified":"2018-02-06T08:21:06","modified_gmt":"2018-02-06T07:21:06","slug":"drzava-i-mediji","status":"publish","type":"post","link":"https:\/\/www.pcnen.com\/portal\/2018\/02\/06\/drzava-i-mediji\/","title":{"rendered":"Dr\u017eava i mediji"},"content":{"rendered":"<p><strong>Pi\u0161e: Du\u0161an Miklja<\/strong><\/p>\n<p><a href=\"http:\/\/www.pcnen.com\/portal\/wp-content\/uploads\/2018\/02\/dusan-miklja.jpg\"><img loading=\"lazy\" decoding=\"async\" class=\"alignleft size-medium wp-image-240870\" src=\"http:\/\/www.pcnen.com\/portal\/wp-content\/uploads\/2018\/02\/dusan-miklja-300x216.jpg\" alt=\"\" width=\"300\" height=\"216\" \/><\/a>Slu\u010daj Are\u017eina je dvostruko pou\u010dan najpre zato \u0161to je pokazao da je sloboda medija tesno \u2013 takore\u0107i nerazdvojivo \u2013 povezana sa vladavinom prava i, drugo, zbog toga \u0161to je na razobli\u010davaju\u0107i na\u010din otkrio u kakvu se grotesku pretvara nepo\u0161tovanje zakonitosti, bolje re\u0107i njen izostanak.<\/p>\n<p>Kao u nekom otu\u017enom vodvilju rukovodstvo vojvo\u0111anske televizije, umesto da po\u0161tuje sudsku odluku kojom se programski direktor te televizije vra\u0107a na pre\u0111a\u0161nji posao, ne samo da je nije primenila ve\u0107 je i sve u\u010dinila da je u\u00a0 potpunosti obesmisli i izvrgne ruglu \u2013 kao u jeftinoj burleski \u2013 nizom \u010dak i me\u0111usobno protivre\u010dnih re\u0161enja (aneksom o novom radnom mestu posle re\u0161enja o otkazu).<\/p>\n<p>Takvim odnosom se, naravno, upu\u0107uje poruka ne samo zaposlenima u RTV ve\u0107 i celokupnoj javnosti: nema tog suda koji \u0107e sa rukovode\u0107ih mesta na televizijama sa nacionalnom frekvencijom pomeriti pouzdanike i skutono\u0161e vlasti.<\/p>\n<p><strong>Ni\u0161ta nam ne mo\u017eete<\/strong><\/p>\n<p>\u0160ta tada preostaje? Mo\u017ee li se, drugim re\u010dima, uop\u0161te govoriti o vladavini prava i pravnoj dr\u017eavi ako se, kao u ovom primeru, ne po\u0161tuju odluke najvi\u0161e sudske instance? Tim pre \u0161to slu\u010daj Are\u017eina nije jedini primer nepo\u0161tovanja suda. Kako se, najzad, druga\u010dije mo\u017ee tuma\u010diti pona\u0161anje tabloida i re\u017eimskih televizija koji objave vi\u0161e la\u017enih vesti nego \u0161to ima dana u godini? \u010ciji se urednici ne odazivaju na pozive suda. Koji ni za najve\u0107e gnusobe ne trpe nikakve posledice. Kao da bestidno poru\u010duju \u2013 sve dok smo pod okriljem vlasti \u2013 ni\u0161ta nam ne mo\u017eete.<\/p>\n<p>Pa, moglo bi se re\u0107i da su, sa svog stanovi\u0161ta, u pravu. Zbog \u010dega bi se u statusu nedodirljivosti \u2013 \u0161to \u0107e re\u0107i jedine istinske nezavisnosti od suda \u2013 ustezali od proizvodnje la\u017enih vesti? Da je i ve\u0107i deo javnosti na to naviknut svedo\u010di \u010dinjenica da je samo jedan slu\u010daj (tu\u017eba ministra Stefanovi\u0107a protiv nedeljnika NIN) privukla ve\u0107u medijsku pa\u017enju od gomile poganluka koja se svakodnevno sliva sa stubaca tabloida i ekrana re\u017eimskih medija.<\/p>\n<p>Ravnodu\u0161ne prema ocrnjivanju politi\u010dkih protivnika vlasti su, kao u tom slu\u010daju, veoma osetljive jedino kada su i same predmet kriti\u010dkog osporavanja.<\/p>\n<p>U potrebi da potra\u017ee zadovoljenje, omakla im se krupna nesmotrenost. Umesto da mirno sa\u010dekaju odluku, one su pozvale svoje pristalice da se okupe pred sudom nehoti\u010dno tako otkrivaju\u0107i da na sud ne gledaju kao na nezavisnu instituciju. Kako se, dakle, mo\u017ee govoriti o vladavini prava ako i sam ministar unutra\u0161njih poslova ne razlikuje pretres na sudu od zbora vladaju\u0107e partije, ako, drugim re\u010dima, nema ni\u0161ta protiv da se sud izla\u017ee politi\u010dkim pritiscima?<\/p>\n<p>Posebno u onim, ne tako \u010destim slu\u010dajevima, u kojima sud ima dovoljno profesionalnog dostojanstva i ljudske savesti da odoli takvim pritiscima.<\/p>\n<p><strong>Institucije postaju samo kulise<\/strong><\/p>\n<p>Da o organskoj povezanosti slobode medija i vladavine prava postoje krupni nesporazumi, bolje re\u0107i \u017ealosno nerazumevanje, posvedo\u010dio je i prijem predsednika Evropske federacije novinara Bjeregorda kod predsednika Srbije. Vu\u010di\u0107 se, prema novinskim izve\u0161tajima, na tom sastanku i sam saglasio sa ocenom da stanje sa medijima nije zadovoljavaju\u0107e, obe\u0107av\u0161i da \u0107e se potruditi da se ono pobolj\u0161a.<\/p>\n<p>E pa upravo to obe\u0107anje \u2013 nezavisno od toga koliko je iskreno \u2013 pokazuje nerazumevanje o tome gde je \u010dije mesto. Ili, jo\u0161 odre\u0111enije, neshvatanje da polo\u017eaj medija ne sme da zavisi od velikodu\u0161nosti ili mrzovolje predsednika dr\u017eave, ve\u0107 od postojanja i delotvornosti institucija koje, kao u svakoj pravnoj i ure\u0111enoj dr\u017eavi, obezbe\u0111uju ne\u0161to u potpunosti suprotno: nezavisnost medija i pravosu\u0111a od upliva bilo kakve izvr\u0161ne te prema tome i predsedni\u010dke vlasti.<\/p>\n<p>Svedoci smo, na\u017ealost, da institucije koje o tome treba da se staraju sve vi\u0161e postaju pseudoinstitucije. Upe\u010datljiv dokaz za to su upravni i nadzorni odbori i druga regulativna tela u medijskoj sferi (REM, na primer) koji, gube\u0107i svojstva zbog kojih su osnovani, sve vi\u0161e li\u010de na kulise u pozori\u0161tu, kao samo privid stvarnosti, dakle.<\/p>\n<p>Za vlasti su upravo kao takve po\u017eeljne jer mogu za njima uvek da posegnu kao dokazom o prisutnosti institucija a da u isto vreme znaju da one postoje samo kao pseudoinstitucije koje, umesto sre\u0111ivanja, dopu\u0161taju nesmetano zaga\u0111enje medijskog prostora \u010diji je otpad najpogodniji za manipulativno-izborno i svako drugo zavo\u0111enje.<\/p>\n<p><a href=\"https:\/\/www.cenzolovka.rs\/drzava-i-mediji\/polozaj-medija-ne-sme-da-zavisi-od-mrzovolje-predsednika-drzave\/\">Cenzolovka<\/a><\/p>\n","protected":false},"excerpt":{"rendered":"<p>U dr\u017eavi u kojoj javni servis ne po\u0161tuje odluku suda, u kojoj ministar policije tu\u017ei novinare i organizuje proteste pred sudom, obe\u0107anje predsednika Vu\u010di\u0107a da \u0107e pobolj\u0161ati polo\u017eaj medija deluje licemerno<\/p>\n","protected":false},"author":1,"featured_media":0,"comment_status":"open","ping_status":"closed","sticky":false,"template":"","format":"standard","meta":{"_seopress_robots_primary_cat":"","_seopress_titles_title":"","_seopress_titles_desc":"","_seopress_robots_index":"","_et_pb_use_builder":"","_et_pb_old_content":"","_et_gb_content_width":"","inline_featured_image":false,"footnotes":""},"categories":[5],"tags":[],"class_list":["post-240865","post","type-post","status-publish","format-standard","hentry","category-drugi-pisu"],"_links":{"self":[{"href":"https:\/\/www.pcnen.com\/portal\/wp-json\/wp\/v2\/posts\/240865","targetHints":{"allow":["GET"]}}],"collection":[{"href":"https:\/\/www.pcnen.com\/portal\/wp-json\/wp\/v2\/posts"}],"about":[{"href":"https:\/\/www.pcnen.com\/portal\/wp-json\/wp\/v2\/types\/post"}],"author":[{"embeddable":true,"href":"https:\/\/www.pcnen.com\/portal\/wp-json\/wp\/v2\/users\/1"}],"replies":[{"embeddable":true,"href":"https:\/\/www.pcnen.com\/portal\/wp-json\/wp\/v2\/comments?post=240865"}],"version-history":[{"count":0,"href":"https:\/\/www.pcnen.com\/portal\/wp-json\/wp\/v2\/posts\/240865\/revisions"}],"wp:attachment":[{"href":"https:\/\/www.pcnen.com\/portal\/wp-json\/wp\/v2\/media?parent=240865"}],"wp:term":[{"taxonomy":"category","embeddable":true,"href":"https:\/\/www.pcnen.com\/portal\/wp-json\/wp\/v2\/categories?post=240865"},{"taxonomy":"post_tag","embeddable":true,"href":"https:\/\/www.pcnen.com\/portal\/wp-json\/wp\/v2\/tags?post=240865"}],"curies":[{"name":"wp","href":"https:\/\/api.w.org\/{rel}","templated":true}]}}