{"id":240830,"date":"2018-02-05T12:08:40","date_gmt":"2018-02-05T11:08:40","guid":{"rendered":"http:\/\/www.pcnen.com\/portal\/?p=240830"},"modified":"2019-10-09T23:22:50","modified_gmt":"2019-10-09T21:22:50","slug":"profesionalac-2","status":"publish","type":"post","link":"https:\/\/www.pcnen.com\/portal\/2018\/02\/05\/profesionalac-2\/","title":{"rendered":"Profesionalac"},"content":{"rendered":"<p>Crna Gora vrvi od profesionalizma u svim oblastima, zato smo tu \u0111e jesmo. I zato smo lideri regiona u svemu i sva\u010demu.<\/p>\n<p>Profesionalizam nam se posebno ogleda u novinarstvu. Imamo sijaset medijskih profesionalaca, ali ipak jedan se posebno isti\u010de. On je novinar, vlasnik radija, najgledanijeg talk show-a (tako se bar reklamira) u Crnoj Gori, i \u0161to je posebno interesantno &#8211; profesor novinarstva na fakultetu.<\/p>\n<p>Iako ga neki smatraju klasi\u010dnim re\u017eimskim novinarom, najbolji dokaz da nije tako je Branko Radulovi\u0107, jedan od vo\u0111a Demokratskog fronta. Jer, kada jedan od 100 najpametnijih ljudi na svijetu \u2013 kakav je Radulovi\u0107, uz to jedan od glavnih u naj\u017ee\u0161\u0107em opozicionom saveza u Crnoj Gori za njega ka\u017ee da je pravi i me\u0111u rijetkim novinarskim profesionalcima, onda, ja bar, dileme nemam da je to upravo tako.<\/p>\n<p>Osvrnu\u0107u se na dvije kolumne profesora novinarstva, odli\u010dne za predavanje i analizu studentima na fakultetu.<\/p>\n<p>Prva se zove \u201ePismo \u0161ljamu\u201c, druga \u201eStvarno, kakve ste vi budale&#8230; i spla\u010dine\u201c!<\/p>\n<p>Pored profesionalno korektnih, profesorskih naslova,\u00a0 evo nekih izvoda iz njih:<\/p>\n<p>\u201cPrvo \u0107u, ipak, da odgovorim ne\u010demu \u0161to se potpisalo kao \u201ckoniko\u201d (nema \u0161anse da marvu po\u010dastim velikim slovom) i po\u017eeljelo da se, poput moga radija, ugasim i ja!!! Ni\u0161tarija, makar i nehotice, baksuzira mojoj \u0111eci, a ja mu odgovaram kontra bajalicom koja se koristi u mom Pavinom Polju: G sa\u010detiri slova ti pod nos! Mo\u017ee i podgori\u010dka verzija: zloj ptici g sa \u010detiri slova u kljun! Mada bi, objektivno, takvoj sorti najbolje pasovala dvostruka porcija\u201d!<\/p>\n<p>\u201c\u017delite li jo\u0161 ne\u0161to da znate o meni, \u201cmoroni\u201d i \u201canonimusi\u201d? Vjerovatno \u017eelite, ali nikad vi\u0161e ne\u0107ete dobiti odgovor. Danas sam odlu\u010dio da se na nekoliko minuta spustim do vas, u kanalizaciju a onda \u0107ete me zauvijek gledati iz perspektive pacova. Vra\u0107am se naravou\u010deniju sentence: \u0161to smrdi, ne miri\u0161i\u201d!<\/p>\n<p>\u201cVe\u0107 dr\u017eim nos u \u0161aci, ali \u0107u jo\u0161 da odgovorim i patolo\u0161kom la\u017eljivcu, koji je svojevremeno zaga\u0111ivao i Radio vezu! Antena M ne dobija na poklon novac od igara na sre\u0107u.<\/p>\n<p>Svojim projektima konkuri\u0161emo za sredstva, u skladu sa propisima. I odradimo svaki cent. I, ako ba\u0161 ho\u0107e\u0161, svaki put bili zakinuti! Ali, \u0161ta ko\u0161ta ni\u0161tariju da bezo\u010dno sla\u017ee kako Antena kobajagi pare dobija mufte\u201d!(Napomena: ovaj opis i kvalifikacije se odnose na mene, ali sam ih dobronamjerno prihvatio jer, ipak, dolaze od profesora, i u me\u0111uvremenu sam se, nadam se bar, popravio).<\/p>\n<p>\u201cObo\u017eavam da nabijam komplekse ni\u0161tarijama poput vas. I, umjesto da vam \u010destitam Novu godinu i Bo\u017ei\u0107, ja vam iz punih usta poru\u010dujem da se nosite u \u2026znate ve\u0107 \u0161ta\u201d.<\/p>\n<p>\u201cNe pada mi na pamet da svoju civilizovanost i superiornu pristojnost dokazujem ignori\u0161u\u0107i lave\u017e s lanca pu\u0161tenih bijesnih pasa\u201d.<\/p>\n<p>\u2026<\/p>\n<p>\u201cNemam iluzije da bi zbog lajanja na prazno mogla da osjeti nelagodu ljudska i politi\u010dka olupina Slaven Radunovi\u0107. Da pocrveni \u0161to se na svom fb profile glaska kao posljednja seoska opajdara koja je savladala savremene tehnologije\u201d.<\/p>\n<p>\u201c\u0160ta, na koncu, re\u0107i o \u201ckolegama\u201d, sa \u201co\u010dima od spla\u010dine\u201d koje se ju\u010de sabla\u017enjavaju zbog gostovanja Sin\u0111eli\u0107a u \u017divoj istini, a progonile su ga za intervju dok jo\u0161 nije bio ni okon\u010dao svjedo\u010denje\u201d?<\/p>\n<p>\u201cStvarno, kakve ste vi budale\u2026i spla\u010dine\u201d!<\/p>\n<p>Na analizi kolumni, posebno upotrijebljenog re\u010dnika profesora novinarstva se najbolje u\u010di novinarstvo. Ili analizom (ne)spornog intervjua sa Sin\u0111ili\u0107em, koji je pravosna\u017eno osu\u0111en za ubistvo u Hrvatskoj na 21 godinu zatvora.<\/p>\n<p>Niste to znali? Profesionalac je vjerovatno\u00a0 to zaboravio da pomene i pita gosta. Ali, to je manje va\u017eno. I Sin\u0111eli\u0107 je \u010dovjek: koji \u0161eta dijete po parku, ide na more taksijem, iznajmljuje stan, i ima majku \u2013 muslimanku\u2026 Zbog toga je i pozvan za gosta. \u0110e vam je humanizam i empatija?<\/p>\n<p>P.S. Studenti, znajte, me\u0111u prvim lekcijama u novinarstvu je ona da prozvani imaju pravo na odgovor. Osim ako to nisu neki anonimusi i \u201c\u0161ljamovi\u201d poput mene.<\/p>\n<p>Zato <a href=\"http:\/\/www.pcnen.com\/portal\/2013\/12\/24\/amaterski-odgovor-novinarskom-profesionalcu\/\">moje reagovanje na prvu kolumnu<\/a> profesor novinarstva nikada nije objavio. Pravo na javnu rije\u010d imaju samo pravosna\u017eno osu\u0111ene ubice. Po profesionalnim standardima profesionalca. I porofesora novinarstva.<\/p>\n<p>P.S.P.S. Kada sam na portalu \u201cVijesti\u201d poku\u0161ao u komentaru da postavim link sa tekstom kolumne \u201eStvarno, kakve ste vi budale&#8230; i spla\u010dine\u201c, sistem portala mi je poslao obavijest \u201enedozvoljen sadr\u017eaj\u201c. No, \u0161to zna o novinarstvu \u201eta bijeda novinarskog esnafa koju \u010dovjek mo\u017ee samo da prezire, iz novinarske \u0161kole \u201coplemenjenom\u201d agresijom arogantnih tupana\u201d.<\/p>\n","protected":false},"excerpt":{"rendered":"<p>Pi\u0161e: Omer \u0160ARKI\u0106<\/p>\n","protected":false},"author":12,"featured_media":0,"comment_status":"open","ping_status":"closed","sticky":false,"template":"","format":"standard","meta":{"_seopress_robots_primary_cat":"","_seopress_titles_title":"","_seopress_titles_desc":"","_seopress_robots_index":"","_et_pb_use_builder":"","_et_pb_old_content":"","_et_gb_content_width":"","inline_featured_image":false,"footnotes":""},"categories":[17],"tags":[],"class_list":["post-240830","post","type-post","status-publish","format-standard","hentry","category-blogovi"],"_links":{"self":[{"href":"https:\/\/www.pcnen.com\/portal\/wp-json\/wp\/v2\/posts\/240830","targetHints":{"allow":["GET"]}}],"collection":[{"href":"https:\/\/www.pcnen.com\/portal\/wp-json\/wp\/v2\/posts"}],"about":[{"href":"https:\/\/www.pcnen.com\/portal\/wp-json\/wp\/v2\/types\/post"}],"author":[{"embeddable":true,"href":"https:\/\/www.pcnen.com\/portal\/wp-json\/wp\/v2\/users\/12"}],"replies":[{"embeddable":true,"href":"https:\/\/www.pcnen.com\/portal\/wp-json\/wp\/v2\/comments?post=240830"}],"version-history":[{"count":0,"href":"https:\/\/www.pcnen.com\/portal\/wp-json\/wp\/v2\/posts\/240830\/revisions"}],"wp:attachment":[{"href":"https:\/\/www.pcnen.com\/portal\/wp-json\/wp\/v2\/media?parent=240830"}],"wp:term":[{"taxonomy":"category","embeddable":true,"href":"https:\/\/www.pcnen.com\/portal\/wp-json\/wp\/v2\/categories?post=240830"},{"taxonomy":"post_tag","embeddable":true,"href":"https:\/\/www.pcnen.com\/portal\/wp-json\/wp\/v2\/tags?post=240830"}],"curies":[{"name":"wp","href":"https:\/\/api.w.org\/{rel}","templated":true}]}}