{"id":240482,"date":"2018-01-30T08:57:03","date_gmt":"2018-01-30T07:57:03","guid":{"rendered":"http:\/\/www.pcnen.com\/portal\/?p=240482"},"modified":"2018-01-30T08:57:03","modified_gmt":"2018-01-30T07:57:03","slug":"dova-za-rat-i-ubijanje-muslimana","status":"publish","type":"post","link":"https:\/\/www.pcnen.com\/portal\/2018\/01\/30\/dova-za-rat-i-ubijanje-muslimana\/","title":{"rendered":"Dova za rat i ubijanje muslimana"},"content":{"rendered":"<p><a href=\"http:\/\/www.pcnen.com\/portal\/wp-content\/uploads\/2015\/05\/Dragan-Bursac.jpg\"><img loading=\"lazy\" decoding=\"async\" class=\"alignleft size-medium wp-image-180696\" src=\"http:\/\/www.pcnen.com\/portal\/wp-content\/uploads\/2015\/05\/Dragan-Bursac-300x224.jpg\" alt=\"\" width=\"300\" height=\"224\" \/><\/a><strong>Autor: Dragan Bursa\u0107<\/strong><\/p>\n<p>Gotovo ispod medijskog radara pro\u0161la je vijest kako je U Begovoj i Carevoj d\u017eamiji u Sarajevu na prijedlog ata\u0161ea za vjerska pitanja u ambasadi Republike Turske u BiH Hasana Atlija odr\u017eana molitva za vojnu akciju Turske u Siriji.<\/p>\n<p><strong>Blasfemija Islamske zajednice<\/strong><\/p>\n<p>Na koliko je samo nivoa ovo blasfemi\u010dan potez Islamske zajednice u Bosni i Hercegovini, zdravom umu je gotovo nepojmljivo. Za one koji ne znaju, turske trupe su u vojnoj akciji ironi\u010dno zvanoj \u00abMaslinova grana\u00bb upale na tlo Sirije sa zadatkom \u010di\u0161\u0107enja tu\u0111eg tla od Kurda.<\/p>\n<p>Turska, svi to znamo ima problema sa Sirijom, Irakom, SAD-om, Ruskom Federacijom, paaa&#8230;ima problema i sa samom sobom. Zapravo Napoleon sa Bosfora, Erdogan je odlu\u010dio da u maniru najcrnjih tiranskih tradicija u\u0161kopi demokratiju prvo u Turskoj, a onda je po\u010deo pokazivati mi\u0161i\u0107e po Bliskom i Srednjem istoku. Dabome, to pokazivanje mi\u0161i\u0107a mu mo\u017ee iza\u0107i na nos.<\/p>\n<p>No. Kog crnog \u0161ejtana jedna vjerska organizacija, negdje gore na sjeveru u Bosnistanu moli Allaha da pripazi turske vojnike koji \u010diste tlo jedne druge dr\u017eave? Kog vraga na Dan sje\u0107anja na holokaust Islamska zajednica BiH prou\u010dava dovu za tursku vojsku, koja je onako usput nekada davno bila direktno odgovorna za genocid nad Jermenima? Onako usput. Kog crnog \u0161ejtana Islamska zajednica moli Boga da muslimani pobiju \u0161to vi\u0161e muslimana? Onako usput.<\/p>\n<p>I kako to da Islamska zajednica ne moli Allaha institucionalno za spas du\u0161a u vjeri one bijede i neja\u010di izbjegli\u010dke od Sirije, preko Avganistana i Iraka do Jemena? Mo\u017eda se ne bi, po ko zna koji put petljali vjerski poglavari Islamske zajednice u bjelosvjetsku politiku, da nije bilo onog slu\u010dajnog \u00abprijedloga\u00bb iz turska ambasade. \u010citaj naredbe.<\/p>\n<p><strong>Turski hati\u0161erif i lokalno poni\u017eavanje<\/strong><\/p>\n<p>Pa se Islamska zajednica na \u010delu sa Reisu-l-ulemom Huseinom ef. Kavazovi\u0107em pokazala kao podvi\u017eni\u010dka, instruisana i obezglavljena organizacija, koja je tek jedna \u0107elija, ma ni \u0107elija, jedna organelica u sistemu mo\u0107i jedne (relativno) velike regionalne sile.<\/p>\n<p>Samo dan poslije sramne dove, re\u0107i \u0107e Kavazovi\u0107 prijetvorno u intervjuu za Klix.ba kako, pazite sad, Islamska zajednica u BiH nije povezana s politikom ni sa strankama. Ne, gospodine Kavazovi\u0107u, Islamska zajednica nije povezana sa politikom i strankama, ona direktno predstavlja politiku i rad pojedinih stranaka. No, na stranu unutra\u0161nja pitanja BiH i politi\u010dke zavrzlame. Toga je bilo kao i lo\u0161ih brakova lokalnih politi\u010dara sa ostalim vjerskim zajednicama zarad jefinih politi\u010dkih poena, ali moliti Boga za vojnu intervenciju nekoliko hiljada kilometara od Sarajeva, Begove i Careve d\u017eamije, dozvoli\u0107ete, suludo je.<br \/>\n<strong><br \/>\nPovijesne ludosti vjere na Balkanu <\/strong><\/p>\n<p>Jer, tako dajete kredibilitet svim onim popovima koji su blagosiljali srpske vojne i paravojne formacije prije odlaska u zlo\u010dina\u010dke pohode u toku pro\u0161log rata. Time dajete i legitimitet i kredibilitet silnim katoli\u010dkim sve\u0107enicima koji su molitve molili i krunice rotirali za presu\u0111ene ratne zlo\u010dince ili ti ha\u0161ke uznike. Na koncu, po \u010demu se razlikuje direktan upliv jedne vjerske organizacije koja daje blagoslov vojnicima od druge?<\/p>\n<p>Turski vojnici su posve sigurno ohranbreni dovom koja je prou\u010dena u Sarajevu, pa sad mogu potpuno slobodno pod nomenom maslinove grane i nekoliko centimetara \u010deli\u010dnih oklopa da do mile volje raznose ono ne\u0161to malo neuni\u0161tene bijede u Siriji. Turski vojnici su puni Bo\u017eje milosti iz glavnog grada BiH, pa sad mogu izvr\u0161avati \u00abgrube radove\u00bb nad ono ne\u0161to pre\u017eivjelih Kurda, koje je i Kurta i Murta zajebala i koji nikad dr\u017eave dobiti ne\u0107e. Dabome, nema veze dova i Bo\u017eja milost sa masakrom i pokoljem na sjeveru Sirije, ali se Islamska zajednica iz petnih \u017eila trudi da nekako spoji nespojivo, ne bi li se dodvorila Erdoganu.<\/p>\n<p>I onako ljubopitljivo, \u0161ta je poenta dovljenja? Najiskrenije? Da li se mole predstavnici Islamske zajednice u BiH za mir i spokoj turskog vojnika, ili za njegovu efikasnost u ubijanju drugih muslimana? Ili i jedno i drugo? Zna dobro ef. Kavazovi\u0107 da turski vojnik, ona mitska fantamazgorija, jednaka ruskom soldatu za Pravoslavnu crkvu ili kakvom ameri\u010dkom marincu u pankatoli\u010dkom poimanju pravde, velim zna dobro Kavazovi\u0107 da Erdogan nije poslao vojsku da pije \u010daj i uvje\u017ebava baletske korake na sjeveru Sirije.<\/p>\n<p>Erdogan je, da prostite poslao svoje vojnike da uni\u0161te i sa zemljom sravne Demokratsku Federaciju Sjeverne Sirije. A, ona je autonomna oblast u ratom razorenoj Siriji koja je posljednjih mjeseci zadala \u017eestok udarac Islamskoj dr\u017eavi oslobodiv\u0161i Raku i druge dijelove dzemlje. I sav je problem \u0161to se sastavu vojske DFSS-a zna\u010dajnu ulogu igraju Kurdi Sirije. A, gdje su Kurdi, po Erdoganu i turskoj doktrini, ima da ih nema.<\/p>\n<p><strong>\u010cudni su putevi Allahovi<\/strong><\/p>\n<p>Sad, nije najjasnije dal&#8217; je Allah svemogu\u0107i usli\u0161io molitve lokalnih hod\u017ea, tek do sada je prema slabo dostupnim podacima u operaciji \u00abMaslinova grana\u00bb poginulo izme\u0111u 100 i 500 vojnika, a ubijeno je preko 50 civila, prete\u017eno \u017eena i djece.<\/p>\n<p>Sad, nije najjasnije dal&#8217; je Allah svemogu\u0107i usli\u0161io molitve lokalnih hod\u017ea, tek do sada je turska vojska i njena \u00abGrana maslinova\u00bb uspjela da dobrano izgranatira drevni hram Ain Dara, iz bronzanog doba, koji datira iz perioda od 1.300 do 740 godine prije nove ere.<\/p>\n<p>Sad nije najjasnije da l&#8217; su lokalne hod\u017ee dovile za ubijanje nevinih muslimanskih civila i ru\u0161enje istorijskih znamenitosti, ali tako vam je to kad se za rat molite i kad ratu i ratnicima dove prou\u010davate.<\/p>\n<p><strong>Za dove nedostojni<\/strong><\/p>\n<p>Dabome, one silne izbjeglice, prognanici, porodice ubijene neja\u010di, sravnjeni gradovi od Palmire, Rake do Alepa i nisu vrijedne neke ozbiljnije molitve, jer to tako ka\u017ee turski ambasador koji odgovara direktno Erdoganu, a Islamsa zajednica BiH, \u00abnije involvirana u politiku\u00bb.<\/p>\n<p>Pa najbolje bi bilo, ba\u0161 ef. Kavazovi\u0107u da ustane i zarad dobrobiti bo\u0161nja\u010dkog naroda koji je do\u017eivio najgore zlo\u010dine i genocid u pro\u0161lom ratu poka\u017ee \u0161ta je milost i samilost.<\/p>\n<p>A, islam, kao i hri\u0161\u0107anstvo i judaizma jesu u svojoj kanonici religije ljubavi, tolerancije, pomirenja i pra\u0161tanja. Samo, jebo toleranciju, pomirenje i pra\u0161tanje na Balkanu! Po logici, kad su mogli Srbi i Hrvati, \u0161to ne bi i mi blagosiljali pu\u0161ke, tenkove, pancire, grante i ostali \u00abmiroljubivi\u00bb arsenala vodila se Islamska zajednica BiH.<\/p>\n<p>I da, dabome da \u0107e ovaj performans u Sarajevu ostati bez bilo kakvih posljedica ili kazni. Jer, ko \u0107e njima, ko \u0107e njih. Ionako su to odlju\u0111ene organizacije i interesne grupacije, koje u godini izbora svojim delanjem moraju pokazati ko im je favorit u izbornoj trci. Pa makar vjerski PR-ing obuhvatao molitvu za vojnike zavojeva\u010de.<\/p>\n<p>Na sramotu svih nas!<\/p>\n<p><a href=\"http:\/\/www.6yka.com\/novost\/134913\/dragan-bursac-dova-za-rat-i-ubijanje-muslimana\" target=\"_blank\" rel=\"noopener\">Buka<\/a><\/p>\n","protected":false},"excerpt":{"rendered":"<p>Samo, jebo toleranciju, pomirenje i pra\u0161tanje na Balkanu! Po logici, kad su mogli Srbi i Hrvati, \u0161to ne bi i mi blagosiljali pu\u0161ke, tenkove, pancire, grante i ostali \u00abmiroljubivi\u00bb arsenal, vodila se Islamska zajednica BiH<\/p>\n","protected":false},"author":1,"featured_media":0,"comment_status":"open","ping_status":"closed","sticky":false,"template":"","format":"standard","meta":{"_seopress_robots_primary_cat":"","_seopress_titles_title":"","_seopress_titles_desc":"","_seopress_robots_index":"","_et_pb_use_builder":"","_et_pb_old_content":"","_et_gb_content_width":"","inline_featured_image":false,"footnotes":""},"categories":[5],"tags":[],"class_list":["post-240482","post","type-post","status-publish","format-standard","hentry","category-drugi-pisu"],"_links":{"self":[{"href":"https:\/\/www.pcnen.com\/portal\/wp-json\/wp\/v2\/posts\/240482","targetHints":{"allow":["GET"]}}],"collection":[{"href":"https:\/\/www.pcnen.com\/portal\/wp-json\/wp\/v2\/posts"}],"about":[{"href":"https:\/\/www.pcnen.com\/portal\/wp-json\/wp\/v2\/types\/post"}],"author":[{"embeddable":true,"href":"https:\/\/www.pcnen.com\/portal\/wp-json\/wp\/v2\/users\/1"}],"replies":[{"embeddable":true,"href":"https:\/\/www.pcnen.com\/portal\/wp-json\/wp\/v2\/comments?post=240482"}],"version-history":[{"count":0,"href":"https:\/\/www.pcnen.com\/portal\/wp-json\/wp\/v2\/posts\/240482\/revisions"}],"wp:attachment":[{"href":"https:\/\/www.pcnen.com\/portal\/wp-json\/wp\/v2\/media?parent=240482"}],"wp:term":[{"taxonomy":"category","embeddable":true,"href":"https:\/\/www.pcnen.com\/portal\/wp-json\/wp\/v2\/categories?post=240482"},{"taxonomy":"post_tag","embeddable":true,"href":"https:\/\/www.pcnen.com\/portal\/wp-json\/wp\/v2\/tags?post=240482"}],"curies":[{"name":"wp","href":"https:\/\/api.w.org\/{rel}","templated":true}]}}