{"id":240003,"date":"2018-01-20T10:15:18","date_gmt":"2018-01-20T09:15:18","guid":{"rendered":"http:\/\/www.pcnen.com\/portal\/?p=240003"},"modified":"2018-01-20T10:16:00","modified_gmt":"2018-01-20T09:16:00","slug":"treslo-kod-plava","status":"publish","type":"post","link":"https:\/\/www.pcnen.com\/portal\/2018\/01\/20\/treslo-kod-plava\/","title":{"rendered":"Treslo kod Plava"},"content":{"rendered":"<p><a href=\"http:\/\/www.pcnen.com\/portal\/wp-content\/uploads\/2012\/05\/potres.jpg\"><img loading=\"lazy\" decoding=\"async\" class=\"alignleft size-medium wp-image-84928\" src=\"http:\/\/www.pcnen.com\/portal\/wp-content\/uploads\/2012\/05\/potres-300x225.jpg\" alt=\"\" width=\"300\" height=\"225\" \/><\/a>Jutros u 8.29 minuta registrovan je zemljotres manje ja\u010dine sa <a href=\"https:\/\/www.google.com\/maps\/place\/42%C2%B035'58.9%22N+19%C2%B051'01.1%22E\/@42.599685,19.8477112,954m\/data=!3m1!1e3!4m5!3m4!1s0x0:0x0!8m2!3d42.5997!4d19.8503\">epicentrom na 8 km zapadno od Plava<\/a>, saop\u0161tio je Sektor za seizmologiju Zavoda za hidrometeorologiju i seizmologiju Crne Gore<\/p>\n<p>Ja\u010dina zemljotresa u hipocentru (\u017eari\u0161tu) iznosila je 3.0 jedinice Rihterove skale, \u0161to odgovara epicentralnom intenzitetu od V stepeni Merkalijeve skale (MCS).<\/p>\n<p>\u017dari\u0161te zemljotresa locirano je na dubini od 8 km.<\/p>\n<p>Na osnovu numeri\u010dkog modela promjene intenziteta sa rastojanjem u ovom regionu, magnitude zemljotresa i dubine hipocentra, ovaj zemljotres nije mogao izazvati materijalne \u0161tete u epicentralnom podru\u010dju.<\/p>\n<p>Od <a href=\"http:\/\/Jak zemljotres potresao Crnu Goru\">ja\u010deg potresa 4. januar<\/a> do sada bilo je vi\u0161e slabijih potresa na ovom podru\u010dju.<\/p>\n","protected":false},"excerpt":{"rendered":"<p>Ja\u010dina zemljotresa u hipocentru (\u017eari\u0161tu) iznosila je 3.0 jedinice Rihterove skale<\/p>\n","protected":false},"author":1,"featured_media":0,"comment_status":"open","ping_status":"closed","sticky":false,"template":"","format":"standard","meta":{"_seopress_robots_primary_cat":"","_seopress_titles_title":"","_seopress_titles_desc":"","_seopress_robots_index":"","_et_pb_use_builder":"","_et_pb_old_content":"","_et_gb_content_width":"","inline_featured_image":false,"footnotes":""},"categories":[12],"tags":[],"class_list":["post-240003","post","type-post","status-publish","format-standard","hentry","category-prica-dana"],"_links":{"self":[{"href":"https:\/\/www.pcnen.com\/portal\/wp-json\/wp\/v2\/posts\/240003","targetHints":{"allow":["GET"]}}],"collection":[{"href":"https:\/\/www.pcnen.com\/portal\/wp-json\/wp\/v2\/posts"}],"about":[{"href":"https:\/\/www.pcnen.com\/portal\/wp-json\/wp\/v2\/types\/post"}],"author":[{"embeddable":true,"href":"https:\/\/www.pcnen.com\/portal\/wp-json\/wp\/v2\/users\/1"}],"replies":[{"embeddable":true,"href":"https:\/\/www.pcnen.com\/portal\/wp-json\/wp\/v2\/comments?post=240003"}],"version-history":[{"count":0,"href":"https:\/\/www.pcnen.com\/portal\/wp-json\/wp\/v2\/posts\/240003\/revisions"}],"wp:attachment":[{"href":"https:\/\/www.pcnen.com\/portal\/wp-json\/wp\/v2\/media?parent=240003"}],"wp:term":[{"taxonomy":"category","embeddable":true,"href":"https:\/\/www.pcnen.com\/portal\/wp-json\/wp\/v2\/categories?post=240003"},{"taxonomy":"post_tag","embeddable":true,"href":"https:\/\/www.pcnen.com\/portal\/wp-json\/wp\/v2\/tags?post=240003"}],"curies":[{"name":"wp","href":"https:\/\/api.w.org\/{rel}","templated":true}]}}