{"id":239939,"date":"2018-01-19T08:14:07","date_gmt":"2018-01-19T07:14:07","guid":{"rendered":"http:\/\/www.pcnen.com\/portal\/?p=239939"},"modified":"2018-01-19T08:14:07","modified_gmt":"2018-01-19T07:14:07","slug":"konferencija-za-novinare-kao-bezobzirni-incident","status":"publish","type":"post","link":"https:\/\/www.pcnen.com\/portal\/2018\/01\/19\/konferencija-za-novinare-kao-bezobzirni-incident\/","title":{"rendered":"Konferencija za novinare kao bezobzirni incident"},"content":{"rendered":"<p><strong><a href=\"http:\/\/www.pcnen.com\/portal\/wp-content\/uploads\/2016\/03\/Vesna-Rakic-Vodinelic.jpg\"><img loading=\"lazy\" decoding=\"async\" class=\"alignleft size-medium wp-image-201462\" src=\"http:\/\/www.pcnen.com\/portal\/wp-content\/uploads\/2016\/03\/Vesna-Rakic-Vodinelic-300x220.jpg\" alt=\"\" width=\"300\" height=\"220\" \/><\/a>Pi\u0161e: Vesna Raki\u0107-Vodineli\u0107<\/strong><\/p>\n<p>Savet za nacionalnu bezbednost Srbije je, povodom surovog ubistva Olivera Ivanovi\u0107a odr\u017eao sednicu, a potom je predsednik Republike govorio na konferenciji za novinare. Ubistvo Ivanovi\u0107a okvalifikovao je kao teroristi\u010dki akt i odmah izjavio \u201eda \u0107e se dr\u017eava Srbija u skladu sa tim prema tom aktu i odnositi\u201c (N1 info, 16.1.2018). Po\u010deo je tiho i polako, mentalno sklopljenih vrhova prstiju, \u0161to je bilo o\u010dekivano i primereno zna\u010daju koji je sam on pridao ovom ubistvu, odr\u017eav\u0161i hitnu sednicu bezbednosnog Saveta. Teroristi\u010dki akt se u obi\u010dnom govoru shvata kao smi\u0161ljeno nasilje prema civilima radi postizanja odre\u0111enih politi\u010dkih ili religioznih ciljeva i \u0161ire \u2013 odre\u0111enih ideolo\u0161kih ciljeva, a sra\u010dunato je na izazivanje i \u0161irenje straha. Takav zna\u010daj je ovom ubistvu o\u010digledno pridao i Vu\u010di\u0107, naro\u010dito u delu govora kojim \u2013 na svoj na\u010din \u2013 izra\u017eava sau\u010de\u0161\u0107e zbog ubistva Olivera Ivanovi\u0107a: \u201eUbijen je \u010dovek koji je roditelj, suprug i koji nikada nije pozivao na sukob Srba i Albanaca. Bez obzira na politi\u010dke razlike, li\u010dno upu\u0107ujem sau\u010de\u0161\u0107e porodici Ivanovi\u0107a i svim Srbima. To je napad na porodicu Ivanovi\u0107, Sever Kosova i Srbe u celini\u201c. O ovom uslovnom izra\u017eavanju sau\u010de\u0161\u0107a (\u201ebez obzira na politi\u010dke razlike\u201c, a politi\u010dke razlike su za Vu\u010di\u0107a osnovni, takore\u0107i \u017eivotni kriterijum) trebalo bi jo\u0161 koje\u0161ta napisati. Za sada \u2013 samo ovoliko.<\/p>\n<p>Usredsre\u0111ujem se na deo izlaganja koji se ti\u010de poimanja teroristi\u010dkog akta. Da je predsednik imao u vidu upravo uobi\u010dajeni pojam, vidi se iz re\u010di da on Ivanovi\u0107evo ubistvo smatra napadom na Srbe \u201eu celini\u201c. Dakle, moglo bi se re\u0107i da se ima u vidu akt politi\u010dkog terorizma, kako su brojni analiti\u010dari ovo ubistvo do sada kvalifikovali.<\/p>\n<p>U prete\u017enom delu izlaganja, posle ovih osnovnih kvalifikacija, ton je i dalje smiren, ali sadr\u017eina nije li\u0161ena pretnji. Iako je rekao da ne mo\u017ee da spekuli\u0161e o mogu\u0107em izvr\u0161iocu i inspiratorima, ipak je nazna\u010dio neke kriminalisti\u010dke verzije, inspirisane politi\u010dkom kori\u0161\u0107u: \u201eMislim da je svakome sve jasno, i kome bi na Kosovu odgovaralo, kome u me\u0111unarodnoj zajednici, kome na Kosovu ne bi, a kome bi odgovaralo ili ne bi u Beogradu\u201c. Ovaj odgovor na novinarsko pitanje i dalje potvr\u0111uje po\u010detnu tezu da je u pitanju akt politi\u010dkog terorizma, jer se jedna od kriminalisti\u010dkih verzija kad se radi o politi\u010dkom ubistvu formira prema mogu\u0107oj politi\u010dkoj probita\u010dnosti. Ali, to nije posao predsednika Republike. Kriminalisti\u010dke verzije treba da formira neko drugi, jer \u2013 da ne pose\u017eem sad za vladavinom prava i podelom dr\u017eavnih vlasti \u2013 lai\u010dkim kriminalisti\u010dkim verzijama na konferencijama za novinare nije ni mesto ni vreme. O\u010dekivalo se da govori o politi\u010dkim posledicama ovog tragi\u010dnog \u010dina. Pored toga, nije svakome sve jasno: ovde jo\u0161 ni\u0161ta nije ni jasno ni o\u010digledno. A kad bi svima sve bilo jasno, \u010demu bi onda imala da slu\u017ei istraga i odlu\u010dan zahtev Srbije da sprovodi istragu na teritoriji koja je, kako re\u010de predsednik \u201evan njene jurisdikcije\u201c. Nastaviv\u0161i, me\u0111utim, istom linijom, govornik je neke druge verzije odlu\u010dno odbacio. Rekao je da je \u201eposao\u201c Albanaca da optu\u017euju Srbiju za sve, i da to rade \u201eve\u0107 mnogo vremena\u201c. A onda je, \u010dak i u ovoj prilici, uz prigodno povi\u0161enje tona, usledila politi\u010dka pretnja: \u201eAli, ne razumem one odavde koji misle da je to prilika, po\u0161to ih niko ne\u0107e ni za \u0161ta, svi znaju kakvi su lopovi. Da se okliznu, oni bi rekli Vu\u010di\u0107 je kriv. Svaki dan govore da sam ja izdajnik, je l\u2019 to nije meta na \u010delu ili petostruki ar\u0161ini?\u201c Onima koji u Srbiji rade protiv interesa zemlje mo\u017ee da ka\u017ee samo \u201ebednici jedni, jadnici jedni\u201c. Da li \u0107e taj jad i beda obuhvatiti i one u Srbiji koji bi imali da sprovode krivi\u010dnu istragu (Tu\u017eila\u0161tvo za organizovani kriminal i policija), da li \u0107e ova ocena uticati na formulisanje svih mogu\u0107ih kriminalisti\u010dkih verzija ovog zlo\u010dina? Po dosada\u0161njem toku stvari, na\u017ealost, ho\u0107e. Bilo je toga jo\u0161: \u201eOni koji su oplja\u010dkali i upropastili dr\u017eavu i sve rade protiv Srbije, i danas koriste u svoje svrhe i ubistvo Olivera Ivanovi\u0107a i la\u017eu i izmi\u0161ljaju. Sram vas bilo. To je malo re\u0107i za to kakvu \u0161tetu pravite svojoj dr\u017eavi i \u0161ta radite protiv svoje dr\u017eave\u201c, poru\u010dio je na\u0161 kralj Sunce, ne uvi\u0111aju\u0107i, mo\u017eda, da \u010dini upravo ono \u0161to prebacuje \u201eplja\u010dka\u0161ima\u201c i \u201eupropastiteljima\u201c.<\/p>\n<p>I tako je ova konferencija za novinare tekla na na\u010din na koji smo svi navikli: malo smirenosti i patosa, malo nedore\u010denih informacija, malo sau\u010de\u0161\u0107a, malo neizbe\u017enih pretnji ovda\u0161njim politi\u010dkim protivnicima, malo poruka organima gonjenja. Sve dok mu \u2013 kakva neobi\u010dna drskost na jednoj konferenciji za novinare! \u2013 novinarka nije postavila specifi\u010dno pitanje o tome da li postoji veza izme\u0111u paljenja automobila Olivera Ivanovi\u0107a i ubistva. Odgovora, razume se nije bilo, ali je bilo agresivnog tuma\u010denja pitanja, kojim je Vu\u010di\u0107 najzad stresao sa sebe dotada\u0161nji patos i zami\u0161ljenu dr\u017eavni\u010dku smirenost. I postao sli\u010dniji sam sebi \u010dak i u jednoj ovakvoj prilici. Ali, iako je u tome sve bilo uvredljivo, akcenat je na ne\u010demu drugom: \u201eAli, ne pitate vi to. Pitate jer biste hteli da ka\u017eete kako tu ima nekoga iz politike. Nema iz politike, a ako ima, nemojte da brinete, odgovara\u0107e, samo nemojte va\u0161e sumnje da iznosite kao \u010dinjenice. Tri puta sam vam odgovorio i rekao da to ne znam, niti je mogu\u0107e da znam. Niste to tra\u017eili, nije vam to ni trebalo, nego ne\u0161to drugo. Svi ovi Leki\u0107, Janji\u0107, \u0110ilas\u2026\u201c Dakle, re\u010de Vu\u010di\u0107, u ovom aktu terorizma nema politike, a ako je ipak ima, odgovara\u0107e. Nema politike u aktu politi\u010dkog terorizma? Oksimoron? Ne, hteo je da ka\u017ee da u ovom aktu nema njegove politike i njegovih politi\u010dara. A to ga niko nije pitao. Ipak, politike njegovih je bilo. Nije bilo davno, pa smo kako Vu\u010di\u0107 re\u010de, svi zapamtili re\u010di Marka \u0110uri\u0107a: \u201eSvaki glas za Olivera Ivanovi\u0107a i bilo koga ko nije na Srpskoj listi je glas protiv interesa srpskog naroda i glas za razbijanje srpskog jedinstva u pokrajini\u201c. Dakle, glasati za Olivera Ivanovi\u0107a isto kao i ubiti Olivera Ivanovi\u0107a je protiv interesa srpskog naroda! To vi\u0161e nije nikakva politi\u010dka relativizacija, to je pravi pravcati u\u017eas. Niko od onih koje je Vu\u010di\u0107 izri\u010dno pomenuo nije optu\u017eivao Vu\u010di\u0107a i njegove za ubistvo, ali jeste za stvaranje atmosfere u kojoj je tako ne\u0161to postalo mogu\u0107e. Za kreiranje takve atmosfere, ne samo u Kosovskoj Mitrovici, politi\u010dki se odgovara. Od jednog predsednika Republike se o\u010dekuje odgovor na to, a ne agresivno tuma\u010denje novinarskog pitanja, ma kako ga to pitanje silno nerviralo.<\/p>\n<p>I tako se jedna konferencija za novinare od koje su se o\u010dekivali pre svega pijetet i odgovor na zatrovanu politi\u010dku atmosferu, pretvorila u nedostojni svadljivi incident.<\/p>\n<p>Umesto \u0161efa dr\u017eave, pijetet su iskazali gra\u0111ani Srbije, gotovo u svim gradovima. Nisam poznavala Olivera Ivanovi\u0107a, ali sam pratila njegov politi\u010dki rad i su\u0111enje. Pored nesumnjive politi\u010dke hrabrosti i trezvenosti, jasne re\u010di i upornog nastojanja na razgovoru i mirnom re\u0161enju brojnih sporova na Kosovu, isijavao je na ekranu, a sigurno jo\u0161 vi\u0161e u\u017eivo, \u017eivotnu energiju i vedrinu. Jedan tako \u017eiv \u010dovek, \u010diji \u017eivot nije bio nimalo lak, surovo je pogubljen. \u017divost spram bezdu\u0161nog i naprasnog kraja \u2013 to je okupilo gra\u0111ane Srbije, gotovo isto kao kada je ubijen Zoran \u0110in\u0111i\u0107. Mo\u017eda i sramota zbog incidentne konferencije za novinare predsednika koji bi trebalo da bude na\u0161, svih nas, uklju\u010duju\u0107i i Olivera Ivanovi\u0107a. Mo\u017eda i sramota zbog toga \u0161to je javni servis \u2013 RTS \u2013 kraj svih \u017eivih politi\u010dara u Srbiji, na\u0161ao da o ubistvu Olivera Ivanovi\u0107a razgovara ba\u0161 sa Markom \u0110uri\u0107em.<\/p>\n<p>Da se jo\u0161 jednom pozovem na Vu\u010di\u0107a \u2013 svi su videli i \u010duli njegovu konferenciju za novinare, svi sve o njoj znaju. Zato je ovaj napis mo\u017eda nepotreban. Ipak, nudim ga javnosti, me\u0111u njima i onim politi\u010darima iz vladaju\u0107e ekipe koji nisu mogli da zadr\u017ee suze. Mo\u017eda kao podstrek Rasimu Ljaji\u0107u da javno ka\u017ee da se smrt ne sme pretvarati u medijski incident.<\/p>\n<p><a href=\"http:\/\/pescanik.net\/konferencija-za-novinare-kao-bezobzirni-incident\/\">Pe\u0161\u010danik.net<\/a><\/p>\n","protected":false},"excerpt":{"rendered":"<p>Da se jo\u0161 jednom pozovem na Vu\u010di\u0107a \u2013 svi su videli i \u010duli njegovu konferenciju za novinare, svi sve o njoj znaju. Zato je ovaj napis mo\u017eda nepotreban<\/p>\n","protected":false},"author":1,"featured_media":0,"comment_status":"open","ping_status":"closed","sticky":false,"template":"","format":"standard","meta":{"_seopress_robots_primary_cat":"","_seopress_titles_title":"","_seopress_titles_desc":"","_seopress_robots_index":"","_et_pb_use_builder":"","_et_pb_old_content":"","_et_gb_content_width":"","inline_featured_image":false,"footnotes":""},"categories":[5],"tags":[],"class_list":["post-239939","post","type-post","status-publish","format-standard","hentry","category-drugi-pisu"],"_links":{"self":[{"href":"https:\/\/www.pcnen.com\/portal\/wp-json\/wp\/v2\/posts\/239939","targetHints":{"allow":["GET"]}}],"collection":[{"href":"https:\/\/www.pcnen.com\/portal\/wp-json\/wp\/v2\/posts"}],"about":[{"href":"https:\/\/www.pcnen.com\/portal\/wp-json\/wp\/v2\/types\/post"}],"author":[{"embeddable":true,"href":"https:\/\/www.pcnen.com\/portal\/wp-json\/wp\/v2\/users\/1"}],"replies":[{"embeddable":true,"href":"https:\/\/www.pcnen.com\/portal\/wp-json\/wp\/v2\/comments?post=239939"}],"version-history":[{"count":0,"href":"https:\/\/www.pcnen.com\/portal\/wp-json\/wp\/v2\/posts\/239939\/revisions"}],"wp:attachment":[{"href":"https:\/\/www.pcnen.com\/portal\/wp-json\/wp\/v2\/media?parent=239939"}],"wp:term":[{"taxonomy":"category","embeddable":true,"href":"https:\/\/www.pcnen.com\/portal\/wp-json\/wp\/v2\/categories?post=239939"},{"taxonomy":"post_tag","embeddable":true,"href":"https:\/\/www.pcnen.com\/portal\/wp-json\/wp\/v2\/tags?post=239939"}],"curies":[{"name":"wp","href":"https:\/\/api.w.org\/{rel}","templated":true}]}}