{"id":239924,"date":"2018-01-18T20:12:15","date_gmt":"2018-01-18T19:12:15","guid":{"rendered":"http:\/\/www.pcnen.com\/portal\/?p=239924"},"modified":"2018-01-18T20:12:15","modified_gmt":"2018-01-18T19:12:15","slug":"papa-vjencao-par-u-avionu","status":"publish","type":"post","link":"https:\/\/www.pcnen.com\/portal\/2018\/01\/18\/papa-vjencao-par-u-avionu\/","title":{"rendered":"Papa vjen\u010dao par u avionu"},"content":{"rendered":"<p>Poglavar Rimokatoli\u010dke crkve Franjo prvi je papa koji je vjen\u010dao dvije osobe na ceremoniji u avionu tokom leta.<\/p>\n<p>Papa je  vjen\u010dao dva \u010dlana posade \u010dilenaske aviokompanije LATAM u papskom avionu na letu iz Santijaga ka gradu Ikike na sjeveru \u010cilea.<\/p>\n<p>Mlada Paola Podest i mlado\u017eenja Karlos \u0106ufardi rekli su &#8220;da&#8221; na ceremoniji jutros nakon \u0161to su papi kazali da su gra\u0111ansko vjen\u010danje obavili 2010. godine.<\/p>\n<p>Njih dvoje su naveli da nisu bili u mogu\u0107nosti da poslije gra\u0111anskog obave i crkveno vjen\u010danje zbog zemljotresa koji je 2010. godine pogodio \u010cile.<\/p>\n<p>Papa im je zbog toga ponudio da ih vjen\u010da tokom leta, \u0161to su oboje odmah prihvatili.<\/p>\n<p>Mlado\u017eenja je rekao novinarima da mu je papa kazao da je to &#8220;istorijsko&#8221; vjen\u010danje i da nijedan papa ranije nije vjen\u010dao par u avionu, prenosi Beta.  <\/p>\n","protected":false},"excerpt":{"rendered":"<p>Poglavar Rimokatoli\u010dke crkve Franjo prvi je papa koji je vjen\u010dao dvije osobe na ceremoniji u avionu tokom leta. Papa je vjen\u010dao dva \u010dlana posade \u010dilenaske aviokompanije LATAM u papskom avionu na letu iz Santijaga ka gradu Ikike na sjeveru \u010cilea. Mlada Paola Podest i mlado\u017eenja Karlos \u0106ufardi rekli su &#8220;da&#8221; na ceremoniji jutros nakon \u0161to [&hellip;]<\/p>\n","protected":false},"author":1,"featured_media":0,"comment_status":"open","ping_status":"closed","sticky":false,"template":"","format":"standard","meta":{"_seopress_robots_primary_cat":"","_seopress_titles_title":"","_seopress_titles_desc":"","_seopress_robots_index":"","_et_pb_use_builder":"","_et_pb_old_content":"","_et_gb_content_width":"","inline_featured_image":false,"footnotes":""},"categories":[14],"tags":[],"class_list":["post-239924","post","type-post","status-publish","format-standard","hentry","category-vijesti"],"_links":{"self":[{"href":"https:\/\/www.pcnen.com\/portal\/wp-json\/wp\/v2\/posts\/239924","targetHints":{"allow":["GET"]}}],"collection":[{"href":"https:\/\/www.pcnen.com\/portal\/wp-json\/wp\/v2\/posts"}],"about":[{"href":"https:\/\/www.pcnen.com\/portal\/wp-json\/wp\/v2\/types\/post"}],"author":[{"embeddable":true,"href":"https:\/\/www.pcnen.com\/portal\/wp-json\/wp\/v2\/users\/1"}],"replies":[{"embeddable":true,"href":"https:\/\/www.pcnen.com\/portal\/wp-json\/wp\/v2\/comments?post=239924"}],"version-history":[{"count":0,"href":"https:\/\/www.pcnen.com\/portal\/wp-json\/wp\/v2\/posts\/239924\/revisions"}],"wp:attachment":[{"href":"https:\/\/www.pcnen.com\/portal\/wp-json\/wp\/v2\/media?parent=239924"}],"wp:term":[{"taxonomy":"category","embeddable":true,"href":"https:\/\/www.pcnen.com\/portal\/wp-json\/wp\/v2\/categories?post=239924"},{"taxonomy":"post_tag","embeddable":true,"href":"https:\/\/www.pcnen.com\/portal\/wp-json\/wp\/v2\/tags?post=239924"}],"curies":[{"name":"wp","href":"https:\/\/api.w.org\/{rel}","templated":true}]}}