{"id":239793,"date":"2018-01-16T09:34:09","date_gmt":"2018-01-16T08:34:09","guid":{"rendered":"http:\/\/www.pcnen.com\/portal\/?p=239793"},"modified":"2018-01-16T10:55:55","modified_gmt":"2018-01-16T09:55:55","slug":"ubijen-oliver-ivanovic","status":"publish","type":"post","link":"https:\/\/www.pcnen.com\/portal\/2018\/01\/16\/ubijen-oliver-ivanovic\/","title":{"rendered":"Ubijen Oliver Ivanovi\u0107"},"content":{"rendered":"<p><a href=\"http:\/\/www.pcnen.com\/portal\/wp-content\/uploads\/2015\/08\/Oliver-Ivanovic.jpg\"><img loading=\"lazy\" decoding=\"async\" class=\"alignleft size-full wp-image-186391\" src=\"http:\/\/www.pcnen.com\/portal\/wp-content\/uploads\/2015\/08\/Oliver-Ivanovic.jpg\" alt=\"\" width=\"274\" height=\"184\" \/><\/a>Oliver Ivanovi\u0107, jedan od lidera kosovskih Srba, ubijen je jutros hicima iz vatrenog oru\u017eja u Kosovskoj Mitrovici.<\/p>\n<p>Ivanovi\u0107ev advokat je vijest o smrti potvrdio za beogradski Blic.<\/p>\n<p>&#8220;Izgleda je ve\u0107 na licu mesta preminuo. Koliko znamo za sada, zadobio je pet prostrelnih rana. Odmah je prevezen u bolnicu, lekari su poku\u0161ali da ga reanimiraju, ali nije bilo spasa&#8221;, rekao je advokat Neboj\u0161a Vlai\u0107.<\/p>\n<p>Glavni tu\u017eilac Tu\u017eila\u0161tva u Mitrovici je rekao da je pucano iz vozila u pokretu.<\/p>\n<p>Ivanovi\u0107 je ubijen na isti dan prije \u010detiri godine i kandidat za gradona\u010delnika Sjeverne Mitrovice i li\u010dni prijatelj i saborac Olivera Ivanovi\u0107, javlja KoSSev.<\/p>\n<p>Sjeverni dio Kosovske Mitrovice blokirale su jake snage Kosovske policije<\/p>\n<p>Ivanovi\u0107 je bio lider Gra\u0111anske inicijative &#8220;Srbija, demokratija, pravda&#8221;.<\/p>\n<p>Na posljednjim izborima je predvodio svoju listu \u201cSloboda, demokratija, pravda\u201d i podnio je krivi\u010dne prijave zbog pritisaka kojima su kandidati bili izlagani. Za to je optu\u017eio Srpsku listu. U to vrijeme mu je i zapaljen automobil, podsje\u0107a beogradski Insajder.<\/p>\n<p><a href=\"http:\/\/www.pcnen.com\/portal\/2017\/02\/22\/oliveru-ivanovicu-odreden-kucni-pritvor\/\">Ivanovi\u0107 je optu\u017een za ratni zlo\u010din i treba da mu se ponovo sudi.<\/a> On tvrdi da je nevin.<\/p>\n<p>Vlada Srbije pru\u017eila je Euleksu garancije da \u0107e Oliver Ivanovi\u0107, ukoliko mu u ponovljenom postupku koji se protiv njega vodi bude omogu\u0107eno da se brani sa slobode, biti dostupan pravosudnim organima.<\/p>\n","protected":false},"excerpt":{"rendered":"<p>Na jednog od lidera kosovskih Srba pucano je ispred njegove kancelarije jutros ne\u0161to poslije osam sati<\/p>\n","protected":false},"author":1,"featured_media":0,"comment_status":"open","ping_status":"closed","sticky":false,"template":"","format":"standard","meta":{"_seopress_robots_primary_cat":"","_seopress_titles_title":"","_seopress_titles_desc":"","_seopress_robots_index":"","_et_pb_use_builder":"","_et_pb_old_content":"","_et_gb_content_width":"","inline_featured_image":false,"footnotes":""},"categories":[14,12],"tags":[],"class_list":["post-239793","post","type-post","status-publish","format-standard","hentry","category-vijesti","category-prica-dana"],"_links":{"self":[{"href":"https:\/\/www.pcnen.com\/portal\/wp-json\/wp\/v2\/posts\/239793","targetHints":{"allow":["GET"]}}],"collection":[{"href":"https:\/\/www.pcnen.com\/portal\/wp-json\/wp\/v2\/posts"}],"about":[{"href":"https:\/\/www.pcnen.com\/portal\/wp-json\/wp\/v2\/types\/post"}],"author":[{"embeddable":true,"href":"https:\/\/www.pcnen.com\/portal\/wp-json\/wp\/v2\/users\/1"}],"replies":[{"embeddable":true,"href":"https:\/\/www.pcnen.com\/portal\/wp-json\/wp\/v2\/comments?post=239793"}],"version-history":[{"count":0,"href":"https:\/\/www.pcnen.com\/portal\/wp-json\/wp\/v2\/posts\/239793\/revisions"}],"wp:attachment":[{"href":"https:\/\/www.pcnen.com\/portal\/wp-json\/wp\/v2\/media?parent=239793"}],"wp:term":[{"taxonomy":"category","embeddable":true,"href":"https:\/\/www.pcnen.com\/portal\/wp-json\/wp\/v2\/categories?post=239793"},{"taxonomy":"post_tag","embeddable":true,"href":"https:\/\/www.pcnen.com\/portal\/wp-json\/wp\/v2\/tags?post=239793"}],"curies":[{"name":"wp","href":"https:\/\/api.w.org\/{rel}","templated":true}]}}