{"id":239125,"date":"2018-01-03T09:01:55","date_gmt":"2018-01-03T08:01:55","guid":{"rendered":"http:\/\/www.pcnen.com\/portal\/?p=239125"},"modified":"2018-01-03T09:01:55","modified_gmt":"2018-01-03T08:01:55","slug":"zasto-zapad-hvali-malalu-a-ignorise-ahed","status":"publish","type":"post","link":"https:\/\/www.pcnen.com\/portal\/2018\/01\/03\/zasto-zapad-hvali-malalu-a-ignorise-ahed\/","title":{"rendered":"Za\u0161to Zapad hvali Malalu, a ignori\u0161e Ahed?"},"content":{"rendered":"<p><strong>Pi\u0161e: Shenila Khoja-Moolji<\/strong><\/p>\n<p><a href=\"http:\/\/www.pcnen.com\/portal\/wp-content\/uploads\/2018\/01\/ahed_tamimi.jpg\"><img loading=\"lazy\" decoding=\"async\" class=\"alignleft size-medium wp-image-239126\" src=\"http:\/\/www.pcnen.com\/portal\/wp-content\/uploads\/2018\/01\/ahed_tamimi-300x217.jpg\" alt=\"\" width=\"300\" height=\"217\" \/><\/a>Ahed Tamimi, 16-godi\u0161nja palestinska djevoj\u010dica, nedavno je uhap\u0161ena, u toku no\u0107ne racije u njenom domu. Izraelske vlasti je optu\u017euju za \u201enapad\u201c na izraelskog vojnika i oficira. Ona se dan ranije suprotstavila izraelskim vojnicima koji je u\u0161li u dvori\u0161te njene porodi\u010dne ku\u0107e. Ovaj incident se desio nedugo nakon \u0161to je jedan vojnik ustrijelio njenog 14-godi\u0161njeg ro\u0111aka u glavu gumenim metkom i bacio suzavac direktno na njenu ku\u0107u, polomiv\u0161i prozore.<\/p>\n<p>Njeni majka i ro\u0111ak tako\u0111er su kasnije uhap\u0161eni. Sve troje su i dalje u pritvoru.<\/p>\n<p>Zanimljivo je da je izostala podr\u0161ka za Ahed od zapadnja\u010dkih feministi\u010dkih grupa, boraca za ljudska prava i dr\u017eavnih zvani\u010dnika koji se ina\u010de predstavljaju kao branitelji ljudskih prava i \u0161ampioni u osna\u017eivanju djevojaka.<\/p>\n<p>Njihove kampanje o osna\u017eivanju djevojaka na jugu te\u0161ko je pobrojati: Naprijed djevojke (Girl Up), Djevojke ustaju (Girl Rising), Djevoja\u010dki samit 20 (G(irls)20 Summit), Zato \u0161to sam djevojka (Because I am a Girl), Dopustite djevojkama da u\u010de (Let Girls Learn), Djevoja\u010dka deklaracija (Girl Declaration).<\/p>\n<p>Kada je 15-godi\u0161nju pakistansku aktivistkinju Malalu Yousafzai ustrijelio u glavu \u010dlan grupe Tehrik-e-Taliban, uslijedila je potpuno druga\u010dija reakcija. Gordon Brown, biv\u0161i premijer Velike Britanije, pokrenuo je peticiju pod naslovom \u201eJa sam Malala\u201c. UNESCO je pokrenuo kampanju pod nazivom \u201eZauzmimo se za Malalu\u201c.<\/p>\n<p>Malala je pozvana da upozna tada\u0161njeg ameri\u010dkog predsjednika Baracka Obamu, kao i tada\u0161njeg generalnog sekretara UN-a Ban Ki-moona, i obratila se Generalnoj skup\u0161tini UN-a. Primila je brojna priznanja, od tog da ju je \u010dasopis Time imenovao jednom od 100 najutjecajnijih osoba, a \u010dasopis Glamour \u017denom godine, do nominacije za Nobelovu nagradu za mir 2013, i ponovo 2014, kada ju je i dobila.<\/p>\n<p><strong>Nedostatak podr\u0161ke<\/strong><\/p>\n<p>Dr\u017eavne predstavnice kao \u0161to su Hillary Clinton i Julia Gillard, te istaknuti novinar kao \u0161to je Nicholas Kristof izrazili su podr\u0161ku Malali. Postoji \u010dak i Malalin dan!<\/p>\n<p>No, ne vidimo na naslovnicama kampanje pod nazivom #IamAhed (ja sam Ahed) ili #StandUpForAhed (Zauzmimo se za Ahed). Niko od uobi\u010dajenih feministi\u010dkih ili grupa za ljudska prava ili poznatih politi\u010dara nije dao izjavu u znak podr\u0161ke ovoj djevojci, niti je iko ukorio dr\u017eavu Izrael. Niko nije proglasio Ahedin dan. Kad smo kod tog, SAD joj je ranije odbio izdati vizu za govorni\u010dku turneju.<\/p>\n<p>Ahed, kao i Malala, bilje\u017ei zna\u010dajnu historiju borbe protiv nepravdi. Protestovala je protiv kra\u0111e zemlje i vode koju vr\u0161e izraelski doseljenici. Podnijela je i li\u010dnu \u017ertvu, jer je zbog okupacije izgubila daid\u017eu i ro\u0111aka. Njeni roditelji i brat su nebrojeno puta hap\u0161eni. Majku su joj ustrijelili u nogu. Prije dvije godine, viralan je postao drugi videosnimak na kojem se ona pojavljuje \u2013 tada je poku\u0161avala sprije\u010diti da vojnik odvede njenog malog brata.<\/p>\n<p>Za\u0161to Ahed ne dobija jednaku me\u0111unarodnu podr\u0161ku kao i Malala? Za\u0161to je reakcija na Ahed toliko druga\u010dija?<\/p>\n<p>Postoje vi\u0161estruki razlozi za ovu zaglu\u0161uju\u0107u ti\u0161inu. Prvi me\u0111u njima je rasprostranjeno prihvatanje nasilja koje odobrava dr\u017eava kao legitimnog. Dok se neprijateljske akcije nedr\u017eavnih aktera kao \u0161to su talibani ili borci Boko Harama smatraju nezakonitim, sli\u010dna agresija koju provodi dr\u017eava \u010desto se smatra prikladnom.<\/p>\n<p>To ne uklju\u010duje samo otvorene oblike nasilja kao \u0161to su napadi dronovima, nezakonita hap\u0161enja i brutalnost policije, ve\u0107 i manje o\u010digledne napade kao \u0161to su dodjeljivanje resursa, uklju\u010duju\u0107i zemlju i vodu. Dr\u017eava opravdava ove postupke predstavljaju\u0107i \u017ertve nepravdi kao prijetnju funkcionisanju dr\u017eave.<\/p>\n<p><strong>\u017divot bez vrijednosti<\/strong><\/p>\n<p>Jednom kada se proglasi prijetnjom, pojedinac se lako reducira na goli \u017eivot \u2013 \u017eivot bez politi\u010dke vrijednosti. Italijanski filozof Giorgio Agamben opisao je ovo kao vrijeme\/mjesto koje odobrava mo\u0107 vladara gdje zakoni mogu biti suspendovani; taj pojedinac stoga mo\u017ee biti meta vladarevog nasilja. Teroristi \u010desto spadaju u ovu kategoriju. Zato, pogubljenje osoba za koje se sumnja da su teroristi putem napada dronom bez obaveznog sudskog procesa pro\u0111e bez mnogo buke u javnosti.<\/p>\n<p>Izraelska policija je ovdje primijenila sli\u010dnu strategiju. Oni tra\u017ee da se produ\u017ei pritvor za Ahed jer ona \u201epredstavlja opasnost\u201c za vojnike (predstavnike dr\u017eave) i mogla bi omesti funkcionisanje dr\u017eave (istragu).<\/p>\n<p>Smjestiti nenaoru\u017eane Palestince poput Ahed \u2013 koja je naprosto koristila svoje pravo da za\u0161titi dobrobit svoje porodice uz svu mo\u0107 ruke jedne 16-godi\u0161njakinje \u2013 u isti kontekst sa teroristima je nepojmljivo. Takvi okviri otvaraju put za odobravanje pretjerane torture \u2013 izraelska ministrica obrazovanja Naftali Bennett, naprimjer, \u017eeli da Ahed i njena porodica \u201ezavr\u0161e \u017eivot u zatvoru\u201c.<br \/>\nOsim tog, Ahedina patnja na vidjelo iznosi selektivni humanitarni pristup Zapada, gdje se samo odre\u0111ena tijela i pokreti smatraju vrijednim intervencije.<\/p>\n<p>Antropologinja Miriam Ticktin smatra da iako je jezik moralnosti da se olak\u0161a tjelesna patnja postao dominantan u humanitarnim agencijama danas, samo se odre\u0111ene vrste izmu\u010denih tijela smatraju vrijednim ove brige. Ta uklju\u010duju iznimno ranjeno \u017eensko tijelo i patolo\u0161ki bolesno tijelo.<\/p>\n<p>Takva ideja normalizira te\u0161kim radom optere\u0107ena i iskori\u0161tena tijela: \u201eoni nisu izuzetak, ve\u0107 pravilo, pa su stoga diskvalifikovani\u201c.<\/p>\n<p><strong>Humanitarna intervencija<\/strong><\/p>\n<p>Pitanja nezaposlenosti, gladi, prijetnji nasiljem, policijske brutalnosti i omalova\u017eavanje kultura stoga se ne smatraju dostojnim humanitarne intervencije. Takvi oblici patnje smatraju se neophodnim i \u010dak neizbje\u017enim. Ahed se, stoga, ne uklapa u ideal \u017ertva-subjekt za transnacionalno zastupanje interesa.<\/p>\n<p>Sli\u010dno tome, djevoj\u010dice kao \u0161to je Ahed, koje kritikuju kolonijalizam doseljenika i izra\u017eavaju viziju brige za zajednicu nisu simbol osna\u017eene \u017eenstvenosti kojoj Zapad \u017eeli odati priznanje. Ona tra\u017ei pravdu protiv ugnjetavanja, a ne osna\u017eivanje od kojeg samo ona ima koristi.<\/p>\n<p>Njen feminizam je politi\u010dki, prije nego onaj usredoto\u010den na robu i spol. Njeno \u017eensko samopouzdanje prijeti da otkrije ru\u017eno lice doseljeni\u010dkog kolonijalizma i stoga je ozna\u010deno kao \u201eopasno\u201c. Njena hrabrost i neustra\u0161ivost \u017eivopisno pokazuju sve \u0161to je pogre\u0161no u vezi ove okupacije.<\/p>\n<p>Ahedina patnja bi nas trebala podstaknuti da ispitamo vlastito selektivno humanitarno djelovanje. Pojedinci koji su \u017ertve dr\u017eavnog nasilja, \u010diji aktivizam otkriva okrutnost mo\u0107nih, ili koji se svojim djelovanjem fokusiraju na brigu o zajednici zaslu\u017euju da budu uklju\u010deni u na\u0161u viziju pravde.<\/p>\n<p>Sve i ako ne pokrenemo kampanje za Ahed, nemogu\u0107e je da pobjegnemo od njenog poziva da svjedo\u010dimo masovnom iscrpljivanju, raseljavanju i otimanju od njenog naroda. Kao \u0161to je rekao Nelson Mandela: \u201eMi dobro znamo da je na\u0161a sloboda nepotpuna bez slobode Palestinaca\u201c.<\/p>\n<p><a href=\"http:\/\/balkans.aljazeera.net\/vijesti\/zasto-zapad-hvali-malalu-ignorise-ahed\" target=\"_blank\" rel=\"noopener\">balkans.aljazeera.net<\/a><\/p>\n","protected":false},"excerpt":{"rendered":"<p>Zar samouvjerena palestinska djevoj\u010dica nije vrijedna divljenja zapadnja\u010dkih feministkinja?<\/p>\n","protected":false},"author":1,"featured_media":239126,"comment_status":"open","ping_status":"closed","sticky":false,"template":"","format":"standard","meta":{"_seopress_robots_primary_cat":"","_seopress_titles_title":"","_seopress_titles_desc":"","_seopress_robots_index":"","_et_pb_use_builder":"","_et_pb_old_content":"","_et_gb_content_width":"","inline_featured_image":false,"footnotes":""},"categories":[5],"tags":[],"class_list":["post-239125","post","type-post","status-publish","format-standard","has-post-thumbnail","hentry","category-drugi-pisu"],"_links":{"self":[{"href":"https:\/\/www.pcnen.com\/portal\/wp-json\/wp\/v2\/posts\/239125","targetHints":{"allow":["GET"]}}],"collection":[{"href":"https:\/\/www.pcnen.com\/portal\/wp-json\/wp\/v2\/posts"}],"about":[{"href":"https:\/\/www.pcnen.com\/portal\/wp-json\/wp\/v2\/types\/post"}],"author":[{"embeddable":true,"href":"https:\/\/www.pcnen.com\/portal\/wp-json\/wp\/v2\/users\/1"}],"replies":[{"embeddable":true,"href":"https:\/\/www.pcnen.com\/portal\/wp-json\/wp\/v2\/comments?post=239125"}],"version-history":[{"count":0,"href":"https:\/\/www.pcnen.com\/portal\/wp-json\/wp\/v2\/posts\/239125\/revisions"}],"wp:featuredmedia":[{"embeddable":true,"href":"https:\/\/www.pcnen.com\/portal\/wp-json\/wp\/v2\/media\/239126"}],"wp:attachment":[{"href":"https:\/\/www.pcnen.com\/portal\/wp-json\/wp\/v2\/media?parent=239125"}],"wp:term":[{"taxonomy":"category","embeddable":true,"href":"https:\/\/www.pcnen.com\/portal\/wp-json\/wp\/v2\/categories?post=239125"},{"taxonomy":"post_tag","embeddable":true,"href":"https:\/\/www.pcnen.com\/portal\/wp-json\/wp\/v2\/tags?post=239125"}],"curies":[{"name":"wp","href":"https:\/\/api.w.org\/{rel}","templated":true}]}}