{"id":238719,"date":"2017-12-26T07:57:02","date_gmt":"2017-12-26T06:57:02","guid":{"rendered":"http:\/\/www.pcnen.com\/portal\/?p=238719"},"modified":"2017-12-26T07:57:02","modified_gmt":"2017-12-26T06:57:02","slug":"vucic-maca-diskrecija-i-zmaj-od-sipova","status":"publish","type":"post","link":"https:\/\/www.pcnen.com\/portal\/2017\/12\/26\/vucic-maca-diskrecija-i-zmaj-od-sipova\/","title":{"rendered":"Vu\u010di\u0107, Maca Diskrecija i Zmaj od \u0160ipova"},"content":{"rendered":"<p><strong><a href=\"http:\/\/www.pcnen.com\/portal\/wp-content\/uploads\/2013\/11\/novinarstvo-2.jpg\"><img loading=\"lazy\" decoding=\"async\" class=\"alignright size-full wp-image-131221\" src=\"http:\/\/www.pcnen.com\/portal\/wp-content\/uploads\/2013\/11\/novinarstvo-2.jpg\" alt=\"\" width=\"300\" height=\"230\" \/><\/a>Autor: Vuka\u0161in Obradovi\u0107<\/strong><\/p>\n<p>Za svakog novinara, po definiciji, poziv da razgovara sa predsednikom dr\u017eave, i jo\u0161 na najgledanijoj komercijalnoj televiziji, sa nacionalnom frekvencijom, trebalo bi da bude velika \u010dast i jo\u0161 ve\u0107i izazov. Za\u0161to su, onda, mnogi ugledni predstavnici sedme sile odbili ljubaznu ponudu TV Pink da u ponedeljak uve\u010de u\u010destvuju u emisiji u kojoj bi, kako je obja\u0161njeno, mogli da postave sva pitanje, bez ikakvog ograni\u010denja, i to Aleksandru Vu\u010di\u0107u?<\/p>\n<p>Ovaj, hajde da ga nazovemo paradoks, ima\u0107e, po svemu sude\u0107i, posledicu da \u0107e predsednik Srbije, barem prema onom \u0161to je poznato u trenutku dok nastaje ovaj tekst, morati da u\u010destvuje u jo\u0161 jednom medijskom rijalitiju, u dru\u0161tvu Mace Diskrecije, koju \u0107e glumiti, a ko drugi do Milomir Mari\u0107. Nezvani\u010dno, pridru\u017ei\u0107e im se i Milorad Vu\u010deli\u0107 u roli Zmaja od \u0160ipova, ali vide\u0107emo da li \u0107e i koga \u017deljko Mitrovi\u0107 jo\u0161 uspeti da na\u2019vata.<\/p>\n<p>Ne bih da spekuli\u0161em za\u0161to Mi\u0107a \u0106ulibrk, glavni i odgovorni urednik NIN-a, i bar jo\u0161 troje kolega za koje to pouzdano znam \u2013 nisu prihvatili poziv sa Pinka. Ukoliko smatraju za shodno, oni \u0107e to sami objasniti.<\/p>\n<p>Jedino ne znam kako \u0107e se odbraniti Dra\u017ea Petrovi\u0107a, koji je denunciran da je kukavi\u010dki odbio poziv koji, kako ka\u017ee glodur Danasa, nije ni dobio.<\/p>\n<p><strong>Vu\u010di\u0107ev monolog i novinari ikebane<\/strong><\/p>\n<p>Poziv upu\u0107en mojoj malenkosti nema ba\u0161 neke logike. Vranjske su uga\u0161ene, ja sam samo biv\u0161i predsednik NUNS-a, trenutno novinar bez stalnog posla.<\/p>\n<p>\u0160ta god da je u pitanju, nisam prihvatio u\u010de\u0161\u0107e u ne\u010demu \u0161to \u0107e biti, kako je najavljeno, \u201eobra\u0107anje naciji\u201c predsednika Srbije.<\/p>\n<p>Za\u0161to?<\/p>\n<p>Pre svega, kolektivni intervju, koji u poslednje vreme Vu\u010di\u0107 preferira, nova je TV forma i ne tako \u010desto praktikovana. Valjda po ugledu na Putina, koji pred nekoliko stotina novinara satima odgovara na pitanja, Vu\u010di\u0107 bi ovaj modifikovani ruski model da primeni u Srbiji tako \u0161to \u0107e sesti za sto sa nekoliko novinara, prepoznatih u javnosti kao kriti\u010dari re\u017eima.<\/p>\n<p>Problem je, me\u0111utim, gledano iz profesionalnog ugla, to \u0161to je \u201ekolektivni intervju\u201c, zapravo, pro\u0161irena konferencija za medije i ne ostavlja dovoljno prostora da se o bilo kom problemu razgovor dovede do logi\u010dkog kraja i dobije eventualno zadovoljavaju\u0107i odgovor. Dosada\u0161nja iskustva pokazuju da se ovakve emisije, kao i njegove konferencije za medije, pretvore u Vu\u010di\u0107ev monolog, a ozbiljni novinari, poput Bo\u0161ka Jak\u0161i\u0107a, bivaju ikebane koje slu\u017ee samo za dekor.<\/p>\n<p>Uostalom, i studenti prve godine novinarstva znaju da je intervju, a posebno televizijski, veoma specifi\u010dan format za koji su potrebna specifi\u010dna znanja i vi\u0161egodi\u0161nje iskustvo. Upravo iz ovog \u017eanra poti\u010du i neki od svetski poznatih novinara\u2013intervjuera, poput Orijane Fala\u010di, Larija Kinga ili Kristijan Amanpur.<\/p>\n<p>No, i to je manji problem, kao \u0161to bi se mogla zanemariti i \u010dinjenica \u0161to \u0107e ceo ovaj spektakl biti organizovan na Pinku, televiziji koja je glavni propagandisti\u010dki medij upravo Aleksandra Vu\u010di\u0107a. U obra\u010dunu sa protivnicima vladaju\u0107eg re\u017eima, vlasnik ove televizije koristi sva mogu\u0107a sredstva i na\u010dine, od la\u017ei, uvreda, do li\u010dnih, moralnih i profesionalnih diskvalifikacija, \u0161to su na svojoj ko\u017ei mogli da osete i neki od u\u010desnika pozvanih u emisiju koja treba da bude primer civilizovanog dijaloga izme\u0111u neistomi\u0161ljenika. Sic!<\/p>\n<p>Dobro, ali kao \u0161to rekoh, hajde da zanemarimo i tu \u010dinjenicu zarad op\u0161teg dobra.<\/p>\n<p><strong>Novinari kao Rogozinovi jazavi\u010dari<\/strong><\/p>\n<p>I zato, da ponovim dilemu sa po\u010detka teksta: \u010demu bi zapravo poslu\u017eila ova emisija sve i da su svi pozvani do\u0161li u studio i seli preko puta Aleksandra Vu\u010di\u0107a?<\/p>\n<p>Da li bi u utorak ujutru porastao stepen medijskih sloboda, vlast prestala da deli novinare i medije na patrijotske i izdajni\u010dke, Vu\u010di\u0107 ne bi vi\u0161e TV N1 cini\u010dno nazivao \u201eameri\u010dkom televizijom\u201c, Javni servis bi po\u010deo da radi u interesu gra\u0111ana\u2026?<\/p>\n<p>Ne, sve bi ostalo isto jer se pitanje medijskih sloboda u Srbiji ne re\u0161ava pozivanjem dvoje-troje kriti\u010dki nastrojenih novinara u emisiju sa predsednikom dr\u017eave. To je proces za koji je neophodan odre\u0111eni stepen demokratske kulture i svest da su slobodni mediji uslov za bilo kakav napredak srpskog dru\u0161tva.<\/p>\n<p>Za tako ne\u0161to potrebna je politi\u010dka svest i volja koja u ovom trenutku nije vidljiva ni kod Aleksandra Vu\u010di\u0107a ni u vlasti koju on personifikuje.<\/p>\n<p>U takvoj situaciji, ja \u2013 a verujem ni ostali novinari koji su odbili u\u010de\u0161\u0107e u emisiji \u2013 nisam zapravo prihvatio da odglumim onog nesre\u0107nog Rogozinovog jazavi\u010dara koji je bio potopljen nekoliko minuta, a onda, na odu\u0161evljenje predsednika Srbije, izvu\u010den iz vode \u017eiv i zdrav.<\/p>\n<p>Da smo pristali, posle ve\u010dera\u0161njeg hepeninga Vu\u010di\u0107 bi mogao s pravom da ka\u017ee, da poput jazavi\u010dara, novinari, i to ne samo nekoliko minuta, ve\u0107 mnogo du\u017ee, mogu da pre\u017eive u \u201ete\u010dnosti koja di\u0161e\u201c i, kad ih izrone, od sre\u0107e jo\u0161 ma\u0161u repi\u0107em.<\/p>\n<p>E pa, gospodine predsedni\u010de, neka, hvala.<\/p>\n<p><a href=\"https:\/\/www.cenzolovka.rs\/etika\/vucic-maca-diskrecija-i-zmaj-od-sipova\/\">Cenzolovka<\/a><\/p>\n","protected":false},"excerpt":{"rendered":"<p>\u010cemu bi, zapravo, poslu\u017eila emisija sve i da su svi pozvani do\u0161li u studio i seli preko puta Aleksandra Vu\u010di\u0107a?<\/p>\n","protected":false},"author":1,"featured_media":0,"comment_status":"open","ping_status":"closed","sticky":false,"template":"","format":"standard","meta":{"_seopress_robots_primary_cat":"","_seopress_titles_title":"","_seopress_titles_desc":"","_seopress_robots_index":"","_et_pb_use_builder":"","_et_pb_old_content":"","_et_gb_content_width":"","inline_featured_image":false,"footnotes":""},"categories":[5],"tags":[],"class_list":["post-238719","post","type-post","status-publish","format-standard","hentry","category-drugi-pisu"],"_links":{"self":[{"href":"https:\/\/www.pcnen.com\/portal\/wp-json\/wp\/v2\/posts\/238719","targetHints":{"allow":["GET"]}}],"collection":[{"href":"https:\/\/www.pcnen.com\/portal\/wp-json\/wp\/v2\/posts"}],"about":[{"href":"https:\/\/www.pcnen.com\/portal\/wp-json\/wp\/v2\/types\/post"}],"author":[{"embeddable":true,"href":"https:\/\/www.pcnen.com\/portal\/wp-json\/wp\/v2\/users\/1"}],"replies":[{"embeddable":true,"href":"https:\/\/www.pcnen.com\/portal\/wp-json\/wp\/v2\/comments?post=238719"}],"version-history":[{"count":0,"href":"https:\/\/www.pcnen.com\/portal\/wp-json\/wp\/v2\/posts\/238719\/revisions"}],"wp:attachment":[{"href":"https:\/\/www.pcnen.com\/portal\/wp-json\/wp\/v2\/media?parent=238719"}],"wp:term":[{"taxonomy":"category","embeddable":true,"href":"https:\/\/www.pcnen.com\/portal\/wp-json\/wp\/v2\/categories?post=238719"},{"taxonomy":"post_tag","embeddable":true,"href":"https:\/\/www.pcnen.com\/portal\/wp-json\/wp\/v2\/tags?post=238719"}],"curies":[{"name":"wp","href":"https:\/\/api.w.org\/{rel}","templated":true}]}}