{"id":238248,"date":"2017-12-17T07:00:10","date_gmt":"2017-12-17T06:00:10","guid":{"rendered":"http:\/\/www.pcnen.com\/portal\/?p=238248"},"modified":"2017-12-16T19:52:26","modified_gmt":"2017-12-16T18:52:26","slug":"zastrasujuce-je-kako-se-covjek-brzo-navikne-na-zlo","status":"publish","type":"post","link":"https:\/\/www.pcnen.com\/portal\/2017\/12\/17\/zastrasujuce-je-kako-se-covjek-brzo-navikne-na-zlo\/","title":{"rendered":"Zastra\u0161uju\u0107e je kako se \u010dovjek brzo navikne na zlo"},"content":{"rendered":"<p><strong>Autorka: Sanja Despot<\/strong><\/p>\n<p><a href=\"http:\/\/www.pcnen.com\/portal\/wp-content\/uploads\/2017\/12\/Patrik-Hermansson.jpg\"><img loading=\"lazy\" decoding=\"async\" class=\"alignleft size-medium wp-image-238249\" src=\"http:\/\/www.pcnen.com\/portal\/wp-content\/uploads\/2017\/12\/Patrik-Hermansson-300x217.jpg\" alt=\"\" width=\"300\" height=\"217\" \/><\/a><a href=\"https:\/\/alternativeright.hopenothate.com\/?intro=0\">\u201cMoja godina u Kekistanu\u201c<\/a> naziv je dokumentarca kojeg je 25-godi\u0161nji Patrik Hermansson snimio skrivenom kamerom tijekom jednogodi\u0161njeg dru\u017eenja (od rujna 2016. do rujna 2017.) s pripadnicima britanskog i ameri\u010dkog alt-righta te sli\u010dnih neonacisti\u010dkih i drugih pokreta krajnje desnice.<\/p>\n<p>Mladi \u0160ve\u0111anin, koji \u017eivi u Londonu, radi kao istra\u017eiva\u010d prili\u010dno jake organizacije Hope not Hate koja istra\u017euje i provodi kampanje protiv stranaka i grupa krajnje desnice u Britaniji i \u0161ire u Europi. Primarni cilj njegove infiltracije bio je razotkrivanje organizatora London Foruma, okupljali\u0161ta krajnje desnice, a taj su cilj, kako nam je ispri\u010dao, i ostvarili. Objava filma i pripadaju\u0107eg izvje\u0161taja osramotila je London Forum. Sve ostalo, uklju\u010duju\u0107i i dokumentiranje nasilnog obra\u010duna u ameri\u010dkom Charlottesvilleu u kojem je u kolovozu u napadu automobilom poginula jedna \u017eena, a vi\u0161e desetaka ljudi je ranjeno, razvoj je doga\u0111aja s kojim u po\u010detku nisu ra\u010dunali.<\/p>\n<p>Njegov film i izvje\u0161taj zanimljivi su i hrvatskoj publici jer se kao jedan od eminentnijih teoreti\u010dara nove desnice spominje i hrvatski pisac i politi\u010dar, biv\u0161i djelatnik hrvatskih veleposlanstava i djelatnik Sredi\u0161njeg dr\u017eavnog ureda za Hrvate izvan domovine Tomislav Suni\u0107.<\/p>\n<p><strong>Ne-bijelce treba protjerati zrakoplovima<\/strong><\/p>\n<p>Kako opisuje Hermansson, jedne ve\u010deri u svibnju 2017. sjedio je na ve\u010deri u Mandeville Hotelu u sredi\u0161njem Londonu. Ve\u010dera je organizirana u \u010dast pokojnog britanskog intelektualca krajnje desnice te miljenika alt-righta Jonathana Bowdena. Na taj su doga\u0111aj pristigle neke najva\u017enije alt-right figure iz Europe i Amerike. Vrijeme njihova slijetanja u London bilo je tajna, ali Hermansson je do tada stekao toliko povjerenje da je na Heathrowu do\u010dekao Colina Robertsona (Millennial Woesa)\u00a0 najprominentnijeg britanskog vlogera koji se skriva po Europi od kada je u sije\u010dnju 2017. otkriven njegov pravi identitet.<\/p>\n<p>\u201eTa je ve\u010dera bila okupljanje krajnje desnice kakvog nije bilo du\u017ee vrijeme. Hrvatski pisac Tomislav Suni\u0107, va\u017ena figura Europske nove desnice i autor utjecajne knjige \u2018Against Democracy and Equality\u2019 (kod nas iza\u0161la 2009. pod imenom \u2018Europska nova desnica\u2019 u izdanju Zlatka Hasanbegovi\u0107a op. a.) sjedio je odmah do mene raspravljaju\u0107i o mogu\u0107nostima masovnog protjerivanja ne-bjela\u010dkog britanskog stanovni\u0161tva. Ustvrdio je kako je mogu\u0107e sve staviti na avione i da bi svake tri minute po jedan zrakoplov mogao napu\u0161tati Heathrow!<\/p>\n<p>Na svakoj normalnoj ve\u010deri mogu\u0107nost nasilnog premje\u0161tanja ne-bijelaca bila bi popra\u0107ena \u0161okom, ali repatrijacija stanovni\u0161tva za ovim je stolom bila dosta nekontroverzna tema.<\/p>\n<p>Ostatak no\u0107i pri\u010dao sam s Britancima, \u0160ve\u0111anima, Litvancima i Amerikancima. Neki od njih bili su super zvijezde u pokretu, kao \u0161to je to nikad ranije fotografiran ameri\u010dki alt-right te\u0161ka\u0161 Greg Johnson.<\/p>\n<p>Preko zvuka kucanja \u010da\u0161a, mu\u0161karci u iznajmljenim frakovima raspravljali su o eugenici, predstoje\u0107em rasnom ratu i navodnom genocidu koji se provodi nad bijelim ljudima. Samodopadno su si \u010destitali kako su uspjeli ovu ve\u010deru zadr\u017eati tajnom, daleko od ljubopitljivih o\u010diju antifa\u0161ista. Nisu znali da ja tajno snimam cijelu stvar\u201c, opisao je Hermansson u svom izvje\u0161taju.<\/p>\n<p><strong>Amerika kao etni\u010dka dr\u017eava bijele rase<\/strong><\/p>\n<p>Patrik Hermansson uspio se uvu\u0107i u samo srce London Foruma ponajprije zahvaljuju\u0107i tome \u0161to nezanemariv dio nove desnice u\u017eiva u pretkr\u0161\u0107anskim ritualima. Jedan od glavnih organizatora, Stead Steadman obo\u017eavatelj je \u0161vedske mitologije i vikin\u0161kih rituala. Nakon \u0161to je stekao njegovo povjerenje, po\u010deo je sudjelovati u odlu\u010divanju tko \u0107e imati pristupa organizaciji.<\/p>\n<p>\u201eTo je organizacija koja je bila bazirana na tajnovitosti i povjerenju, s va\u017enim govornicima kao \u0161to je Suni\u0107. Oni dolaze u London i pri\u010daju s ljudima krajnje desnice, sve je vrlo tajnovito, ne otkriva se lokacija i osje\u0107aju kako mogu dijeliti svoje ideje u \u2018sigurnom prostoru\u2019, a kad ih se izlo\u017ei u javnost, njihova je reputacija nestala, nitko im vi\u0161e ne \u017eeli do\u0107i. To smo \u017eeljeli posti\u0107i ovom infiltracijom\u201c, ispri\u010dao je Hermansson za Faktograf nakon \u0161to je njegov film prikazan na Human Rights Film Festivalu u Zagrebu.<\/p>\n<p>Preko njih uspostavio je kontakte s razli\u010ditim neonacisti\u010dkim i antisemitskim grupama u Britaniji, da bi potom shvatio kako mu predstoji put do srca alt-righta \u2013 do Amerike, gdje je kruna svega bila prisutnost na krvavom doga\u0111aju u Charlottesvilleu u Virginiji. Povod desni\u010darskog okupljanja bilo je micanje statue Roberta E. Leeja, zapovjednika vojske Konfederacije iz parka koji je do pro\u0161le godine nosio njegovo ime, a kojeg su gradske vlasti preimenovale u Emancipation Park (Park oslobo\u0111enja), smatraju\u0107i da on vrije\u0111a osje\u0107aje jednog dijela stanovnika. U obranu zapovjednika gubitni\u010dke vojske iz ameri\u010dkog gra\u0111anskog rata pristiglo je \u0161areno dru\u0161tvo neonacista i prista\u0161a KKK, naoru\u017eanih i opremljenih svastikama i slikama Donalda Trumpa. Doga\u0111aj je kulminirao ga\u017eenjem protuprosvjednika.<\/p>\n<p>Atmosferu je zakuhao guru alt-righta Richard Spencer, za\u010detnik i glavni ideolog \u201ealternativne desnice\u201c, istoimenog portala i pokreta koji promi\u010de rasnu teoriju sli\u010dnu onoj iz vremena Hitlerove Njema\u010dke. Spencer se zala\u017ee za Ameriku kao etni\u010dku dr\u017eavu bijele europske rase. Pa\u017enju \u0161ire javnosti privukao je u studenom 2016. kad je tijekom alt-right konferencije u Washingtonu digao ruku u nacisti\u010dki pozdrav i Trumpa pozdravio s \u201eHail Trump\u201c, iako mu to nije bilo prvi put da koristi taj pozdrav.<\/p>\n<p>Spenceru je zabranjen ulaz u Veliku Britaniju od 2016., a prije mjesec dana \u010dak mu je i notorna Poljska stavila zabranu ulaska u zemlju, odnosno dolaska na mar\u0161 povodom Dana nezavisnosti Poljske. Rije\u010d je o tradicionalnom okupljanju neonacisti\u010dkih grupa na kojem se ove godine skupilo 60 tisu\u0107a prosvjednika i zbog kojeg se Poljska ponovo na\u0161la na udaru EU. Vi\u0161egodi\u0161nja zabrana ulaska odnosi se na Schengen i pridru\u017eeno podru\u010dje, uklju\u010duju\u0107i Hrvatsku. Prije toga, 2014. Spenceru je zabranu stavila Ma\u0111arska, u novije vrijeme prili\u010dno popularna me\u0111u sli\u010dnim grupama. Ma\u0111arska ga je protjerala kako bi sprije\u010dila neonacisti\u010dku konferenciju u organizaciji Spencerova National Policy Institutea.<\/p>\n<p>Mre\u017eu alt-right grupa, organizacija krajnje desnice i poricatelja Holokausta koju je obi\u0161ao Hermansson mo\u017eete pogledati na sljede\u0107em <a href=\"https:\/\/alternativeright.hopenothate.com\/my-year-inside-the-international-alt-right\">linku.<\/a><\/p>\n<p><strong>Hermansson: Ne \u010dini mi se da je to kratkoro\u010dni trend<\/strong><\/p>\n<p>Alt-right je pokret koji raste, ali koliko je brojan zapravo se ne zna. \u201eTe\u0161ko je govoriti o brojkama jer je to primarno on-line pokret. Ljudi koje sam sretao i koje vidimo na demonstracijama su iznimke. Znamo da web stranice rastu. Neke od njih imaju i po milijun posjetitelja. Postoje po cijeloj Europi i Sjevernoj Americi\u201c, ka\u017ee Hermansson.<\/p>\n<p>Osnovno je pitanje, naravno, je li rije\u010d o trendu koji \u0107e narasti do neke granice pa potom pasti ili svjedo\u010dimo po\u010detku ne\u010deg novog i veoma opasnog. \u201eNeke od tih organizacija i grupa koje su unutar njih \u0107e nestati i iz njih ni\u0161ta ne\u0107e proiste\u0107i, ali ono \u0161to stra\u0161i je da su se te ideje stvarno primile vrlo \u0161iroko me\u0111u mladim ljudima, imaju sve vi\u0161e pratitelja na stranicama, a sve vi\u0161e ljudi dolazi i na prosvjede. Ne \u010dini mi se da je to kratkoro\u010dni trend. Mislim da je to ne\u0161to oko \u010dega se moramo jako brinuti jer oni postaju sve hrabriji. U Charlottesvilleu su se prvi put tako okupili u Sjedinjenim Dr\u017eavama, vi\u0111amo sve ve\u0107e i ve\u0107e prosvjede po Europi, ne nu\u017eno alt-right, ali stranaka krajnje desnice i neofa\u0161ista\u201c, smatra ovaj istra\u017eiva\u010d.<\/p>\n<p>Alt-right ne ide u aktivno regrutiranje ljudi, ve\u0107 ljudi njima prilaze. Obi\u010dno to ide tako da popularni youtuberi ili blogeri na svojim kanalima objave da \u0107e sudjelovati na nekoj konferenciji, a onda ih pratitelji kontaktiraju. \u201eIma i puno pri\u010da od usta do usta. Do\u0111e\u0161 na neki od tih foruma, \u010duje\u0161 ideje, pa ode\u0161 na drugi forum, pri\u010da\u0161 s ljudima. Ali ako prati\u0161 takve kanale, ti si ve\u0107 zapravo na liniji. Mo\u017eda jo\u0161 nisi aktivan u nekoj organizaciji, ali dijeli\u0161 ideje\u201c, obja\u0161njava.<\/p>\n<p>Nasilje je, naro\u010dito u Americi, sastavni dio.<\/p>\n<p>\u201eOsobno nisam prisustvovao nijednom ubojstvu, ali sam bio uklju\u010den u neke grupe za koje se zna da su ubijale ljude, svoje vlastite \u010dlanove jer su vjerovali da su u kontaktu s policijom. U slu\u010daju o kojem govorim, ubili su tri \u010dlana grupe i njihove \u017eene. Pozvali su ih na ve\u010deru i upucali u glavu. Mladi ljudi u svojim dvadesetima, odnosno ranim tridesetima\u201c, ka\u017ee Hermansson, dodaju\u0107i kako se radi o grupi od oko tisu\u0107u ljudi, od kojih je 99 posto mu\u0161karaca. \u010clanovi za pristup potpisuju ugovor u kojem se zaklinju na vjernost. Idu do te granice da potpisuju kako ne\u0107e imati nikakve ljubavne veze izvan grupe. \u201eAko prona\u0111u djevojku, oni je dovedu da se u\u010dlani. Ne smiju se sastajati s nikim izvan grupe\u201c, opisuje.<\/p>\n<p>Je li ga bilo strah? Uz smijeh govori kako je za ta ubojstva saznao tek nakon \u0161to je oti\u0161ao.<\/p>\n<p>Naravno da je kao istra\u017eiva\u010d za Hope not Hate unaprijed znao kakve se ideje \u0161ire me\u0111u rasistima, antisemitima i antifeministima, ali zanimalo nas je kako mu je bilo u\u017eivo slu\u0161ati veli\u010danje Hitlera koji \u0107e se, kako ka\u017ee jedan od junaka njegova filma, u skoroj budu\u0107nosti \u201ena\u0107i na nov\u010danicama kao povijesni velikan\u201c.<\/p>\n<p>\u201eU po\u010detku sam bio \u0161okiran \u0161to to slu\u0161am, ali nakon nekog vremena to me vi\u0161e nije dodirivalo. \u010cuo sam stotine gorih stvari od tog primjera s Hitlerom, ali nakon nekog vremena to vi\u0161e ni ne registrira\u0161. To je samo po sebi zastra\u0161uju\u0107e, jer govori kako funkcionira ljudski mozak. Barem moj, a mislim da je to tako i kod drugih ljudi. Postao sam svjestan da se mo\u017ee\u0161 naviknuti na sve. Ta spoznaja me pla\u0161i. Njihove ideje, u kombinaciji sa spoznajom da se na njih lako naviknete\u201c, odgovara.<\/p>\n<p><strong>Trump im daje prostor<\/strong><\/p>\n<p>Postoji li direktna veza alt-righta i ameri\u010dkog predsjednika Donalda Trumpa? Kao poveznica slovio je Steve Bannon, \u0161ef desni\u010darskog Breitbart Newsa i glavni strateg Bijele ku\u0107e do odlaska iz Trumpove administracije u kolovozu.<\/p>\n<p>Hermansson napominje kako Bannon i nije najekstremniji u tom krugu, ali ono \u0161to je po njemu najgore jest to \u0161to im Trump daje prostora za rast. \u201eTrump ih motivira. Ne znam jesu li direktno ili indirektno povezani, ali opasnost je u tome \u0161to im on daje legitimitet i zbog njega rastu. Ljudima su sada te ideje prihvatljive. Rije\u010d je o mladim ljudima ispred kojih je \u010ditav \u017eivot, karijera, a oni uop\u0107e ne misle da prosvjed s neonacisti\u010dkim simbolima mo\u017ee biti negativno percipiran i da zbog njega nekad u budu\u0107nosti mogu imati problema. To je problem i to je zbog Trumpa. On nikada ne ka\u017ee ni\u0161ta protiv njih, ve\u0107 relativizira nasilje\u201c, odgovara.<\/p>\n<p>Trump je, podsjetimo, u prvoj reakciji na nasilje u Charlottesvilleu krivnju prebacio na \u201esve strane\u201c.<\/p>\n<p>Tko ili \u0161to \u0107e ih onda zaustaviti?<\/p>\n<p>\u201eNitko se ne rodi kao rasist, to se u\u010di. Brojni ljudi imaju pitanja o dru\u0161tvu u kojem \u017eivimo \u2013 bilo to u Hrvatskoj, Velikoj Britaniji ili SAD-u, a neke od tih ideja okre\u0107u ih prema krajnje desnoj politici. To ne zna\u010di da je to jedino rje\u0161enje, postoje rje\u0161enja problema koja nisu ksenofobna ili rasisti\u010dka. O tome treba politika voditi ra\u010duna. Va\u017enu ulogu imaju i mediji i na\u010din kako ih se portretira. Ameri\u010dki mediji, uklju\u010duju\u0107i i velike poput The New York Timesa, predstavljaju ih kao \u201ecool tipove\u201c. Ne smijemo im samo dati mikrofon i dozvoliti da iznose svoje ideje, bez propitivanja. To ameri\u010dki mediji \u010desto \u010dine \u2013 pohvale se da imaju Richarda Spencera, snimi se lijepa fotografija na kojoj on sjedi u stolici i pije whiskey i portretira ga se kao normalnog lika. Moramo ih napasti zbog njihove ideologije. To se tako\u0111er \u010dini, ali kao osmi paragraf u \u010dlanku ili ne uop\u0107e. Puno posla trebale bi odraditi i \u0161kole\u201c, smatra Hermansson.<\/p>\n<p>Od vremena objave filma krhki \u0160ve\u0111anin nije dobio nijednu prijetnju od ljudi koje je izlo\u017eio oku javnosti preko svoje kamere ugra\u0111ene u gumb na ko\u0161ulji. Dobiva, naravno, konstantne prijetnje s anonimnih ra\u010duna, ali ne i od ljudi koje je osobno upoznao. Ka\u017ee da ne zna prave razloge, ali misli da su zauzeti popravljanjem vlastite reputacije.<\/p>\n<p>Pitanje je, me\u0111utim, koliko je veliki korak od skrivanja nacisti\u010dkih ideja do mainstreama. \u201eNe znam. Nadam se da se to ne\u0107e dogoditi. U Velikoj Britaniji trenuta\u010dno postoji aktivni antifa\u0161izam i oni ne posti\u017eu puno. Nadam se da \u0107e i drugdje ljudi prona\u0107i na\u010dine da ih zaustave, jer pojavni su oblici druk\u010diji u svakoj zemlji\u201c, zaklju\u010duje Patrik Hermansson.<\/p>\n<p><strong>\u017dabac Pepe mokri po HDZ-u<\/strong><\/p>\n<p>Ima li u Hrvatskoj grupa koje se poistovje\u0107uju s alt-rightom? Prema ikonografiji, liku \u017eapca Pepea, trolu koji je postao simbol mr\u017enje, mo\u017eda bi ih se moglo prepoznati u Generaciji obnove, stranci koja je uredno registrirana ove velja\u010de, a korijene vu\u010de iz H\u010cSP-a.\u00a0 Pepe na njihovoj fotografiji iz lipnja mokri po HDZ-u zbog odluke da ide u koaliciju s HNS-om i njima prepusti odlu\u010divanje o obrazovanju. Zadnje akcije kojima se hvale na svojoj internetskoj stranici odnose se na postavljanje oltara generalu Slobodanu Praljku na Trgu bana Jela\u010di\u0107a. Dru\u0161tvo im je tom prilikom, sude\u0107i po fotografiji, \u010dinio i Suni\u0107, svojedobni kandidat H\u010cSP-a za Europski parlament. Suni\u0107 je bio i jedan od govornika na skupu koji je H\u010cSP organizirao s ma\u0111arskim Jobbikom 2013. u Laslovu. Na Facebook stranici Toma Sunica \u017eali se nad odlukom da se Spenceru zabranjuje pristup u EU, uz komentar kako \u201edr\u017eave EU propovijedaju toleranciju i slobodu govora \u2013 sve dok netko ne povrijedi moderne tabue, odnosno liberalnu politi\u010dku teologiju i suvremenu hagiografiju\u201c.<\/p>\n<p>Dojam je, ipak, da se na \u017eapca Pepea furaju zbog mode, ali da im pojava koja je u ovom obliku u Americi nova daje samo vjetar u le\u0111a za politiku koja ima dulje korijene na ovim prostorima.<\/p>\n<p><a href=\"http:\/\/faktograf.hr\/2017\/12\/14\/patrik-hermansson-alt-right-neonacizam-neofasizam\/\">faktograf.hr\u00a0<\/a><\/p>\n","protected":false},"excerpt":{"rendered":"<p>\u201cMoja godina u Kekistanu\u201c naziv je dokumentarca kojeg je 25-godi\u0161nji Patrik Hermansson snimio skrivenom kamerom tijekom jednogodi\u0161njeg dru\u017eenja (od rujna 2016. do rujna 2017.) s pripadnicima britanskog i ameri\u010dkog alt-righta te sli\u010dnih neonacisti\u010dkih i drugih pokreta krajnje desnice<\/p>\n","protected":false},"author":1,"featured_media":0,"comment_status":"open","ping_status":"closed","sticky":false,"template":"","format":"standard","meta":{"_seopress_robots_primary_cat":"","_seopress_titles_title":"","_seopress_titles_desc":"","_seopress_robots_index":"","_et_pb_use_builder":"","_et_pb_old_content":"","_et_gb_content_width":"","inline_featured_image":false,"footnotes":""},"categories":[5],"tags":[],"class_list":["post-238248","post","type-post","status-publish","format-standard","hentry","category-drugi-pisu"],"_links":{"self":[{"href":"https:\/\/www.pcnen.com\/portal\/wp-json\/wp\/v2\/posts\/238248","targetHints":{"allow":["GET"]}}],"collection":[{"href":"https:\/\/www.pcnen.com\/portal\/wp-json\/wp\/v2\/posts"}],"about":[{"href":"https:\/\/www.pcnen.com\/portal\/wp-json\/wp\/v2\/types\/post"}],"author":[{"embeddable":true,"href":"https:\/\/www.pcnen.com\/portal\/wp-json\/wp\/v2\/users\/1"}],"replies":[{"embeddable":true,"href":"https:\/\/www.pcnen.com\/portal\/wp-json\/wp\/v2\/comments?post=238248"}],"version-history":[{"count":0,"href":"https:\/\/www.pcnen.com\/portal\/wp-json\/wp\/v2\/posts\/238248\/revisions"}],"wp:attachment":[{"href":"https:\/\/www.pcnen.com\/portal\/wp-json\/wp\/v2\/media?parent=238248"}],"wp:term":[{"taxonomy":"category","embeddable":true,"href":"https:\/\/www.pcnen.com\/portal\/wp-json\/wp\/v2\/categories?post=238248"},{"taxonomy":"post_tag","embeddable":true,"href":"https:\/\/www.pcnen.com\/portal\/wp-json\/wp\/v2\/tags?post=238248"}],"curies":[{"name":"wp","href":"https:\/\/api.w.org\/{rel}","templated":true}]}}