{"id":238217,"date":"2017-12-16T09:18:33","date_gmt":"2017-12-16T08:18:33","guid":{"rendered":"http:\/\/www.pcnen.com\/portal\/?p=238217"},"modified":"2017-12-16T09:19:30","modified_gmt":"2017-12-16T08:19:30","slug":"ko-ce-nam-javiti-da-je-dosao-smak-svijeta","status":"publish","type":"post","link":"https:\/\/www.pcnen.com\/portal\/2017\/12\/16\/ko-ce-nam-javiti-da-je-dosao-smak-svijeta\/","title":{"rendered":"Ko \u0107e nam javiti da je do\u0161ao smak svijeta?"},"content":{"rendered":"<p><a href=\"http:\/\/www.pcnen.com\/portal\/wp-content\/uploads\/2017\/12\/kraj-svijeta.jpg\"><img loading=\"lazy\" decoding=\"async\" src=\"http:\/\/www.pcnen.com\/portal\/wp-content\/uploads\/2017\/12\/kraj-svijeta-300x220.jpg\" alt=\"\" width=\"300\" height=\"220\" class=\"alignleft size-medium wp-image-238218\" \/><\/a>Pi\u0161e: Milica Plav\u0161i\u0107 <\/p>\n<p>Probudio me prodoran zvuk koji, onako bunovna, nisam bila u stanju prepoznati. Dopirao je kroz otvoreni prozor i  mije\u0161ao se sa dobovanjem ki\u0161e koja je od sino\u0107 neprekidno padala. Ustala sam i krenula prema prozoru, razmi\u0161ljaju\u0107i da li da ga zatvorim i vratim se u krevet ili da ulo\u017eim potrebni napor i poku\u0161am razaznati o kakvom zvuku se radi. Za\u0161to sam uop\u0161te ostavila otvoren prozor, kad sam kona\u010dno imala priliku da se u miru naspavam, nakon dvije neprospavane no\u0107i?<\/p>\n<p>Ali pomisao na de\u0161avanja proteklih dana, kada je olujni vjetar harao Banjalukom, ru\u0161e\u0107i krovove i \u010dupaju\u0107i drve\u0107e iz korijena, samo me je dodatno uznemirila i polako je po\u010deo da me obuzima neki neobja\u0161njiv strah. Mo\u017eda je u pitanju sirena za uzbunu? Po ja\u010dini, zvuk je bio nalik alarmu iz auta, ali nije bio zavijaju\u0107i, ve\u0107 potpuno ravan. Poku\u0161avala sam se sjetiti kako zvu\u010di sirena za uzbunu koji se pali 15-og u mjesecu, ali nisam mogla sa sigurno\u0161\u0107u utvrditi da je to bio ba\u0161 taj zvuk. A i bila sam prili\u010dno sigurna da nije 15-ti. A i ne bi vje\u017ebali u po no\u0107i? A \u0161ta ako nije vje\u017eba, ve\u0107 prava uzbuna? A, opet, za\u0161to bi davali uzbunu sada kad se vjetar smirio? Da nije mo\u017eda ova uporna ki\u0161a negdje opet izazvala poplave, pa upozoravaju ljude da se evakui\u0161u? Ili nam se mo\u017eda pribli\u017eava uragan?<\/p>\n<p>Vijesti su ovih dana bile pune apokalipti\u010dnih prognoza, a na dru\u0161tvenim mre\u017eama se osjetila prili\u010dna panika me\u0111u ljudima. Da li bi istu uzbunu svirali i da su otkrili da se sprema neki teroristi\u010dki napad? U mene je sada ve\u0107 bio u\u0161ao neki iracionalan nemir i znala sam da od spavanja nema ni\u0161ta. Morala sam da ustanovim odakle je zvuk dolazio? Mo\u017eda odmah da probudim mu\u017ea, on \u0107e znati o \u010demu se radi? Iako je bilo gluvo doba no\u0107i i jo\u0161 uvijek nisam bila sasvim razbu\u0111ena, bila sam dovoljno pribrana da ne budim uku\u0107ane dok ne budem sigurna da je moj strah opravdan. Ako probudim mu\u017ea bezveze i on poslije toga ne bude mogao da zaspi, mene \u0107e kriviti \u0161to sutra nenaspavan mora na posao? A \u0161ta ako ga ne probudim, a zvuk stvarno upozorava na neku opasnost? Kako \u0107emo se onda spasiti? U glavi su mi se po\u010deli odmotavati razni scenariji op\u0161teg haosa na ulicama i kolona ljudi koji poku\u0161avaju pobje\u0107i iz grada.<\/p>\n<p>Posmatrala sam ulicu i okolne zgrade. Svjetla u stanovima su bila poga\u0161ena, a na ulici nije bilo nikoga. Ni\u0161ta nije ukazivalo na bilo kakvo vanredno stanje.<\/p>\n<p>Oti\u0161la sam u dnevni boravak da vidim koliko je sati i upalim TV, mo\u017eda neka od televizija upravo daje saop\u0161tenje za javnost. Ali koji daljinski je za TV? Mu\u017e je tu ve\u010de gledao film na nekom od HDMI-eva i ja sam sada pritiskala dugmad na jednom daljinskom, koji je za televizor, pa na drugom, koji je ze neki paket usluga\u2026 Tre\u0107i, koji je za kablovsku, djeca nosaju po cijeloj ku\u0107i i sad ga k\u2019o za inat nigdje nisam mogla na\u0107i. Unezvjereno sam gledala po sobi, preturaju\u0107i jastuke i zaviruju\u0107i ispod namje\u0161taja. Jebeni smart TV, i ko ga izmisli, i ko ga kupi, kad na njemu ne mo\u017ee\u0161 da na\u0111e\u0161 najobi\u010dniji TV kanal. Da ipak probudim mu\u017ea?<\/p>\n<p>Idem prvo provjeriti vijesti na portalima, mo\u017eda je neko ne\u0161to javio. Koji bi mogao biti naja\u017eurniji? Otvaram nekoliko bookmarkovanih, ali na naslovnim stranicama ju\u010dera\u0161nje vijesti. Pa, normalno, ljudi spavaju, ne de\u017eura niko u no\u0107noj smjeni i \u010deka kad \u0107e javiti da je smak svijeta. Ali kako \u0107emo mi onda uop\u0161te znati kada taj trenutak do\u0111e? Ko \u0107e nas upozoriti? Prebirem po mozgu,  koji jo\u0161 izvor informacija postoji? Radio. U radio se \u010dovjek uvijek mo\u017ee pouzdati. Ali gdje mi je radio u ku\u0107i? Zagledam neki ure\u0111aj ispod TV-a &#8211; nisam sigurna kako se zove &#8211; i na njega spojeni iPod. Do njega poja\u010dalo i visoki zvu\u010dnici s obje strane. Nemam pojma gdje je tu radio i da li ga uop\u0161te imamo. Mo\u017eda da odem do auta da upalim radio? Ali kako \u0107u sad po mraku na ulicu, a nemam pojma \u0161ta se vani de\u0161ava?<\/p>\n<p>Odjednom mi padne na pamet da sam dan ranije negdje pro\u010ditala vijest da zasjeda krizni \u0161tab. Mislim, pro\u010ditala sam samo naslov, tako da nisam sigurna kakav krizni \u0161tab i za\u0161to zasjeda kad je najgore pro\u0161lo, kad se vjetar sti\u0161ao, ali to mora da je to \u2013 civilna za\u0161tita upozorava na ne\u0161to. Mo\u017eda sam ipak trebala pro\u010ditati cijeli tekst? <\/p>\n<p>Ali tu se moj pani\u010dni tok misli naglo zavr\u0161ava jednom pora\u017eavaju\u0107e spoznajom &#8211; sve i da je upravo do\u0161ao kraj svijeta, ja to ne bih znala. Mi to ne bismo znali. Uz sve mogu\u0107e smart televizore, telefone, laptope i tablete,  uz svu digitalnu tehnologiju i silu informacija koje su nam dostupne i kojima nas mediji, stari i novi, bombarduju sa svih strana, u trenutku kada su nam informacije najpotrebnije, mi bismo bili u potpunom mraku. U eri informacija, mi smo zapravo bili najmanje upu\u0107eni u stvari od kojih nam sutra mo\u017ee zavisiti \u017eivot.   <\/p>\n<p>Taj osje\u0107aj bespomo\u0107nosti bio je potpuno otre\u017enjuju\u0107i i sada sam bila ve\u0107 sasvim budna. Neidentifikovani zvuk se u me\u0111uvremenu ugasio, a ja sam nastavila sjediti u mraku sa dva daljinska u rukama.<\/p>\n<p>Mo\u017eda je samo do mene i mo\u017eda ve\u0107ina ljudi ipak zna upaliti TV u vlastitoj ku\u0107i. Ali \u0161ta ako, recimo, nestane struje?<\/p>\n<p><a href=\"http:\/\/www.6yka.com\/novost\/132969\/ko-ce-nam-javiti-da-je-dosao-smak-svijeta\">6yka.com<\/a><\/p>\n","protected":false},"excerpt":{"rendered":"<p>Posmatrala sam ulicu i okolne zgrade. Svjetla u stanovima su bila poga\u0161ena, a na ulici nije bilo nikoga. Ni\u0161ta nije ukazivalo na bilo kakvo vanredno stanje.<\/p>\n","protected":false},"author":1,"featured_media":0,"comment_status":"open","ping_status":"closed","sticky":false,"template":"","format":"standard","meta":{"_seopress_robots_primary_cat":"","_seopress_titles_title":"","_seopress_titles_desc":"","_seopress_robots_index":"","_et_pb_use_builder":"","_et_pb_old_content":"","_et_gb_content_width":"","inline_featured_image":false,"footnotes":""},"categories":[5],"tags":[],"class_list":["post-238217","post","type-post","status-publish","format-standard","hentry","category-drugi-pisu"],"_links":{"self":[{"href":"https:\/\/www.pcnen.com\/portal\/wp-json\/wp\/v2\/posts\/238217","targetHints":{"allow":["GET"]}}],"collection":[{"href":"https:\/\/www.pcnen.com\/portal\/wp-json\/wp\/v2\/posts"}],"about":[{"href":"https:\/\/www.pcnen.com\/portal\/wp-json\/wp\/v2\/types\/post"}],"author":[{"embeddable":true,"href":"https:\/\/www.pcnen.com\/portal\/wp-json\/wp\/v2\/users\/1"}],"replies":[{"embeddable":true,"href":"https:\/\/www.pcnen.com\/portal\/wp-json\/wp\/v2\/comments?post=238217"}],"version-history":[{"count":0,"href":"https:\/\/www.pcnen.com\/portal\/wp-json\/wp\/v2\/posts\/238217\/revisions"}],"wp:attachment":[{"href":"https:\/\/www.pcnen.com\/portal\/wp-json\/wp\/v2\/media?parent=238217"}],"wp:term":[{"taxonomy":"category","embeddable":true,"href":"https:\/\/www.pcnen.com\/portal\/wp-json\/wp\/v2\/categories?post=238217"},{"taxonomy":"post_tag","embeddable":true,"href":"https:\/\/www.pcnen.com\/portal\/wp-json\/wp\/v2\/tags?post=238217"}],"curies":[{"name":"wp","href":"https:\/\/api.w.org\/{rel}","templated":true}]}}