{"id":238030,"date":"2017-12-13T09:15:33","date_gmt":"2017-12-13T08:15:33","guid":{"rendered":"http:\/\/www.pcnen.com\/portal\/?p=238030"},"modified":"2017-12-13T09:15:33","modified_gmt":"2017-12-13T08:15:33","slug":"amir-reko-ljudina-penicilin-za-mladica-i-praljka","status":"publish","type":"post","link":"https:\/\/www.pcnen.com\/portal\/2017\/12\/13\/amir-reko-ljudina-penicilin-za-mladica-i-praljka\/","title":{"rendered":"Amir Reko ljudina, penicilin za Mladi\u0107a i Praljka"},"content":{"rendered":"<p><strong>Pi\u0161e: Dragan Bursa\u0107 <\/strong><\/p>\n<p><a href=\"http:\/\/www.pcnen.com\/portal\/wp-content\/uploads\/2015\/05\/Dragan-Bursac.jpg\"><img loading=\"lazy\" decoding=\"async\" class=\"alignleft size-medium wp-image-180696\" src=\"http:\/\/www.pcnen.com\/portal\/wp-content\/uploads\/2015\/05\/Dragan-Bursac-300x224.jpg\" alt=\"\" width=\"300\" height=\"224\" \/><\/a>Svi ste \u010duli za Amira Reku. Da podsjetim, one koji ne znaju. Oni koji su \u010duli, a zaboravili, e takvih nema. Jer, Amir Reko iz sela Gudelj kod Gora\u017eda biv\u0161i je oficir JNA, koji je spasio 45 srpskih civila iz sela Bu\u010dje od sigurne smrti. On je to u\u010dinio samo tri dana nakon \u0161to mu je srpska strana u ku\u0107i spalila majku i nekoliko \u010dlanova porodice. Eto, oficir u eri ratnih zlo\u010dinaca.<\/p>\n<p><strong>Nema zemlje za Ljude<\/strong><\/p>\n<p>I dok nacionalisti\u010dka rulja u suludom verbalnom piru slavi Ratka Mladi\u0107a, Slobodana Praljka, Juku Prazinu, brani njihove \u201ctekovine\u201d, identifikuje se sa njima \u010dak, nekako skrajnut od svijeta \u017eivi taj Amir Reko. Ta LJUDINA, koja je svojim oficirskim stavom, naredbom i humano\u0161\u0107u spasila seljane Bu\u010dja te &#8216;92. sigurne smrti. Njih 45 Srba i ne\u0161to Bo\u0161njaka.<\/p>\n<p>Me\u0111u podre\u0111enim bilo je vojnika kojima je srpska strana, kao i Reki pobila \u010dlanove porodica. Krv bi pala. I koliko se god neslagali sa Rekom, poslu\u0161ali su ga. Nadre\u0111eni se slu\u0161a. A, nadre\u0111eni je mjesto osvete, zlo\u010dina, mjesto pogroma, izabrao humanost. Spasio je ljude. Spasio je ljudske \u017eivote. Spasio je sebi i svojim vojnicima obraz i \u010dast.<\/p>\n<p>I koja je nagrada za ljudskost? Ovdje na Balkanu, gdje su heroji ratni zlo\u010dinci, nagrada je anonimnost. Pa je tako taj Amir Reko od strane pojedinih bo\u0161nja\u010dkih krugova bio tretiran kao izdajnik, a ve\u0107ina Srba i Hrvata \u010detvrt vijeka nisu ni \u010duli za njega. I namjesto da dobije svoju ulicu, trg, namjesto da se po njemu zove neko udru\u017eenje, da mu za \u017eivota podignu spomenik, dr\u017eava i mi sa njom smo se odrekli tog na\u0161eg heroja. Odrekli i vje\u0161to zaboravili.<\/p>\n<p>A, Amir je oti\u0161ao daleko na sjever, sa porodicom. U Dansku. U izbjegli\u0161tvo.<\/p>\n<p>Kako je sam skromno govorio, nije on uradio nikakvo herojsko djelo. Tako je bio vaspitan, tako odgajan i tako usmjeren. Kakvi fatalni nedostaci, za kazan zla u kome \u017eivimo!<\/p>\n<p>I drugi pot u \u017eivotu, Reko je pokazao koliki je heroj kada se iz Danske vratio u BiH, kao privrednik, biznismen, \u010dovjek materijalno, duhovno i eti\u010dki situiran, koji poku\u0161ava pomo\u0107i ruiniranoj zemlji i zapu\u0161tenom narodu. U ratu \u010da\u0161\u0107u i ljudsko\u0161\u0107u, u miru nadom i poslom.<br \/>\n<strong><br \/>\nLjudina godina koje su pojeli skakavci sa nama<\/strong><\/p>\n<p>Ali, ima jedna druga stvar. Kraj je godine. Pro\u0161lo je \u010detvrt vijeka od kraja rata (ili mi samo mislimo da je tako). Kako god. U silnim izborima za li\u010dnost godine, za ovo i ono, za privrednike, ministre, missice, uznike, sportiste, pa\u0107enike i pla\u0107enike, za \u201cmoje i tvoje\u201d, za do\u0111e\u0161 mi i do\u0111em ti, za poete politi\u010dke i pizde od politi\u010dara, niko da se sjeti Amira Reke, pa da mu titulu \u010dovjeka godine i ljudine decenije dodijeli.<\/p>\n<p>A, kad \u010dovjek pogleda, i ne treba taj \u010dasni oficir biti u dru\u0161tvu kojekavih politi\u010dkih starletana i inih ljudskih marginalaca.<\/p>\n<p>Pa ipak, ako bi kakav objektivan sud, koji nadilazi balkansku \u017eabokre\u010dinu dodjeljivao priznanje za li\u010dnost decenije ba\u0161 u ovoj godini, Reko ga zaslu\u017euje. Za sve na\u0161e zaboravljene tihe humane junake kojih ima oko nas ako bolje pogledamo i kao vakcina protiv povampirenih nacionalista i antiheroja.<\/p>\n<p>Ovo je mala i kratka lista za sve ono \u0161to je Amir Reko i jo\u0161 vi\u0161e za ono \u0161to on i njegova ljudskost mogu i moraju da zna\u010de ovoj zemlji, ali i zemljama oko ove zemlje. Za sve ono \u0161to nismo, a trebali bi da budemo.<\/p>\n<p>Za\u0161to je Amir Reko li\u010dnost decenije?<\/p>\n<p>-Zato \u0161to je u godini ratnih zlo\u010dinaca, i dalje ratni heroj.<br \/>\n-Zato \u0161to je odbio ratnu i izvr\u0161io ljudsku du\u017enost.<br \/>\n-Zato \u0161to je oprostio, uzdigao se iznad bola i osvete u svojoj li\u010dnoj tragediji.<br \/>\n-Zato \u0161to tvrdi da nije heroj.<br \/>\n-Zato \u0161to se u dru\u0161tvu antiheroja Amir kao Feniks ponovo uzdi\u017ee i uni\u0161tava ih dobrotom.<br \/>\n-Zato \u0161to je nakon rata napustio BIH, uspio u \u017eivotu, pa se herojski vratio, da pomogne zemlji da i ona uspije u \u017eivotu.<br \/>\n-Zato \u0161to taj i takav nije digao ruke od Balkana, nego hrabro ide po njemu i propagira ljudskost na svakom \u0107o\u0161ku ovih na\u0161ih vjetrometina.<br \/>\n-Zato \u0161to je 45 civila pre\u017eivjelo i svjedo\u010dilo ljudskosti.<br \/>\n-Zato \u0161to je penicilin za sve nacionaliste sa militaristi\u010dkom neljudskom doktrinom.<br \/>\n-Zato \u0161to je razdvojio oficire od bandita i zlo\u010dinaca.<br \/>\n-Zato \u0161to je odbranio svoju \u010dast i zato \u0161to je LJUDSKO blago moje domovine.<br \/>\n-Zato \u0161to je uspio da mu se poklone Bo\u0161njaci, Hrvati i Srbi od Gora\u017eda do Beograda i Zagreba.<br \/>\n-Zato \u0161to je natjerao sve njih da se osje\u0107aju kao ljudi.<br \/>\n-Zato \u0161to nije izabrao osvetu.<br \/>\n-Zato \u0161to njegovo ime treba da nose ulice i trgovi diljem Balkana, jednako kao \u0161to mu je ime urezano u srcima pre\u017eivjelih.<br \/>\n-U inat onima koji misle kako je sve ovo premalo da bude li\u010dnost jedne decenije.<br \/>\n-Zato \u0161to pomen njegovog imena ni\u0161ti Mladi\u0107a i Praljka.<br \/>\n&#8211; Zato \u0161to je sa pogre\u0161ne strane straha i prave strane istine.<br \/>\n&#8220;Moju baku u Drugom svjetkom ratu spasio je Srbin, mene je spasio Srbin, moja majka okupljala je susjede i Bo\u0161njake i Srbe, a ubijena je od zlo\u010dinaca. Ali za to nije kriv \u010ditav srpski narod. Sjetio sam se nje&#8230;uvijek bi mi govorila &#8216;Amire, budi to \u0161to jesi, onakav kakvim te tvoja majka odgojila. Nisam nikakav heroj, samo sam bio \u010dovjek&#8221;, zaklju\u010duje onomad Amir Reko svoju \u017eivotnu pri\u010du za Deutsche Welle.<br \/>\n-Zato \u0161to je \u010cOVJEK, e zato najvi\u0161e!<\/p>\n<p>Jesmo li svi mi spremni prona\u0107i u sebi toga Amira Reku? Jesmo li spremni kona\u010dno vojni\u010dke \u010dizme zamijeniti patikama mira? Ho\u0107emo li, nakon zakopavanja aveti pro\u0161losti u novu godinu u\u0107i barem malo kao ljudi?<\/p>\n<p>Ratan pri\u010da jednog oficira koji se ponio kao \u010dovjek i koji je namjesto smrti i zlo\u010dina izabrao \u017eivot i oprost trebala bi nas barem malo izmjestiti sa utabanih nacionalisti\u010dkih autostrada. Ako nam ni ovo nije dovoljno, ne zaslu\u017eujemo se zvati Amirovim imenom.<\/p>\n<p>A, on se zove \u010dovjek.<\/p>\n<p><a href=\"http:\/\/www.6yka.com\/novost\/132814\/dragan-bursac-amir-reko-ljudina-penicilin-za-mladica-i-praljka\" target=\"_blank\" rel=\"noopener\">Buka<\/a><\/p>\n","protected":false},"excerpt":{"rendered":"<p>Kako je sam skromno govorio, nije on uradio nikakvo herojsko djelo. Tako je bio vaspitan, tako odgajan i tako usmjeren. Kakvi fatalni nedostaci, za kazan zla u kome \u017eivimo!<\/p>\n","protected":false},"author":1,"featured_media":0,"comment_status":"open","ping_status":"closed","sticky":false,"template":"","format":"standard","meta":{"_seopress_robots_primary_cat":"","_seopress_titles_title":"","_seopress_titles_desc":"","_seopress_robots_index":"","_et_pb_use_builder":"","_et_pb_old_content":"","_et_gb_content_width":"","inline_featured_image":false,"footnotes":""},"categories":[5],"tags":[],"class_list":["post-238030","post","type-post","status-publish","format-standard","hentry","category-drugi-pisu"],"_links":{"self":[{"href":"https:\/\/www.pcnen.com\/portal\/wp-json\/wp\/v2\/posts\/238030","targetHints":{"allow":["GET"]}}],"collection":[{"href":"https:\/\/www.pcnen.com\/portal\/wp-json\/wp\/v2\/posts"}],"about":[{"href":"https:\/\/www.pcnen.com\/portal\/wp-json\/wp\/v2\/types\/post"}],"author":[{"embeddable":true,"href":"https:\/\/www.pcnen.com\/portal\/wp-json\/wp\/v2\/users\/1"}],"replies":[{"embeddable":true,"href":"https:\/\/www.pcnen.com\/portal\/wp-json\/wp\/v2\/comments?post=238030"}],"version-history":[{"count":0,"href":"https:\/\/www.pcnen.com\/portal\/wp-json\/wp\/v2\/posts\/238030\/revisions"}],"wp:attachment":[{"href":"https:\/\/www.pcnen.com\/portal\/wp-json\/wp\/v2\/media?parent=238030"}],"wp:term":[{"taxonomy":"category","embeddable":true,"href":"https:\/\/www.pcnen.com\/portal\/wp-json\/wp\/v2\/categories?post=238030"},{"taxonomy":"post_tag","embeddable":true,"href":"https:\/\/www.pcnen.com\/portal\/wp-json\/wp\/v2\/tags?post=238030"}],"curies":[{"name":"wp","href":"https:\/\/api.w.org\/{rel}","templated":true}]}}