{"id":238020,"date":"2017-12-13T09:02:26","date_gmt":"2017-12-13T08:02:26","guid":{"rendered":"http:\/\/www.pcnen.com\/portal\/?p=238020"},"modified":"2017-12-16T12:01:55","modified_gmt":"2017-12-16T11:01:55","slug":"uspori-me","status":"publish","type":"post","link":"https:\/\/www.pcnen.com\/portal\/2017\/12\/13\/uspori-me\/","title":{"rendered":"Uspori me"},"content":{"rendered":"<p>Prije par dana po\u010deo je Festival filma o ljudskim pravima Ubrzaj.me, na kojem, ove godine, uz bogat repertoar ima stvarno filmova koje vrijedi odgledati. Za slobodu, ljudska prava, humanost, solidarnost i druge univerzalne vrijednosti se zala\u017eem svim svojim bi\u0107em: i kao \u010dovjek i kao socijalista po politi\u010dkom opredjeljenju. Doista ne tako mo\u0107no i bu\u010dno kao \u0161to to rade SAD, ve\u0107 tiho i na svoj na\u010din.<\/p>\n<p><a href=\"http:\/\/www.pcnen.com\/portal\/wp-content\/uploads\/2017\/12\/Uehara.jpg\"><img loading=\"lazy\" decoding=\"async\" class=\"alignright size-medium wp-image-238025\" src=\"http:\/\/www.pcnen.com\/portal\/wp-content\/uploads\/2017\/12\/Uehara-300x200.jpg\" alt=\"\" width=\"300\" height=\"200\" srcset=\"https:\/\/www.pcnen.com\/portal\/wp-content\/uploads\/2017\/12\/Uehara.jpg 300w, https:\/\/www.pcnen.com\/portal\/wp-content\/uploads\/2017\/12\/Uehara-235x157.jpg 235w, https:\/\/www.pcnen.com\/portal\/wp-content\/uploads\/2017\/12\/Uehara-75x50.jpg 75w, https:\/\/www.pcnen.com\/portal\/wp-content\/uploads\/2017\/12\/Uehara-220x147.jpg 220w\" sizes=\"(max-width: 300px) 100vw, 300px\" \/><\/a>Festival su, pored ostalih, podr\u017eali SAD, \u0161to finasijski \u0161to na najve\u0107em nivou, \u0161alju\u0107i svoju ambasadraku Margaret Ueharu na otvaranje istog. Zato je valjda na koktelu prire\u0111enom povodom otvaranja festivala bila gotovo sva crnogorska politi\u010dka, kulturna i javna elita ili \u201eelita\u201c.<\/p>\n<p>I \u0161to je u tome \u010dudno?<\/p>\n<p>Kao nekom ko po nijednoj osnovi ne pripada ve\u0107ini te elite, a koji je ipak bio na otvaranju Festivala, paradoksalno su mi zvu\u010dale rije\u010di ambasadorke Uehare na konferneciji za \u0161tampu tim povodom, a \u010diju \u0107u samo jednu re\u010denicu citirati: \u201eIstorija pamti i slavi one koji se zala\u017eu za pro\u0161irenje kruga ljudskih prava, ali tako\u0111e pamti i negativne primjere onih koji ih ograni\u010davaju\u201d.<\/p>\n<p>Odli\u010dna misao sa kojom sam u potpunosti saglasan. Ali\u2026<\/p>\n<p><a href=\"http:\/\/www.pcnen.com\/portal\/wp-content\/uploads\/2017\/12\/palestina.jpg\"><img loading=\"lazy\" decoding=\"async\" class=\"alignleft size-medium wp-image-238027\" src=\"http:\/\/www.pcnen.com\/portal\/wp-content\/uploads\/2017\/12\/palestina-300x203.jpg\" alt=\"\" width=\"300\" height=\"203\" \/><\/a>Uporedo sa otvaranjem Festivala o ljudskim pravima, administracija SAD (kojoj ambasadroka pripada) je priznala Jerusalim za glavni grad Izreala, kr\u0161e\u0107i ne samo norme i rezolucije UN nego i sve univerzalne vrijednosti i osnovna ljudska prava Palestinaca. Iste te SAD, koje se eto retori\u010dki kao bore za ljudska prava i druge u\u010de njima, ve\u0107 decenijama podr\u017eavaju Izrael u najte\u017eem kr\u0161nju ljudskih prava koji se kontituirano sprovodi nad Palestincima: blokiraju svaku rezuluciju UN kojom se poku\u0161ava osuditi represija, mu\u010denje, stalno osvajanje teritorija na kojima \u017eive Palestinci. Pojas Gaze je ve\u0107 decenijama najve\u0107i koncetracioni logor na svijetu\u2026<\/p>\n<p>A sad jo\u0161 jednom ponavljam i podvla\u010dim ono \u0161to je gospo\u0111a ambasadorka SAD rekla: Istorija pamti i slavi one koji se zala\u017eu za pro\u0161irenje kruga ljudskih prava, ali tako\u0111e pamti i negativne primjere onih koji ih ograni\u010davaju.<\/p>\n<p>Vra\u0107am se opet na Festival o ljudskim pravima.<\/p>\n<p>Kakav ja i oni sli\u010dni meni mogu imati osje\u0107aj kada vidimo da je glavni gost i podr\u017eavaoc Festivala o ljudskim pravima upravo predstavnik zemlje koja je upravo napravila ne\u0161to \u0161to se kr\u0161i sa svim na\u010delima, univerzalnim slobodama i ljudskim pravima? I da niko od tolikih zvu\u010dnih zvanica i boraca za ljudska prava sa Festivala, bar da ja znam, se ne oglasi povodom priznanja\u00a0Jerusalima za glavni grad Izraela?<\/p>\n<p><a href=\"http:\/\/www.pcnen.com\/portal\/wp-content\/uploads\/2017\/12\/Jerusalim.jpg\"><img loading=\"lazy\" decoding=\"async\" class=\"aligncenter size-large wp-image-238026\" src=\"http:\/\/www.pcnen.com\/portal\/wp-content\/uploads\/2017\/12\/Jerusalim-450x321.jpg\" alt=\"\" width=\"450\" height=\"321\" \/><\/a><\/p>\n<p>Na samom kraju:<\/p>\n<p><strong>Inicijator sam mirnog, neprijavljenog protesta ispred ameri\u010dke ambasade koji \u0107e se odr\u017eati 15.12.2017. godine u 13h a povodom odbrane ljudskih prava Palestinaca koja su frapantno ugro\u017eena upravo ameri\u010dkom podr\u0161kom politici najte\u017eeg kr\u0161enja njihovih prava koju sprovodi Izrael. Kao takav, u ime ljudskih prava i pragrafa smi\u0161ljenih u njihovu \u201codbranu\u201d ne bi me za\u010dudilo da zbog toga budem priveden i \u201cadekvatno ka\u017enjen\u201d.<\/strong><\/p>\n","protected":false},"excerpt":{"rendered":"<p>&#8220;Istorija pamti i slavi one koji se zala\u017eu za pro\u0161irenje kruga ljudskih prava, ali tako\u0111e pamti i negativne primjere onih koji ih ograni\u010davaju\u201d. Odli\u010dna misao sa kojom sam u potpunosti saglasan. Ali\u2026<\/p>\n","protected":false},"author":12,"featured_media":0,"comment_status":"open","ping_status":"closed","sticky":false,"template":"","format":"standard","meta":{"_seopress_robots_primary_cat":"","_seopress_titles_title":"","_seopress_titles_desc":"","_seopress_robots_index":"","_et_pb_use_builder":"","_et_pb_old_content":"","_et_gb_content_width":"","inline_featured_image":false,"footnotes":""},"categories":[17],"tags":[],"class_list":["post-238020","post","type-post","status-publish","format-standard","hentry","category-blogovi"],"_links":{"self":[{"href":"https:\/\/www.pcnen.com\/portal\/wp-json\/wp\/v2\/posts\/238020","targetHints":{"allow":["GET"]}}],"collection":[{"href":"https:\/\/www.pcnen.com\/portal\/wp-json\/wp\/v2\/posts"}],"about":[{"href":"https:\/\/www.pcnen.com\/portal\/wp-json\/wp\/v2\/types\/post"}],"author":[{"embeddable":true,"href":"https:\/\/www.pcnen.com\/portal\/wp-json\/wp\/v2\/users\/12"}],"replies":[{"embeddable":true,"href":"https:\/\/www.pcnen.com\/portal\/wp-json\/wp\/v2\/comments?post=238020"}],"version-history":[{"count":0,"href":"https:\/\/www.pcnen.com\/portal\/wp-json\/wp\/v2\/posts\/238020\/revisions"}],"wp:attachment":[{"href":"https:\/\/www.pcnen.com\/portal\/wp-json\/wp\/v2\/media?parent=238020"}],"wp:term":[{"taxonomy":"category","embeddable":true,"href":"https:\/\/www.pcnen.com\/portal\/wp-json\/wp\/v2\/categories?post=238020"},{"taxonomy":"post_tag","embeddable":true,"href":"https:\/\/www.pcnen.com\/portal\/wp-json\/wp\/v2\/tags?post=238020"}],"curies":[{"name":"wp","href":"https:\/\/api.w.org\/{rel}","templated":true}]}}