{"id":237945,"date":"2017-12-11T19:26:53","date_gmt":"2017-12-11T18:26:53","guid":{"rendered":"http:\/\/www.pcnen.com\/portal\/?p=237945"},"modified":"2017-12-11T19:28:35","modified_gmt":"2017-12-11T18:28:35","slug":"odobren-medunarodni-kod-za-crnogorski-jezik","status":"publish","type":"post","link":"https:\/\/www.pcnen.com\/portal\/2017\/12\/11\/odobren-medunarodni-kod-za-crnogorski-jezik\/","title":{"rendered":"Odobren me\u0111unarodni kod za crnogorski jezik"},"content":{"rendered":"<p><a href=\"http:\/\/www.pcnen.com\/portal\/wp-content\/uploads\/2012\/08\/cg-slova.jpg\"><img loading=\"lazy\" decoding=\"async\" src=\"http:\/\/www.pcnen.com\/portal\/wp-content\/uploads\/2012\/08\/cg-slova-300x172.jpg\" alt=\"\" width=\"300\" height=\"172\" class=\"alignleft size-medium wp-image-91499\" \/><\/a>Crna Gora je dobila me\u0111unarodni kod za crnogorski jezik u okviru ISO me\u0111unarodnog standarda, saop\u0161tio je danas, na konferenciji za novinare, direktor Nacionalne biblioteke Crne Gore \u201c\u0110ur\u0111e Crnojevi\u0107\u201c Bogi\u0107 Rako\u010devi\u0107. Oznaka za crnogorski jezik bi\u0107e CNR.<\/p>\n<p>Ovim je, prema rije\u010dima Rako\u010devi\u0107a, Va\u0161ington ne samo priznao postojanje crnogorskog jezika, nego i potvrdio da on nije varijanta sprskog jezika, kako je do skoro spo\u010ditavano.<\/p>\n<p>&#8220;Ovo je zaista lijepa vijest za nas. Ujedinjeni savjetodavni komitet za kodifikaciju jezika, sa sjedi\u0161tem u kongresnoj biblioteci u Va\u0161ingtonu, odobrio je zahtjev biblioteke za definisanjem koda za crnogorski jezik. Oznaka za crnogorski jezik bi\u0107e CNR naziv na engleskom \u201cmontenegrian\u201c, na francuskom \u201cmontenegrin\u201c, a u originalu &#8220;crnogorski jezik&#8221;, prenosi<a href=\"http:\/\/www.cetinjskilist.com\/index.php\/drustvo\/item\/1463-dobijen-medunarodni-kod-za-crnogorski-jezik\"> Cetinjski list. <\/a><br \/>\nISO 639 tablice bi\u0107e a\u017eurirane u nedjeljama koje slijede. Ovo je naro\u010dito va\u017eno za sistem kodiranja i katalogizacije knjiga&#8221;, kazao je Rako\u010devi\u0107.<\/p>\n<p>Prema rije\u010dima nekada\u0161nje direktorice Nacionalne biblioteke \u201c\u0110ur\u0111e Crnojevi\u0107\u201c Jelene \u0110urovi\u0107, ovo je zna\u010dajna vijest za akademsku zajednicu, te crnogorsku kulturu uop\u0161te.<\/p>\n<p>&#8220;Nacionalna biblioteka je sprovodila skoro deset godina opse\u017ene aktivnosti na dobijanju ovog koda. Ovo je veoma va\u017eno za za me\u0111unarodnu razmjenu bibliografskih informacija. Isplatilo se na\u0161e strpljenje, upornost i \u010dvrsto uvjerenje da \u0107emo dobiti me\u0111unarodni kod za na\u0161 jezik&#8221;, istakla je \u0110urovi\u0107.<\/p>\n<p>Prvi pisani zahtjev za dodjelu me\u0111unarodnog koda biblioteka je uputila Tehni\u010dkom komitetu ISO 639 u julu 2008. godine, a kompletnu dokumentaciju proslijedila u Va\u0161ington u septembru 2015. godine. Zahtjev je, nakon brojnih procedura, odobren tek u petak 8. decembra 2017. godine.<\/p>\n","protected":false},"excerpt":{"rendered":"<p>Crna Gora je dobila me\u0111unarodni kod za crnogorski jezik u okviru ISO me\u0111unarodnog standarda, saop\u0161tio je danas, na konferenciji za novinare, direktor Nacionalne biblioteke Crne Gore \u201c\u0110ur\u0111e Crnojevi\u0107\u201c Bogi\u0107 Rako\u010devi\u0107. Oznaka za crnogorski jezik bi\u0107e CNR. Ovim je, prema rije\u010dima Rako\u010devi\u0107a, Va\u0161ington ne samo priznao postojanje crnogorskog jezika, nego i potvrdio da on nije varijanta [&hellip;]<\/p>\n","protected":false},"author":1,"featured_media":0,"comment_status":"open","ping_status":"closed","sticky":false,"template":"","format":"standard","meta":{"_seopress_robots_primary_cat":"","_seopress_titles_title":"","_seopress_titles_desc":"","_seopress_robots_index":"","_et_pb_use_builder":"","_et_pb_old_content":"","_et_gb_content_width":"","inline_featured_image":false,"footnotes":""},"categories":[14,12],"tags":[],"class_list":["post-237945","post","type-post","status-publish","format-standard","hentry","category-vijesti","category-prica-dana"],"_links":{"self":[{"href":"https:\/\/www.pcnen.com\/portal\/wp-json\/wp\/v2\/posts\/237945","targetHints":{"allow":["GET"]}}],"collection":[{"href":"https:\/\/www.pcnen.com\/portal\/wp-json\/wp\/v2\/posts"}],"about":[{"href":"https:\/\/www.pcnen.com\/portal\/wp-json\/wp\/v2\/types\/post"}],"author":[{"embeddable":true,"href":"https:\/\/www.pcnen.com\/portal\/wp-json\/wp\/v2\/users\/1"}],"replies":[{"embeddable":true,"href":"https:\/\/www.pcnen.com\/portal\/wp-json\/wp\/v2\/comments?post=237945"}],"version-history":[{"count":0,"href":"https:\/\/www.pcnen.com\/portal\/wp-json\/wp\/v2\/posts\/237945\/revisions"}],"wp:attachment":[{"href":"https:\/\/www.pcnen.com\/portal\/wp-json\/wp\/v2\/media?parent=237945"}],"wp:term":[{"taxonomy":"category","embeddable":true,"href":"https:\/\/www.pcnen.com\/portal\/wp-json\/wp\/v2\/categories?post=237945"},{"taxonomy":"post_tag","embeddable":true,"href":"https:\/\/www.pcnen.com\/portal\/wp-json\/wp\/v2\/tags?post=237945"}],"curies":[{"name":"wp","href":"https:\/\/api.w.org\/{rel}","templated":true}]}}