{"id":237887,"date":"2017-12-11T08:17:37","date_gmt":"2017-12-11T07:17:37","guid":{"rendered":"http:\/\/www.pcnen.com\/portal\/?p=237887"},"modified":"2017-12-11T08:17:37","modified_gmt":"2017-12-11T07:17:37","slug":"valja-opet-procitati-tudmanove-izjave-o-bih-i-hvo","status":"publish","type":"post","link":"https:\/\/www.pcnen.com\/portal\/2017\/12\/11\/valja-opet-procitati-tudmanove-izjave-o-bih-i-hvo\/","title":{"rendered":"Valja opet pro\u010ditati Tu\u0111manove izjave o BIH i HVO"},"content":{"rendered":"<p><strong>Autor: Autograf.hr<\/strong><\/p>\n<p><a href=\"http:\/\/www.pcnen.com\/portal\/wp-content\/uploads\/2012\/11\/Stari-Most-u-Mostaru.jpg\"><img loading=\"lazy\" decoding=\"async\" class=\"alignleft size-medium wp-image-99847\" src=\"http:\/\/www.pcnen.com\/portal\/wp-content\/uploads\/2012\/11\/Stari-Most-u-Mostaru-300x226.jpg\" alt=\"\" width=\"300\" height=\"226\" \/><\/a>\u0160estorka vode\u0107ih ljudi nekada\u0161nje Herceg-Bosne osu\u0111ena je na ukupno 111 godina zatvora, a general Slobodan Praljak je usred izricanja presude popio otrov i ubrzo umro.<\/p>\n<p>Premijer Andrej Plenkovi\u0107, predsjednica Kolinda Grabar-Kitarovi\u0107 i predsjednik Sabora Gordan Jandrokovi\u0107 kazali su kako je ova presuda nepravedna.<\/p>\n<p>\u201cHrvatska smatra da se ovom presudom pogre\u0161no aludira na ulogu dr\u017eavnog vrha u zbivanjima u BiH devesedesetih godina. Smatramo da dr\u017eavni vrh u tim ratnim doga\u0111anjima prema stavu Vlade nije ni na koji na\u010din mogao biti povezan s onim \u010dinjenicama i interpretacijama kako su nastojale biti rastuma\u010dene i interpretirane u presudi iz 2013. godini\u201d, rekao je Plenkovi\u0107.<\/p>\n<p>\u017dalbeno vije\u0107e zaklju\u010dilo je da je udru\u017eeni zlo\u010dina\u010dki pothvat postojao, da je postojao me\u0111unarodni oru\u017eani sukob uz umije\u0161anost Hrvatske kao i stanje okupacije odbacuju\u0107i \u017ealbe obrane.<br \/>\n\u017dalbeno vije\u0107e zaklju\u010dilo je da je udru\u017eeni zlo\u010dina\u010dki pothvat postojao, da je postojao me\u0111unarodni oru\u017eani sukob uz umije\u0161anost Hrvatske kao i stanje okupacije odbacuju\u0107i \u017ealbe obrane<\/p>\n<p>U priop\u0107enju tu\u017eiteljstva nakon presude, navode kako je pravomo\u0107no potvr\u0111eno da su, osim osu\u0111ene \u0161estorke, i visoki du\u017enosnici hrvatskog vodstva, uklju\u010duju\u0107i Franju Tu\u0111mana, Gojka \u0160u\u0161ka i Janka Bobetka, bili klju\u010dni sudionici udru\u017eenog zlo\u010dina\u010dkog pothvata etni\u010dkog \u010di\u0161\u0107enja muslimana.<\/p>\n<p>Portal Lupiga pro\u0161le je godine izvukao nekoliko izjava Franje Tu\u0111mana o BiH. Izjave su zabilje\u017eene tijekom Tu\u0111manovih susreta sa suradnicima u Predsjedni\u010dkim dvorima ranih 90-ih i objavljene u knjizi \u201cStenogrami o podjeli Bosne\u201d. Radi se o slu\u017ebenim stenogramima, a u nastavku su izjave Franje Tu\u0111mana:<\/p>\n<p><strong>Ili \u0107e Bosna osigurati interese Hrvata ili podjela<\/strong><\/p>\n<p>\u201cJa sam rekao: ili takva Bosna koja \u0107e osigurati i interese hrvatskog naroda, ili molim \u2013 podjela! S time da sam ja rekao: jedan dio Srbiji, jedan dio Hrvatskoj, a mo\u017ee ostati i muslimanska dr\u017eavica u sredini, ona povijesna zemljica Bosna koja onda ne bi imala mogu\u0107nosti da ima ambicije stvaranja neke velike islamske dr\u017eave u Europi\u201d. (17.9.1991.)<\/p>\n<p><strong>U BiH se vodi rat za granice hrvatske dr\u017eave<\/strong><\/p>\n<p>Ja sam u lipnju mjesecu zvao i ministra i na\u010delnika sto\u017eera i po\u010detkom srpnja sam molio, rekao sam im u Bosni i Hercegovini se sada vodi rat za podru\u010dje granice hrvatske dr\u017eave. Prema tome, treba sve u\u010diniti, pomo\u0107i da se to podru\u010dje odr\u017ei. Nije nam isto da li \u0107e granica hrvatske dr\u017eave biti Jajce sa Travnikom ili samo sa Novim Travnikom, Vitez, Busova\u010da\u2026 Sa cjelovitom Bosnom mi bismo izgubili Bosnu u potpunosti \u2013 \u010ditava Bosna bila bi protiv nas. Ali, na ovaj na\u010din mi \u0107emo imati, slu\u0161ajte, granice hrvatske dr\u017eave kakve mo\u017eda nikada u povijesti nismo imali.\u201d (6.11. 1993.)<\/p>\n<p><strong>Uspostavljanje Bosne je povijesni apsurd<\/strong><\/p>\n<p>\u201cI s na\u0161eg gledi\u0161ta, ne manje negoli sa srpskog, postoji potreba da se pitanje rije\u0161i u svojoj biti, jeli, jer je uspostavljanje Bosne, granica Bosne i Hercegovine poslije Drugog svjetskog rata povijesni apsurd vra\u0107anja jedne kolonijalne tvorbe nastale od 15. do 18. stolje\u0107a.\u201d (8.61991.)<\/p>\n<p><strong>Perspektiva suverenosti BiH nema izgleda<\/strong><\/p>\n<p>\u201cS perspektivom suverenosti Bosne i Hercegovine nema nekakvih izgleda. \u010cak kada bi se mogla odr\u017eati, gospodo, Bosna i Hercegovina kao posebna, \u0161to to zna\u010di? Uspostava granice\u2026 Ho\u0107emo li uspostaviti granice izme\u0111u Hrvatske i Hercegovine da Hrvat iz Hercegovine ne mo\u017ee i\u0107i u svoju Hrvatsku ili ovaj Hrvat tamo?..\u201d (27.12.1991.)<br \/>\nI s na\u0161eg gledi\u0161ta, ne manje negoli sa srpskog, postoji potreba da se pitanje rije\u0161i u svojoj biti, jeli, jer je uspostavljanje Bosne, granica Bosne i Hercegovine poslije Drugog svjetskog rata povijesni apsurd vra\u0107anja jedne kolonijalne tvorbe nastale od 15. do 18. stolje\u0107a<\/p>\n<p><strong>Vrijeme je da okupimo Hrvate u najve\u0107im mogu\u0107im granicama<\/strong><\/p>\n<p>\u201cKao \u0161to smo iskoristili ovaj povijesni trenutak da stvorimo samostalnu Hrvatsku me\u0111unarodno priznatu, tako mislim da je vrijeme da iskoristimo, da okupimo hrvatsko nacionalno bi\u0107e u maksimalno mogu\u0107im granicama. Da li bi to bilo ba\u0161 30 op\u0107ina ili 28 \u2013 to je \u010dak sa toga gledi\u0161ta od manje va\u017enosti\u2026\u201d (27.12.1991.)<\/p>\n<p><strong>Komunisti su izmislili BiH<\/strong><\/p>\n<p>\u201cBosne i Hercegovine nije bilo izme\u0111u dva rata. Komunisti su je izmislili, poslije Drugog svjetskog rata vratili na scenu, \u010dak Muslimane proglasili nacijom, zato da bi, tobo\u017ee, rije\u0161ili suprotnosti izme\u0111u srpskog i hrvatskog naroda. Jesu li u tome uspjeli? Nisu, naprotiv\u2026\u201d (27.12.1991.)<\/p>\n<p><strong>Na\u0161 cilj od po\u010detka nije bio odr\u017eavanje takve BiH kakva je ona danas<\/strong><\/p>\n<p>\u201cNa\u0161 cilj od po\u010detka nije bio odr\u017eanje takve BiH kakva je ona danas. To hrvatskoj politici u biti ne odgovara, jer bi hrvatska politika na taj na\u010din bila stalno i neprestano frustrirana gubitkom i demografskim i teritorijalnim u BiH. Nismo zato slu\u010dajno stavili u preambulu hrvatskog Ustava i Banovinu Hrvatsku. Ovakva hrvatska dr\u017eava nema uvjeta za \u017eivot, ali hrvatska dr\u017eava \u010dak s granicama Banovine ima, a osobito s pobolj\u0161anim granicama.\u201d (27.12.1991.)<\/p>\n<p><strong>Ako do\u0111e do razlaza, Zapadna Bosna je dio Hrvatske<\/strong><\/p>\n<p>\u201cKoliko god smo mi s Muslimanima, s Izetbegovi\u0107em, sklopili sporazum, i javni i tajni, da treba ostvariti suradnju izme\u0111u Muslimana i Hrvata, toliko se te operacije, s njihove strane, jo\u0161 uvijek nastavljaju. A mi zbog strate\u0161kih razloga trebamo i\u0107i na taj sporazum s njima. Ali, isto tako, i osigurati strate\u0161ke interese Hrvatske \u0161to se ti\u010de teritorija. A imamo i s Abdi\u0107em sporazum, da, ako do\u0111e do razlaza, odnosno kada do\u0111e do razlaza, da ta Zapadna Bosna je sastavni dio Hrvatske.\u201d (22.10.1993.)<\/p>\n<p><strong>Ako treba sa\u010duvati Bosnu, onda smo mogli sa\u010duvati i Jugoslaviju<\/strong><\/p>\n<p>\u201dNa takve primjedbe da je trebalo cjelovitu Bosnu sa\u010duvati, da smo se trebali boriti za cjelovitu Bosnu\u2013 a takvih je primjedaba bilo, ne samo u ovom pismu tih sve\u0107enika, nego i u hrvatskoj politici\u2013 vi znate da sam ja odgovorio: Onda smo mogli sa\u010duvati i cijelu Jugoslaviju, pa bi svi Hrvati bili u cijeloj Jugoslaviji.\u201d (5.11.1993.)<br \/>\nBrajkovi\u0107 mi je rekao u Mostaru da ima ve\u0107 Muslimana koji tra\u017ee hrvatsko dvojno dr\u017eavljanstvo. Danas \u0107e ti primiti putovnicu, sutra \u0107e ti popiti \u010da\u0161u vina s tobom, pojesti meso i za deset godina \u0107e biti Hrvat muslimanske vjere, razumije\u0161<\/p>\n<p><strong>Moramo osigurati budu\u0107e granice hrvatske dr\u017eave u BiH<\/strong><\/p>\n<p>\u201dTu imam nekakve papire, tobo\u017ee, Srbi nam spremaju rat ovdje u Hrvatskoj, i ofenzive. Rekao sam: ne\u0107e biti rata sada u Hrvatskoj, niti nam ga ne treba sada u Hrvatskoj! Sada moramo osigurati granice Hrvatske, te budu\u0107e granice hrvatske dr\u017eave u Bosni i Hercegovini! To je posebna povijesna zada\u0107a hrvatske dr\u017eave, Hrvatske vojske, ne\u0161to \u0161to ne smijemo propustiti, je li\u2026\u201d (6.11.1993:)<\/p>\n<p><strong>Muslimani \u0107e danas primiti hrvatsko dr\u017eavljanstvo, a sutra popiti \u010da\u0161u vina<\/strong><\/p>\n<p>\u201cBrajkovi\u0107 mi je rekao u Mostaru da ima ve\u0107 Muslimana koji tra\u017ee hrvatsko dvojno dr\u017eavljanstvo. Danas \u0107e ti primiti putovnicu, sutra \u0107e ti popiti \u010da\u0161u vina s tobom, pojesti meso i za deset godina \u0107e biti Hrvat muslimanske vjere, razumije\u0161\u2026\u201d (2.9.1994.)<\/p>\n<p><strong>Nemojmo se igrati, treba stvarati Herceg-Bosnu, odnosno Federaciju<\/strong><\/p>\n<p>\u201cNemojmo se igrati zna\u010di nekakve dvije vlade i dvije dr\u017eave. Treba stvarati dr\u017eavu Herceg-Bosnu, odnosno Federaciju\u2026\u201d (30.9.1994.)<\/p>\n<p><strong>Razgovor o ru\u0161enju Starog mosta u Mostaru<\/strong><\/p>\n<p>\u201cFranjo Tu\u0111man: Dobro, usput, taj mostarski most, tko ga je poru\u0161io?<\/p>\n<p>Mate Boban: On je \u2013 bile su stra\u0161ne ki\u0161e \u2013 toliko pucan prije, tako da je sam pao.<\/p>\n<p>Franjo Tu\u0111man: Ho\u0107emo li opet mi biti optu\u017eeni.<\/p>\n<p>Mate Boban: Jutros se govori da se ne zna.<br \/>\nSada moramo osigurati granice Hrvatske, te budu\u0107e granice hrvatske dr\u017eave u Bosni i Hercegovini! To je posebna povijesna zada\u0107a hrvatske dr\u017eave, Hrvatske vojske, ne\u0161to \u0161to ne smijemo propustiti, je li<\/p>\n<p>Juki\u0107: Muslimani \u0107e nas optu\u017eivati. Me\u0111unarodni ka\u017eu da se ne zna tko je, a oni su povukli nekakve svoje izjave. Javili su slijede\u0107e: desila se jedna velika tragedija \u2013 sru\u0161io se Stari most, hitno je potrebno \u2013 sru\u0161io se \u2013 mi imamo original kako su govorili, hitno je potrebno radio\u2026 sa Sarajevom, 14 sati hitno i pozovi najglavnijeg za cijelu republiku, za IPD i vojnu policiju, ovaj njihov iz Mostara.<\/p>\n<p>Mate Grani\u0107: Imam prijedlog \u2013 najva\u017enija stvar je \u0161to \u0107e re\u0107i \u0161panjolski bataljon, apsolutno najmjerodavniji. Prema tome, moj prijedlog je odmah, danas netko tko je najpovjerljiviji da ode tko ima vezu, odmah. Njihova izjava je najva\u017enija. Imati tu informaciju, imati sve, jer ako oni ka\u017eu dobru informaciju, onda je izuzetno, jer se ina\u010de to na CNN\u2014<\/p>\n<p>Franjo Tu\u0111man: Ina\u010de, me\u0111u nama, ru\u0161enje u vojnom pogledu, kome ide vi\u0161e u korist?<\/p>\n<p>Mate Boban: Nama.\u201d (23.11.1993.)<\/p>\n<p><a href=\"http:\/\/www.autograf.hr\/valja-opet-procitati-tudmanove-izjave-o-bih-i-hvo\/\">Autograf<\/a><\/p>\n","protected":false},"excerpt":{"rendered":"<p>\u201cNa\u0161 cilj od po\u010detka nije bio odr\u017eanje takve BiH kakva je ona danas. To hrvatskoj politici u biti ne odgovara, jer bi hrvatska politika na taj na\u010din bila stalno i neprestano frustrirana gubitkom i demografskim i teritorijalnim u BiH&#8230;<\/p>\n","protected":false},"author":1,"featured_media":0,"comment_status":"open","ping_status":"closed","sticky":false,"template":"","format":"standard","meta":{"_seopress_robots_primary_cat":"","_seopress_titles_title":"","_seopress_titles_desc":"","_seopress_robots_index":"","_et_pb_use_builder":"","_et_pb_old_content":"","_et_gb_content_width":"","inline_featured_image":false,"footnotes":""},"categories":[5],"tags":[],"class_list":["post-237887","post","type-post","status-publish","format-standard","hentry","category-drugi-pisu"],"_links":{"self":[{"href":"https:\/\/www.pcnen.com\/portal\/wp-json\/wp\/v2\/posts\/237887","targetHints":{"allow":["GET"]}}],"collection":[{"href":"https:\/\/www.pcnen.com\/portal\/wp-json\/wp\/v2\/posts"}],"about":[{"href":"https:\/\/www.pcnen.com\/portal\/wp-json\/wp\/v2\/types\/post"}],"author":[{"embeddable":true,"href":"https:\/\/www.pcnen.com\/portal\/wp-json\/wp\/v2\/users\/1"}],"replies":[{"embeddable":true,"href":"https:\/\/www.pcnen.com\/portal\/wp-json\/wp\/v2\/comments?post=237887"}],"version-history":[{"count":0,"href":"https:\/\/www.pcnen.com\/portal\/wp-json\/wp\/v2\/posts\/237887\/revisions"}],"wp:attachment":[{"href":"https:\/\/www.pcnen.com\/portal\/wp-json\/wp\/v2\/media?parent=237887"}],"wp:term":[{"taxonomy":"category","embeddable":true,"href":"https:\/\/www.pcnen.com\/portal\/wp-json\/wp\/v2\/categories?post=237887"},{"taxonomy":"post_tag","embeddable":true,"href":"https:\/\/www.pcnen.com\/portal\/wp-json\/wp\/v2\/tags?post=237887"}],"curies":[{"name":"wp","href":"https:\/\/api.w.org\/{rel}","templated":true}]}}