{"id":237595,"date":"2017-12-06T07:59:33","date_gmt":"2017-12-06T06:59:33","guid":{"rendered":"http:\/\/www.pcnen.com\/portal\/?p=237595"},"modified":"2017-12-06T07:59:33","modified_gmt":"2017-12-06T06:59:33","slug":"peta-istina","status":"publish","type":"post","link":"https:\/\/www.pcnen.com\/portal\/2017\/12\/06\/peta-istina\/","title":{"rendered":"Peta istina"},"content":{"rendered":"<p><strong>Autor: Marijan Vogrinec<\/strong><\/p>\n<p><a href=\"http:\/\/www.pcnen.com\/portal\/wp-content\/uploads\/2016\/02\/zlocin.jpg\"><img loading=\"lazy\" decoding=\"async\" class=\"alignleft size-medium wp-image-199223\" src=\"http:\/\/www.pcnen.com\/portal\/wp-content\/uploads\/2016\/02\/zlocin-300x193.jpg\" alt=\"\" width=\"300\" height=\"193\" \/><\/a>Pravomo\u0107ne haa\u0161ke presude \u0161estorici biv\u0161ih politi\u010dkih, vojnih i civilnih \u010delnika tzv. HZ\/HR Herceg-Bosne i naprasno samoubojstvo pravomo\u0107no osu\u0111enog ratnog zlo\u010dinca Slobodana Praljka u sudnici poslu\u017eili su HDZ-ovim dr\u017eavnim i strana\u010dkim vo\u0111ama u RH i BiH &#8211; sinkronizirano i Hrvatskom generalskom zboru, braniteljskim udrugama i Katoli\u010dkoj crkvi &#8211; za \u017eestoku manipulaciju povijesnom istinom. Fake news, kazao bi ameri\u010dki Twitter-ovisnik Donald Trump. Prkosno nepriznavanje pravorijeka Me\u0111unarodnog suda za ratne zlo\u010dine na podru\u010dju biv\u0161e Jugoslavije, \u010dije je osnivanje Rezolucijom 827 Vije\u0107a sigurnosti UN-a od 25. svibnja 1993. godine inicirala i sama Hrvatska voljom prvog predsjednika RH i HDZ-a Franje Tu\u0111mana &#8211; valjda naivno misle\u0107i da \u0107e se suditi samo agresorskim Srbima &#8211; svijet je do\u010dekao s \u010du\u0111enjem i negodovanjem. Na RH se opet gleda kao na tu\u0111manovsku crnu ovcu \u0161to opet neprirodno meke\u0107e u nedoba.<\/p>\n<p>Svjetski mainstream mediji ocjenjuju krajnje neprimjerenim, \u010dak skandaloznim, to da osobno premijer Andrej Plenkovi\u0107 i predsjednica RH Kolinda Grabar-Kitarovi\u0107 daju ton neutemeljenoj drami, guraju\u0107i zemlju u neku novu me\u0111unarodnu izolaciju. Oni, kao najodgovorniji, ne bi smjeli dopustiti reinkarnaciju nacionalisti\u010dke histerije s po\u010detka ratnih 1990-ih kad ionako nemaju suvislu kontrolu nad ideolo\u0161ki, socijalno, svjetonazorski i na svaki na\u010din podijeljenom dr\u017eavom. Posva\u0111anom k tome i sa svim susjedima, osim Italije. Neki doma\u0107i portali, inspirirani o\u0161trom inozemnom kritikom negativne hrvatske recepcije pravomo\u0107ne haa\u0161ke presude na ukupno 111 godina robije \u0161estorici b-h Hrvata, ali i najavljenom dr\u017eavnom diplomatsko-pravnom akcijom radi revizije te presude, ironi\u010dno parafraziraju da Andrej Plenkovi\u0107 i Kolinda Grabar-Kitarovi\u0107 gubitni\u010dki srljaju u samoubila\u010dki udru\u017eeni pothvat. Koji \u0107e vanjskopoliti\u010dki proma\u0161aj opet skupo platiti dr\u017eavna (ne)vjerodostojnost u svijetu i gra\u0111ani.<\/p>\n<p>Premijer upravo odlazi &#8220;smiriti nezadovoljstvo Hrvata u BiH haa\u0161kim presudama&#8221; i suicidom Slobodana Praljka. Ne\u0107e re\u0107i za\u0161to je HDZ umjetno inscenirao molitve po crkvama, paljenje svije\u0107a i lampiona, neukusne plakate s &#8220;herojskim&#8221; porukama, gorljive protuhaa\u0161ke\/ protubo\u0161nja\u010dke izjave, vi\u0161ednevna glumatanja \u010dlanova vlade i HRT-ovih novinara u \u017ealobnoj crnini&#8230; Predsjednica \u0107e RH u srijedu, 5. prosinca, biti na sjednici Vije\u0107a sigurnosti UN-a, gdje \u0107e glavni haa\u0161ki tu\u017eitelj Serge Brammertz izvijestiti osniva\u010da o rezultatima i zavr\u0161etku rada Tribunala. Naravno da je &#8220;smirivanje nezadovoljstva&#8221; konstitutivnih Hrvata u BiH smokvin list HDZ-u s dvoglavom filijalom u Mostaru (HDZ BiH Dragana \u010covi\u0107a i 2006. godine odcijepljeni HDZ 1990. Ilije Cvitanovi\u0107a) za reinkarnaciju propalog projekta tzv. HZ\/HR Herceg-Bosne pod radnim naslovom tzv. tre\u0107eg entiteta.<\/p>\n<p>Naravno da i BiH i me\u0111unarodna zajednica imaju itekako u\u010dinkovite sedative za &#8220;smiriti&#8221; mo\u017eebitno pregrijane nacionalisti\u010dke glave. Plenkovi\u0107-\u010covi\u0107ev hladan oblog s figom u d\u017eepu \u010disti je gubitak vremena. Me\u0111unarodna zajednica jam\u010di cjelovitost i mir u BiH Washingtonskim i Daytonskim sporazumom, dr\u017eavu triju konstitutivnih naroda i dvaju entiteta na putu u EU te ne\u0107e trpjeti srpsko-hrvatske separatizme. Potpuna \u0107e blama\u017ea za Grabar-Kitarovi\u0107 osobno i vanjsku politiku RH biti i njezin poku\u0161aj na sjednici Vije\u0107a sigurnosti UN-a &#8220;opati&#8221; RH od optu\u017ebe za agresiju na susjednu zemlju u udru\u017eenom zlo\u010dina\u010dkom pothvatu, koji su projektirali Franjo Tu\u0111man, ministar obrane Gojko \u0160u\u0161ak i vojskovo\u0111a Janko Bobetko, a provodili politi\u010dki, vojni i civilni vo\u0111e tzv. HZ\/HR Herceg-Bosne, koje su osobno izabrali radi odcjepljenja tog etni\u010dki o\u010di\u0161\u0107enog teritorija BiH i pripajanja tzv. velikoj Hrvatskoj.<\/p>\n<p>Me\u0111unarodna zajednica nije neupu\u0107ena u to \u0161to se doista zbilo, pa je sada Grabar-Kitarovi\u0107 &#8211; koja ba\u0161 kao i RH ima mizernu vrijednost u globalnim politi\u010dkim odnosima i geostrategijama velikih i mo\u0107nih &#8211; na pogre\u0161nom putu s pogre\u0161nim nakanama. Koga mo\u017ee uvjeriti u UN-u da postoji drveno \u017eeljezo? Zbog kriti\u010dne &#8220;me\u0111unarodne zablude&#8221; tra\u017eit \u0107e od Vije\u0107a sigurnosti, a ono nije pravosudna instancija, da preina\u010di haa\u0161ku presudu u dijelu agresije RH na BiH i udru\u017eenog zlo\u010dina\u010dkog pothvata, je taj pravni kvalifikativ mo\u017ee katastrofalno pogoditi dr\u017eavni prora\u010dun. Tako da ni ona, najzauzetija hrvatska globtroterica valjda svih vremena, vi\u0161e ne\u0107e imati lipe ni za otputovati do Pu\u0161\u0107e Bistre, a kamoli statirati pred maorskim o\u010dima na Novom Zelandu, ili se znojiti na strminama Kineskog zida.<\/p>\n<p>Bo\u0161nja\u010dki zato\u010denici konc-logora HVO-a, brojne \u017ertve masovnih silovanja te stradalnici etni\u010dkog \u010di\u0161\u0107enja u tzv. HZ\/HR Herceg-Bosni upravo su najavili tu\u017eiti Hrvatsku za isplatu ratne od\u0161tete, a ta \u0107e &#8211; bude li ju uva\u017eilo me\u0111unarodno pravosu\u0111e na osnovi kvalifikativa iz haa\u0161kog pravorijeka, a te\u0161ko da ne\u0107e &#8211; baciti na prosja\u010dki \u0161tap hrvatske porezne obveznike. Ni krive niti du\u017ene za malouman imperijalni projekt politi\u010dko-povijesnih analfabeta s po\u010detka 1990-ih godina. Skidanje ratnozlo\u010dina\u010dkog tereta \u0161estorici b-h Hrvata, kao kolateralna posljedica (nemogu\u0107e) UN-ove revizije klju\u010dnih to\u010daka haa\u0161kih presuda, tek je matra za naivne.<\/p>\n<p>Pravomo\u0107ne se presude ne mogu mijenjati osim, mo\u017eda, kad iskrsnu neki jaki tzv. smoking guns dokazi. Kojih nemaju ni branitelji osu\u0111enih, jer bi ih ina\u010de iznijeli u \u017ealbenom postupku, kamoli Kolinda Grabar-Kitarovi\u0107. Pi\u0161i ku\u0107i, propalo je. Jadranko Prli\u0107 (25 godina zatvora), Bruno Stoji\u0107 (20), Milivoj Petkovi\u0107 (20) i Valentin \u0106ori\u0107 (16 godina) kao pravomo\u0107no osu\u0111eni ratni zlo\u010dinci &#8211; bez obzira na to tko \u0161to mislio o haa\u0161koj pravdi &#8211; jo\u0161 \u0107e neko vrijeme guliti ostatak pravomo\u0107nih presuda.<\/p>\n<p>Bit \u0107e jako zanimljivo \u010duti predsjedni\u010dine argumente kojima \u0107e u New Yorku braniti slu\u017ebenu floskulu da Tu\u0111man i RH nisu dijelili BiH i neovla\u0161teno tamo slali HV, nego su spasili od propasti dr\u017eavu Alije Izetbegovi\u0107a, pa su udru\u017eeni zlo\u010dina\u010dki pothvat i otimanje tu\u0111eg teritorija \u010dista izmi\u0161ljotina. U vi\u0161e od 3000 dokumenata i iskazima 260 svjedoka o sukobu Hrvata i Bo\u0161njaka u BiH jezivi su podaci od kojih se \u010dovjeku di\u017ee kosa na glavi od nevjerice. Kako to predsjednica RH mo\u017ee opravdati. Ne\u0107e biti da nisu odgovorni svi pod \u010dijim se zapovjedni\u0161tvom to doga\u0111alo, a nije reagirao. Nije ni vjerojatno da su to na svoju ruku \u010dinili bogobojazni pripadnici HVO-a, s krunicama oko vrata. Indexov novinar Gordan Duha\u010dek dao si je truda iskopati separatisti\u010dka pametovanja Franje Tu\u0111mana iz rujna i prosinca 1991., koja opovrgavaju sve \u010dime se dr\u017eavni vrh i politi\u010dko-braniteljsko-crkveni apologeti velikohrvatskog projekta opiru &#8220;nepravdi&#8221; me\u0111unarodne zajednice.<\/p>\n<p>&#8220;Ja sam rekao: ili takva Bosna koja \u0107e osigurati i interese hrvatskog naroda, ili molim &#8211; podjela!&#8221; &#8211; govorio je Tu\u0111man rujna 1991., a Novosadski korpus JNA ve\u0107 je grmio oko Vukovara. &#8220;S time da sam ja rekao: jedan dio Srbiji, jedan dio Hrvatskoj, a mo\u017ee ostati i muslimanska dr\u017eavica u sredini, ona povijesna zemljica Bosna koja onda ne bi imala mogu\u0107nosti da ima ambicije stvaranja neke velike islamske dr\u017eave u Europi.&#8221; Dva mjeseca kasnije Vukovar je ve\u0107 pao, masovne grobnice na Ov\u010dari su zatrpane, spremalo se prepu\u0161tanje 270.000 Hrvata u bosanskoj Posavini srpskom progonu radi etni\u010dkog \u010di\u0161\u0107enja dogovorenog koridora desnom obalom Save od Banje Luke do srbijanske granice, a Tu\u0111manovi su apetiti prema dijelu BiH postali jo\u0161 jasniji:<\/p>\n<p>&#8220;Na\u0161 cilj od po\u010detka nije bio odr\u017eanje takve BiH kakva je ona danas. To Hrvatskoj politici u biti ne odgovara, jer bi hrvatska politika tako bila stalno i neprestano frustrirana gubitkom, i demografskim i teritorijalnim u BiH. Nismo zato slu\u010dajno stavili u preambulu hrvatskog Ustava i Banovinu Hrvatsku. Ovakva hrvatska dr\u017eava nema uvjeta za \u017eivot, ali hrvatska dr\u017eava \u010dak s granicama Banovine ima, a osobito pobolj\u0161anim granicama&#8221;. Navodno je Tu\u0111manov pregovara\u010d Hrvoje \u0160arini\u0107 vrlo \u010desto putovao u Beograd radi razrade pojedinosti o podjeli BiH. Visoki HDZ-ov du\u017enosnik u Sarajevu Stjepan Kljuji\u0107, vrstan biv\u0161i Vjesnikov dopisnik iz BiH, nije bio za projekt koji \u0107e me\u0111unarodna zajednica vrlo brzo prepoznati kao udru\u017eeni zlo\u010dina\u010dki pothvat i agresiju RH na BiH, najuren je iz kruga Tu\u0111man-\u0160u\u0161kovih ljudi od povjerenja. Zbog pogre\u0161ne Tu\u0111manove politike prema BiH, s njim se i HDZ-om razi\u0161ao Stjepan Mesi\u0107.<\/p>\n<p>U me\u0111unarodnim, ali i doma\u0107im politi\u010dkim relacijama i medijima ostala je upam\u0107ena afera s tzv. Tu\u0111manovom salvetom, tj. slu\u017ebeno nikad potvr\u0111en slu\u010daj kako je, dobro raspolo\u017een za jedne londonske ve\u010dere, nacrtao na salveti visokom predstavniku me\u0111unarodne zajednice za BiH Paddyju Ashdownu svoju zamisao podjele BiH. Ashdown je o tome, zajedno s dva tajna svjedoka, svjedo\u010dio na Haa\u0161kom sudu u procesu b-h Hrvatu Tihomiru Bla\u0161ki\u0107u, osu\u0111enom ratnom zlo\u010dincu na devet godina zatvora. Me\u0111unarodni su arbitri uzeli Ashdownovo svjedo\u010denje kao osnovicu za kvalificiranje udru\u017eenog zlo\u010dina\u010dkog pothvata, me\u0111unarodnog sukoba u BiH i vojne agresije RH. Nije tajna da je Franjo Tu\u0111man znao pred svjedocima pametovati kako RH ima &#8220;neprirodan oblik pereca&#8221; (sic; valjda kifle?) te da je Cazinska krajina &#8211; je li zato HV i\u0161ao deblokirati Biha\u0107, a ne opkoljenu Armiju BiH pred porazom od srpske vojske? &#8211; prirodno spada u &#8220;njegovu&#8221; dr\u017eavu.<\/p>\n<p>Ho\u0107e li hrvatska predsjednica re\u0107i u New Yorku da su sve to notorne izmi\u0161ljotine onih crvenih, \u017eutih i zelenih vragova \u0161to &#8220;nikad nisu \u017eeljeli samostalnu Hrvatsku i mrze sve hrvatsko&#8221;, pa o\u010dekivati da joj se vjeruje na rije\u010d? Poznata odvjetnica Vesna Alaburi\u0107 i Luka Mi\u0161eti\u0107, uspje\u0161an haa\u0161ki branitelj Ante Gotovine, dr\u017ee da vi\u0161e nema gotovo nikakva izgleda za reviziju pravomo\u0107ne presude \u0161estorici b-h Hrvata. A Plenkovi\u0107a i Grabar-Kitarovi\u0107 redom osu\u0111uju i ismijavaju va\u017eni svjetski mediji zato \u0161to cijelu zemlju prisiljavaju na crninu, neumjesno oplakivanje osu\u0111enog ratnog zlo\u010dinca, provociranje izvanrednog stanja, vi\u0161ednevne nacionalne \u017ealosti i javne performanse u najvi\u0161im dr\u017eavnim institucijama. Histerija me\u0111u nacionalisti\u010dkim Zoroima, valjda nasmrt prepla\u0161enim od nastavka progona ratnih i zlo\u010dinaca protiv \u010dovje\u010dnosti na nacionalnim sudovima, zaprijetili su smr\u0107u saborskim zastupnicima Vesni Pusi\u0107 i Goranu Beusu Richemberghu te njihovim obiteljima.<\/p>\n<p>Vladimir \u0160eks besramno tvrdi u tv-kameru: &#8220;Mesi\u0107 je kriv za smrt Slobodana Praljka&#8221;, predsjednik Hrvatskog generalskog zbora Pavao Miljavac u neugodi priznaje da su i &#8220;neki generali neprili\u010dno svjedo\u010dili u Haagu&#8221;, a biv\u0161i \u0161atora\u0161i Josip Klemm i Miljenko Kolobari\u0107, u ime Udruge specijalne policije i Zbora udruga veterana hrvatskih gardijskih postrojbi, tra\u017ee krv. Dopisom premijeru Plenkovi\u0107u, predsjednici RH Grabar-Kitarovi\u0107, predsjedniku Sabora Gordanu Jandrokovi\u0107u i medijima tra\u017ee &#8220;osnivanje saborskog povjerenstva za utvr\u0111ivanje odgovornosti pojedinaca i dr\u017eavnih institucija u propustima koji su se dogodili pri suradnji s Haa\u0161kim sudom&#8221;.<\/p>\n<p>Jedan od ratnih zapovjednika \u010cetvrte gardijske brigade HV-a umirovljeni general bojnik Ivan Jeli\u0107 u intervjuu Slobodnoj Dalmaciji travnja je 2013. otvoreno kazao da su Tu\u0111man i Milo\u0161evi\u0107 sporazumno dijelili BiH, da su se sastali 42 puta &#8220;dogovaraju\u0107i stvaranje velike Hrvatske i velike Srbije&#8221;, da je Domovinski rat bio dogovoreni gra\u0111anski rat gdje su se &#8220;gra\u0111ani Hrvatske pobunili protiv drugih gra\u0111ana Hrvatske&#8221; te da je srbijanski vo\u017ed na\u0161ao za ne\u010dastan posao partnera u Tu\u0111manu: &#8220;Partneru je ponu\u0111ena velika Hrvatska, koja je trebala uzeti \u010ditavu zapadnu Bosnu, po uzoru na nekada\u0161nju Banovinu Hrvatsku, ali je Zagreb (Gojko \u0160u\u0161ak? &#8211; op. a.) bio zadovoljan i zapadnom Hercegovinom. Beograd je \u017eelio rat kako bi Srbe iz kninske i bosanske krajine preselio na Kosovo i tako promijenio &#8216;krvnu sliku&#8217;. To je ono kad Tu\u0111man govori o &#8216;humanom preseljenju'&#8221;.<\/p>\n<p>Zaredali prosvjedni performansi po RH i zapadnoj Hercegovini u BiH protiv &#8220;zlo\u010deste i nepravedne&#8221; me\u0111unarodne zajednice koja &#8220;sudi Hrvatima zato jer su juna\u010dki branili svoja vjekovna ognji\u0161ta&#8221; nanose veliku \u0161tetu Hrvatskoj u svijetu. Dr\u017eavni vrh i HRT predstavljaju RH civiliziranom svijetu kao zemlju koja slavi pravomo\u0107no osu\u0111ene ratne zlo\u010dince. Serge Brammertz poja\u0161njava u subotnjem ljubljanskom Delu: &#8220;Haa\u0161ki tribunal nije politi\u010dka ustanova i na njemu se nije sudilo narodima, nego odgovornima za te\u0161ke ratne zlo\u010dine i kr\u0161enje \u017denevske konvencije. Osu\u0111eni po\u010dinitelji nisu vojnici koji su se borili za domovinu, svoja sela ili obitelji, nego zapovjednici koji su ubijali ratne zarobljenike za\u0161ti\u0107ene \u017denevskom konvencijom. Nema ni\u0161ta herojskoga u spaljivanju sela, iseljavanju ljudi iz njihovih domova ili poticanju vojnika na masovno spolno nasilje. (&#8230;) Vrlo je va\u017eno da zajednica iz koje je po\u010dinitelj razumije da mi to znamo razlikovati. Osu\u0111enici u Haagu nisu heroji, nego oni koji se la\u017eno prikazuju braniteljima svog naroda, a zapravo su iskoristili i izdali njegovo povjerenje za svoje vlastite osobne i politi\u010dke interese. (&#8230;)<\/p>\n<p>Samo u BiH je vi\u0161e od 3000 nerije\u0161enih slu\u010dajeva ratnih zlo\u010dina. Na\u0161 ured ima devet milijuna stranica dokumenata o konfliktu u nekada\u0161njoj Jugoslaviji i sve su te informacije na raspolaganju nacionalnim istra\u017enim uredima. Dana\u0161nja situacija u pogledu su\u0111enja za ratne zlo\u010dine kao dio procesa pomirenja nije pozitivna. Postupci koji se vode u Srbiji, Hrvatskoj i BiH su spori, a kvaliteta suradnje me\u0111u tu\u017eila\u0161tvima tih dr\u017eava slabija je nego prije nekoliko godina, me\u0111u ostalim i zbog izostanka potrebne politi\u010dke volje. Potrebno je da se politi\u010dari ograde od po\u010dinitelja ratnih zlo\u010dina i ne koriste nacionalisti\u010dku retoriku, \u010dime o\u017eivljavaju tamne duhove iz 1990-ih godina. Va\u017eno je i djelovanje nevladinih udruga.&#8221;<\/p>\n<p>Naj\u010ditaniji njema\u010dki tjednik Der Spiegel Online zgra\u017ea se nad nacionalisti\u010dkom halabukom u re\u017eiji slu\u017ebenog Zagreba, a ugledni britanski The Guardian akcentira \u010dinjenicu da je Plenkovi\u0107 &#8220;prvi premijer u EU koji je podr\u017eao pravomo\u0107no osu\u0111enog ratnog zlo\u010dinca&#8221; te je Praljkovu presudu, &#8220;koja uklju\u010duje bombardiranje Mostara i zlostavljanje zarobljenika, proglasio dubokom moralnom nepravdom&#8221;. Austrijski Der Standard u velikoj analizi &#8220;Hrvatska desnica profitirala je od samoubojstva ratnog zlo\u010dinca Praljka&#8221; tvrdi da RH nema nikakve pravne opcije za uspje\u0161nu reviziju presude hercegova\u010dkoj \u0161estorici, da je Praljak jama\u010dno planirao suicidom se prometnuti u &#8220;\u017ertvu i nacionalnu ikonu&#8221; \u0161to \u0107e imati politi\u010dke u\u010dinke te da Grabar-Kitarovi\u0107 ne\u010dasno &#8220;skuplja glasove na samoubojstvu ratnog zlo\u010dinca&#8221;. Haa\u0161ki je glasnogovornik potvrdio Der Standardu da su &#8220;iscrpljene sve pravne mogu\u0107nosti za reviziju presuda Prli\u0107u i ostalima&#8221;.<\/p>\n<p>Najve\u0107a je sramota \u0161to u cijelom tom ra\u0161omonu uzavrelih nacionalisti\u010dkih strasti, sebi\u010dnih politi\u010dkih interesa i nepokajanih\/neka\u017enjenih grijeha nitko ne vodi ra\u010duna o \u017ertvama ratnih zlo\u010dina, \u010diji su egzekutori i mu\u010ditelji gotovo svi jo\u0161 na slobodi. U BiH i RH. Nekima se u inozemstvu zameo trag. \u017drtvama i njihovim obiteljima se treba pokloniti, ne la\u017enim domoljubnim\/ratnim ikonama. Jesu li najglasniji uli\u010dni i medijski oponenti Haaga zapravo jo\u0161 pravdom nedohva\u0107eni ubojice, silovatelji, paliku\u0107e, plja\u010dka\u0161i, logorski \u010duvari&#8230;, koje strah sada motivira na larmu i prijetnje? O ratnim zbivanjima postoje \u010detiri me\u0111usobno suprotstavljene i nepomirljive istine: srpska, hrvatska, bo\u0161nja\u010dka i &#8211; haa\u0161ka. No, jedina prava je peta, povijesna istina o ratu i \u017ertvi, o zlo\u010dinu i kazni. Petu istinu ne pi\u0161u pobjednici. A ona \u0107e prevladati. Mo\u017eda ne ve\u0107 sutra ili prekosutra, ali ho\u0107e. Nakon stanovitog vremenskog odmaka i smjene nara\u0161taja. To tako zapravo ide.<\/p>\n<p><a href=\"http:\/\/www.h-alter.org\/vijesti\/peta-istina\" target=\"_blank\" rel=\"noopener\">H-alter<\/a><\/p>\n","protected":false},"excerpt":{"rendered":"<p>\u017drtvama i njihovim obiteljima se treba pokloniti, ne la\u017enim domoljubnim\/ratnim ikonama<\/p>\n","protected":false},"author":1,"featured_media":0,"comment_status":"open","ping_status":"closed","sticky":false,"template":"","format":"standard","meta":{"_seopress_robots_primary_cat":"","_seopress_titles_title":"","_seopress_titles_desc":"","_seopress_robots_index":"","_et_pb_use_builder":"","_et_pb_old_content":"","_et_gb_content_width":"","inline_featured_image":false,"footnotes":""},"categories":[5],"tags":[],"class_list":["post-237595","post","type-post","status-publish","format-standard","hentry","category-drugi-pisu"],"_links":{"self":[{"href":"https:\/\/www.pcnen.com\/portal\/wp-json\/wp\/v2\/posts\/237595","targetHints":{"allow":["GET"]}}],"collection":[{"href":"https:\/\/www.pcnen.com\/portal\/wp-json\/wp\/v2\/posts"}],"about":[{"href":"https:\/\/www.pcnen.com\/portal\/wp-json\/wp\/v2\/types\/post"}],"author":[{"embeddable":true,"href":"https:\/\/www.pcnen.com\/portal\/wp-json\/wp\/v2\/users\/1"}],"replies":[{"embeddable":true,"href":"https:\/\/www.pcnen.com\/portal\/wp-json\/wp\/v2\/comments?post=237595"}],"version-history":[{"count":0,"href":"https:\/\/www.pcnen.com\/portal\/wp-json\/wp\/v2\/posts\/237595\/revisions"}],"wp:attachment":[{"href":"https:\/\/www.pcnen.com\/portal\/wp-json\/wp\/v2\/media?parent=237595"}],"wp:term":[{"taxonomy":"category","embeddable":true,"href":"https:\/\/www.pcnen.com\/portal\/wp-json\/wp\/v2\/categories?post=237595"},{"taxonomy":"post_tag","embeddable":true,"href":"https:\/\/www.pcnen.com\/portal\/wp-json\/wp\/v2\/tags?post=237595"}],"curies":[{"name":"wp","href":"https:\/\/api.w.org\/{rel}","templated":true}]}}