{"id":236890,"date":"2017-11-24T07:00:21","date_gmt":"2017-11-24T06:00:21","guid":{"rendered":"http:\/\/www.pcnen.com\/portal\/?p=236890"},"modified":"2017-11-23T23:14:43","modified_gmt":"2017-11-23T22:14:43","slug":"presuda-2","status":"publish","type":"post","link":"https:\/\/www.pcnen.com\/portal\/2017\/11\/24\/presuda-2\/","title":{"rendered":"Presuda"},"content":{"rendered":"<p><strong>Pi\u0161e: Ljubodrag Stojadinovi\u0107 \u00a0\u00a0<\/strong><\/p>\n<p><a href=\"http:\/\/www.pcnen.com\/portal\/wp-content\/uploads\/2017\/11\/Mladic-Ratko.jpg\"><img loading=\"lazy\" decoding=\"async\" class=\"alignleft size-medium wp-image-236891\" src=\"http:\/\/www.pcnen.com\/portal\/wp-content\/uploads\/2017\/11\/Mladic-Ratko-300x221.jpg\" alt=\"Mladic-Ratko\" width=\"300\" height=\"221\" \/><\/a>Pred sudijama je sedeo starac, iscrpljen i bolestan. Negde je u svom svetu, koji je davno gradio stra\u0161nim materijalom. \u010cini se da je sve to, to \u0161to je bilo \u2013 beskrajno daleko, i za njega se mo\u017eda nije ni dogodilo.<\/p>\n<p>Ali, ta slika ne izaziva samilost, niti nostalgiju. Ratko Mladi\u0107 je \u010duo presudu: do\u017eivotna robija, kazna koja \u0107e verovatno trajati prili\u010dno kratko. Glasno je rekao da je sve to la\u017e, opsovao i grdio, pa su ga izbacili iz sudnice.<\/p>\n<p>Da li je incident sa bogora\u0111enjem bio nedostojan oficira? Svejedno je. Tu oficira vi\u0161e nije bilo.<\/p>\n<p>Predsednik i premijerka su rekli kako nije njihovo da komentari\u0161u presudu. Oboje su se okrenuli budu\u0107nosti, kao da predsednik nije bio deo svoje odvratne pro\u0161losti koju bi \u017eeleo da zaboravi. Da li je to bio politi\u010dki sud? Sasvim mogu\u0107e, zar svi oni nisu politi\u010dki! Taj sud jeste bez znanih razloga amnestirao neke ratne zlo\u010dince, no to je samo pozivanje na analogiju, koja je u vrednovanju zlodela ni\u0161tavan argument.<\/p>\n<p>Zaista ne znam, mada bih \u017eeleo pouzdano da saznam, \u0161ta vreme, mo\u0107 i rat \u010dine od ljudi, i kako ih menjaju. Poznavao sam Mladi\u0107a jo\u0161 negde od 75. godine pro\u0161loga veka. Bio je komandant bataljona u Kumanovu. Nismo bili prijatelji, nismo se dru\u017eili. Ponekad smo razgovarali. Razlikovao se od drugih: bio je re\u010dit i duhovit, dobar sa vojnicima, a arogantan prema starijima. \u010cudna osobina, retka ili pogubna u JNA.<\/p>\n<p>Bio sam uveren da \u0107e u svim okolnostima Mladi\u0107 biti na strani etike ratovanja i po\u0161tovanja protivnika, zarobljenika posebno. Da li je to bila zabluda u ambijentu neobuzdane i strastvene mr\u017enje? Izgleda jeste. \u201eBorba za svoj narod\u201c, kao lozinka fizi\u010dke negacije ne\u010dega \u0161to je postalo druga\u010dije, u stvari je kulisa koja bi morala da pokrije sva zla, i pretvori ih u smrtonosne i spasonosne pohode. Kod svih na krv sukobljenih vojskovo\u0111a, nastalih iz iste vojske.<\/p>\n<p>Se\u0107am se da je Mladi\u0107 urlao pred Peri\u0161i\u0107em, prete\u0107i da \u0107e mobilisati sve od 16-66 godina, koji se bezbri\u017eno kupaju na Adi, dok se \u201etamo\u201c gine, a u Beogradu se \u010duje gruvanje topova. Se\u0107am se sastanka na\u0161eg General\u0161taba sa generalom Filipom Morionom, na kome se on (Morion) \u017ealio kako ga Mladi\u0107 maltretira i poni\u017eava kad god ga sretne.<\/p>\n<p>Jednom prilikom je do\u0161ao sa dvadeset autobusa, da iz Beograda povede sve oficire koji su ro\u0111eni \u201etamo\u201c, a \u201elade muda\u201c u Beogradu. Odr\u017eao je besni govor u Domu garde: \u201eTamo, u Han Pijesku, imam jednu \u017eensku \u010detu, sve junakinja do junakinje. Ne boje se nikoga da boga. Pa ko ne po\u0111e danas, posla\u0107u po njega ovde tu devoja\u010dku \u010detu, te borce, da odavde pokupe vas upla\u0161ene pi\u010dketine i odvedu na polo\u017eaj.\u201c<\/p>\n<p>Na kraju dana uspeo je da sakupi samo dvojicu.<\/p>\n<p>Se\u0107am se, skoro uli\u010darske (telefonske) sva\u0111e Mladi\u0107a sa Milo\u0161evi\u0107em, u no\u0107i posle vezivanja oficira Unprofora za bandere. Milo\u0161evi\u0107 je rekao: \u201eDolazim tamo da te streljam!\u201c Mladi\u0107 je odgovorio: \u201eDo\u0111i, da ti jebem mater!\u201c Tamo je oti\u0161ao Stani\u0161i\u0107: My name is Jovica! I razvezao poni\u017eene oficire.<\/p>\n<p>Gledao sam televizijski prilog Skaj njuza, u vreme kad je potera za Mladi\u0107em bila op\u0161ta, koji najpre pokazuje generala kako skija negde na Jahorini, a onda i komentar autora: \u201eMladi\u0107 vi\u0161e podse\u0107a na bezbri\u017enog turistu iz visokog dru\u0161tva, koji u\u017eiva u zimskim radostima, nego na zlo\u010dinca sa svetske poternice. Taj \u010dovek je ne samo neopisivo drzak, bezo\u010dan i hladnokrvan, on je bacio rukavicu u lice najja\u010dima, a oni su skoro sre\u0107ni jer ih nije udario pesnicom\u201c. Tada je trajala (neuspe\u0161na) operacija zarobljavanja pod kodnim imenom Amber star (\u0106ilibarska zvezda).<\/p>\n<p>Novinarka Fajnen\u0161el Tajmsa, Lora Silber, stalno je na granici op\u010dinjenosti i zgra\u017eanja: \u201eU poslednja 32 meseca rata, Mladi\u0107 je stekao reputaciju brutalnog genija, \u010doveka koji je mozak srpske operacije stvaranja etni\u010dki \u010diste dr\u017eave u Bosni i Hercegovini.\u201c<\/p>\n<p>Major kanadske vojske, Pet B. Storgen, do\u017eiveo je Mladi\u0107a kao vojni\u010dkog idola. U svojoj studiji o njemu ka\u017ee da je on idealni intelektualni i duhovni foto-robot komandanta \u017eeljenih osobina: \u201eMladi\u0107 je takva dominantna snaga, da bi prosto bila lenjost ne prou\u010diti kako je taj operativni komandant mogao da do\u017eivi takav uspeh.\u201c<\/p>\n<p>Ali, uspeh, ako je o tome re\u010d, ne mo\u017ee biti krvava bajka bez kraja i konca. Na po\u010detku, Mladi\u0107 je komandovao pravom vojskom protiv ba\u0161ibozuka. Na kraju, njegova se armada pretvorila u gomilu osamostaljenih siled\u017eijskih grupa, sa lokalnim kabadahijama, koji su plja\u010dkali sve \u0161to su stigli. To vi\u0161e nije bila vojska, nego demoralisana rulja u hajdu\u010dkom raspadanju.<\/p>\n<p>U takvom stanju stvari, Karad\u017ei\u0107 smenjuje Mladi\u0107a, \u017eele\u0107i da bude komandant vojske. Navedeni segment sva\u0111e Mladi\u0107a sa Milo\u0161evi\u0107em nije bio jedini. Sa Karad\u017ei\u0107em su \u017eu\u010dne rasprave \u010desto bile na granici tu\u010de. Sva trojica su imala istu strate\u0161ku platformu. Pogre\u0161nu, u svakom pogledu. Ona je glasila: NATO je mlaki d\u017ein koji se raspada od hipertrofije i nemo\u0107nog \u0161irenja. On nije u stanju da bude ofanzivan. Ali, \u010dak i ako nas takva Alijansa napadne, Rusi \u0107e ratovati za nas.<\/p>\n<p>Neslaganje me\u0111u tom trojicom nesre\u0107nika, sastojalo se samo u poku\u0161aju da se obezbedi tron za mesiju. Svako od njih bio je uveren da je on taj.<\/p>\n<p>Mogu\u0107e je da Mladi\u0107ev li\u010dni psihofizi\u010dki slom dolazi posle smrti njegove \u0107erke Ane, u martu 1994. godine. Tada vi\u0161e nije bio u stanju da radi bilo \u0161ta u vojsci. A on je nastavio da bude ono \u0161to je kasnije postao.<\/p>\n<p>Srebrenica je klju\u010dna ta\u010dka njegovog pada u ni\u0161tavilo, ga\u017eenje svega \u0161to jeste srpska vojni\u010dka \u010dast, na koju se mnogi olako pozivaju. Njegova re\u010denica, kako je stiglo vreme da se osvetimo Turcima za onih 500 godina, proizvod je u\u017easne mentalne razorenosti i nedostatka bilo kojeg vrednosnog parametra. To odavno vi\u0161e nije bio \u010dovek koga sam poznavao.<\/p>\n<p>Mogu\u0107e je da ga je u ponor pogurala i njegova neuporediva samoljubivost, gra\u0111ena kroz ose\u0107anja neome\u0111ene mo\u0107i, sadr\u017eana u omiljenoj re\u010denici obe\u0107anju-pretnji: \u201eKad ti ja ne\u0161to ka\u017eem, kao da ti je rekao svevi\u0161nji\u201c. Ako se u tragi\u010dnom igranju sa sudbinom hiljada ljudi na\u0161ao daleko od svake realnosti, to je ve\u0107 pitanje sistema koji je jo\u0161 i te kako \u017eiv u Srbiji. Sumanuta je tvrdnja da je sve to radio \u201ezbog srpskog naroda\u201c.<\/p>\n<p>Oni koji to rade, nemaju svoj narod. Li\u010dno \u017ealim \u0161to Mladi\u0107 nije ostao onaj komandir koga su vojnici voleli, bez rata, la\u017ene slave, zlo\u010dina\u010dkog rodoslova i istinskog gubitka \u010dasti, ma kakva bila drugostepena presuda.<\/p>\n<p><a href=\"http:\/\/pescanik.net\/presuda-2\/\">Pe\u0161\u010danik.net<\/a><\/p>\n","protected":false},"excerpt":{"rendered":"<p>Pred sudijama je sedeo starac, iscrpljen i bolestan. Negde je u svom svetu, koji je davno gradio stra\u0161nim materijalom<\/p>\n","protected":false},"author":1,"featured_media":0,"comment_status":"open","ping_status":"closed","sticky":false,"template":"","format":"standard","meta":{"_seopress_robots_primary_cat":"","_seopress_titles_title":"","_seopress_titles_desc":"","_seopress_robots_index":"","_et_pb_use_builder":"","_et_pb_old_content":"","_et_gb_content_width":"","inline_featured_image":false,"footnotes":""},"categories":[5],"tags":[],"class_list":["post-236890","post","type-post","status-publish","format-standard","hentry","category-drugi-pisu"],"_links":{"self":[{"href":"https:\/\/www.pcnen.com\/portal\/wp-json\/wp\/v2\/posts\/236890","targetHints":{"allow":["GET"]}}],"collection":[{"href":"https:\/\/www.pcnen.com\/portal\/wp-json\/wp\/v2\/posts"}],"about":[{"href":"https:\/\/www.pcnen.com\/portal\/wp-json\/wp\/v2\/types\/post"}],"author":[{"embeddable":true,"href":"https:\/\/www.pcnen.com\/portal\/wp-json\/wp\/v2\/users\/1"}],"replies":[{"embeddable":true,"href":"https:\/\/www.pcnen.com\/portal\/wp-json\/wp\/v2\/comments?post=236890"}],"version-history":[{"count":0,"href":"https:\/\/www.pcnen.com\/portal\/wp-json\/wp\/v2\/posts\/236890\/revisions"}],"wp:attachment":[{"href":"https:\/\/www.pcnen.com\/portal\/wp-json\/wp\/v2\/media?parent=236890"}],"wp:term":[{"taxonomy":"category","embeddable":true,"href":"https:\/\/www.pcnen.com\/portal\/wp-json\/wp\/v2\/categories?post=236890"},{"taxonomy":"post_tag","embeddable":true,"href":"https:\/\/www.pcnen.com\/portal\/wp-json\/wp\/v2\/tags?post=236890"}],"curies":[{"name":"wp","href":"https:\/\/api.w.org\/{rel}","templated":true}]}}