{"id":236656,"date":"2017-11-20T07:00:08","date_gmt":"2017-11-20T06:00:08","guid":{"rendered":"http:\/\/www.pcnen.com\/portal\/?p=236656"},"modified":"2017-11-19T22:00:51","modified_gmt":"2017-11-19T21:00:51","slug":"zandari-jezika","status":"publish","type":"post","link":"https:\/\/www.pcnen.com\/portal\/2017\/11\/20\/zandari-jezika\/","title":{"rendered":"\u017dandari jezika"},"content":{"rendered":"<p><strong>Pi\u0161e: Heni Erceg\u00a0<\/strong><\/p>\n<p><a href=\"http:\/\/www.pcnen.com\/portal\/wp-content\/uploads\/2017\/09\/Heni-Erceg.jpg\"><img loading=\"lazy\" decoding=\"async\" class=\"alignleft size-medium wp-image-233616\" src=\"http:\/\/www.pcnen.com\/portal\/wp-content\/uploads\/2017\/09\/Heni-Erceg-300x220.jpg\" alt=\"Heni-Erceg\" width=\"300\" height=\"220\" \/><\/a>Mlada je \u017eena iza\u0161la za govornicu parlamenta i progovorila o lo\u0161em polo\u017eaju hrvatskih penzionera. Kazala je uglavnom op\u0107e poznatu stvar, te dodala da je najgore srpskim umirovljenicima u Hrvatskoj, koji su \u201ezbog okolnosti na koje nisu mogli utjecati ostali uskra\u0107eni za svoje penzije i zakinuti u temeljnim pravima\u201c. Ovo potonje odnosi se na razdoblje rata i masovni progon srpskih gra\u0111ana, od kojih ve\u0107ina do danas nije regulirala svoja prava na penzije, ku\u0107e, stanove\u2026 I sve su to poznate i hiljadu puta pro\u017evakane \u010dinjenice, pa za\u0161to se onda digla takva furtutma u parlamentu, medijima, javnosti? Pa nije valjda toliku buku i nacionalisti\u010dki bijes proizvela ta zastupnica samo zato jer je govorila o ugro\u017eenim pravima penzionera?<\/p>\n<p>Ne, nego je orgijanje desni\u010dara, institucionalno i javno, izazvao tek jedan posve maju\u0161ni detalj. Ona je, naime, zastupnica Srba, te se podrazumijeva da bi u parlamentu, na svom radnom mjestu, dakle, imala dr\u017eati jezik za zubima. Ali ne, ona je bezobrazno pustila jeziku na volju, pa progovorila ekavicom, to jest materinjim, srpskim, jezikom. \u010cija je upotreba ina\u010de zagarantirana hrvatskim ustavom. Dokumentom kojega, me\u0111utim, uporno prezire i falsificira prevladavaju\u0107a konzervativna falanga, pa \u0107e tako s Hrvatske televizije poru\u010diti kako se \u201ejavnom upotrebom ekavice kr\u0161i ustav\u201c, a medijska bra\u0107a po mr\u017enji pripomo\u0107i vulgarnim porukama upu\u0107enima onoj zastupnici i upozorenjima kako \u0107e uskoro usred hrvatskog parlamenta osvanuti jo\u0161 i \u010detni\u010dka kokarda.<\/p>\n<p>A vje\u010dno budne braniteljske skupine, koje jedva sri\u010du i vlastiti jezik, od srpske su zastupnice zatra\u017eile ispriku zbog \u201enasilnog kori\u0161tenja jezika koji podsje\u0107a na ubijanje i silovanje na\u0161ih najmilijih\u201c. Da bi paniku zbog proplamsaja toga vra\u017ejeg jezika kroz \u010disti hrvatski zrak do apsurda doveo potpredsjednik parlamenta koji je toga dana batalio sve svoje obaveze i dao se u pani\u010dnu potjeru za \u201epravnim tuma\u010denjem\u201c upotrebe srpskog jezika u tom \u010dasnom hrvatskom domu. Onda je, izme\u0111u kretenskih reklama na reduciranom engleskom, urednica kulture HTV-a na \u201e\u010distom\u201c hrvatskom prozvala i \u0161efa parlamenta jer da nije zaustavio govor na ekavici, i pri tome se pozvala na povjesni\u010dara i politi\u010dara Ivana Kukuljevi\u0107a Sakcinskog, zorno pokazuju\u0107i da je mr\u017enja uvijek odana sestrica neobrazovanosti i neznanja. Jer upravo je Sakcinski u istom domu educirao svoje kolege kako \u201enarodni jezik ne mo\u017ee cvjetati bez svoje ekavske komponente\u201c, pa je na toj sjednici, prije 170 zaboravljenih godina, usvojen njegov prijedlog o upotrebi hrvatskog jezika u javnom govoru. Ali kakav u\u017eas! Sakcinski je govorio na ekavici.<\/p>\n<p>I \u0161ta da se radi s Hrvatskom televizijom \u010dija urednica kulture drsko manipulira povije\u0161\u0107u u korist svoje jadne nacionalisti\u010dke tupavosti? \u0160ta da se uop\u0107e radi s tragikomi\u010dnom hrvatskom povije\u0161\u0107u u kojoj je, eto, prije 170 godina hrvatski jezik ozakonjen na ekavici? Da se \u201eubije\u201c starog Sakcinskog, zabrani i baci iz upotrebe, onako kako su po\u010detkom devedesetih \u2013 kada su Hrvati odjednom \u201eprepoznali\u201c nijanse dva gotovo identi\u010dna jezika, pa na toj sitnoj razlici po\u010deli graditi svoju grandioznu samosvijest \u2013 sve knji\u017enice ispra\u017enjene od knjiga srpskih pisaca. Prvi drasti\u010dan primjer bibliotekarke na Kor\u010duli koja je u kontejner bacila sve knjige na \u0107irilici zabilje\u017eili su novinari Feral Tribunea, a ona se branila da je sve radila po zakonu i direktivi \u201eodozgo\u201c. I nije lagala, u\u010dinila je doista sve po zakonu. Ba\u0161 onako kako su nacisti u Njema\u010dkoj, sve po zakonu, spalili knjige nepodobnih autora, a plamen se dizao u nebo, tako su hrvatski Goebbelsi u osvit stvaranja samostalne i slabo pismene dr\u017eave ozakonili punjenje kontejnera za sme\u0107e tisu\u0107ama knjiga srpskih autora. Budu\u0107i da su pisali na jeziku \u201ekoji podsje\u0107a na ubijanje i silovanje na\u0161ih najmilijih\u201c. Tako je ionako kulturno bijedna dr\u017eava ostala bez zna\u010dajnih djela srpskohrvatskih ili hrvatskosrpskih pisaca, pometen je s javne scene tada i Miroslav Krle\u017ea jer je u knjigama mnogo seruckao po u\u010dmaloj malogra\u0111anskoj Hrvatskoj, a i volio se dru\u017eiti s jugoslavenskim vo\u0111om, Josipom Brozom; proskribiran je i Ivo Andri\u0107, d\u017eaba mu Nobelova nagrada i sva njegova vrhunska knji\u017eevnost, utaman mu je bilo \u0161to je porijeklom Hrvat, kada je, onako grje\u0161an, \u017eivio u Beogradu i pisao na ekavici.<\/p>\n<p>Pristojni ljudi u svojim su domovima u ono mra\u010dno doba imali obrazovno va\u017enu Enciklopediju Jugoslavije, koju je onda u suverenoj Hrvatskoj ministar kulture odlu\u010dio proglasiti neprijateljskom propagandom, pa su deseci tisu\u0107a primjeraka enciklopedije barbarski uni\u0161teni. Kao toksi\u010dni otpad! Pravdali su se kasnije ti knji\u017eevni bardovi iz ove u\u010dmale, nacionalisti\u010dke kulture kako u akademijinim skladi\u0161tima nije bilo mjesta za Enciklopediju s natuknicima o jednoj zemlji u kojoj jezik nije bio sredstvo mr\u017enje. Sitna i neva\u017ena Hrvatska danas pak ima svoju profa\u0161isti\u010dku, revizionisti\u010dku Wikipediju, ima institucionalnu jezi\u010dnu \u017eandermeriju i njene terenske egzekutore koji \u201e\u0161eraju\u201c i \u201etvitaju\u201c samu mr\u017enju. Jer kulturom mr\u017enje lije\u010di se zapravo bolni kompleks svoga \u201ene\u010distog\u201c jezika. To jest hrvatskosrpskog ili obrnuto.<\/p>\n<p><a href=\"http:\/\/pescanik.net\/zandari-jezika\/\">Pe\u0161\u010danik<\/a>\/<a href=\"http:\/\/www.mladina.si\/182804\/jezikovni-zandarji\/\">Mladina<\/a><\/p>\n","protected":false},"excerpt":{"rendered":"<p>Jer kulturom mr\u017enje lije\u010di se zapravo bolni kompleks svoga \u201ene\u010distog\u201c jezika. To jest hrvatskosrpskog ili obrnuto<\/p>\n","protected":false},"author":1,"featured_media":233616,"comment_status":"open","ping_status":"closed","sticky":false,"template":"","format":"standard","meta":{"_seopress_robots_primary_cat":"","_seopress_titles_title":"","_seopress_titles_desc":"","_seopress_robots_index":"","_et_pb_use_builder":"","_et_pb_old_content":"","_et_gb_content_width":"","inline_featured_image":false,"footnotes":""},"categories":[5],"tags":[],"class_list":["post-236656","post","type-post","status-publish","format-standard","has-post-thumbnail","hentry","category-drugi-pisu"],"_links":{"self":[{"href":"https:\/\/www.pcnen.com\/portal\/wp-json\/wp\/v2\/posts\/236656","targetHints":{"allow":["GET"]}}],"collection":[{"href":"https:\/\/www.pcnen.com\/portal\/wp-json\/wp\/v2\/posts"}],"about":[{"href":"https:\/\/www.pcnen.com\/portal\/wp-json\/wp\/v2\/types\/post"}],"author":[{"embeddable":true,"href":"https:\/\/www.pcnen.com\/portal\/wp-json\/wp\/v2\/users\/1"}],"replies":[{"embeddable":true,"href":"https:\/\/www.pcnen.com\/portal\/wp-json\/wp\/v2\/comments?post=236656"}],"version-history":[{"count":0,"href":"https:\/\/www.pcnen.com\/portal\/wp-json\/wp\/v2\/posts\/236656\/revisions"}],"wp:featuredmedia":[{"embeddable":true,"href":"https:\/\/www.pcnen.com\/portal\/wp-json\/wp\/v2\/media\/233616"}],"wp:attachment":[{"href":"https:\/\/www.pcnen.com\/portal\/wp-json\/wp\/v2\/media?parent=236656"}],"wp:term":[{"taxonomy":"category","embeddable":true,"href":"https:\/\/www.pcnen.com\/portal\/wp-json\/wp\/v2\/categories?post=236656"},{"taxonomy":"post_tag","embeddable":true,"href":"https:\/\/www.pcnen.com\/portal\/wp-json\/wp\/v2\/tags?post=236656"}],"curies":[{"name":"wp","href":"https:\/\/api.w.org\/{rel}","templated":true}]}}