{"id":236623,"date":"2017-11-19T07:54:29","date_gmt":"2017-11-19T06:54:29","guid":{"rendered":"http:\/\/www.pcnen.com\/portal\/?p=236623"},"modified":"2017-11-19T07:54:29","modified_gmt":"2017-11-19T06:54:29","slug":"fizicko-kaznjavanje-djecu-cini-agresivnijom","status":"publish","type":"post","link":"https:\/\/www.pcnen.com\/portal\/2017\/11\/19\/fizicko-kaznjavanje-djecu-cini-agresivnijom\/","title":{"rendered":"Fizi\u010dko ka\u017enjavanje djecu \u010dini agresivnijom"},"content":{"rendered":"<p><a href=\"http:\/\/www.pcnen.com\/portal\/wp-content\/uploads\/2013\/11\/nasilje.jpg\"><img loading=\"lazy\" decoding=\"async\" src=\"http:\/\/www.pcnen.com\/portal\/wp-content\/uploads\/2013\/11\/nasilje.jpg\" alt=\"nasilje\" width=\"242\" height=\"270\" class=\"alignleft size-full wp-image-130820\" \/><\/a>Fizi\u010dko ka\u017enjavanje djece nije adekvatno rje\u0161enje za odgajanje, jer je povezano s kasnijim lo\u0161im pona\u0161anjem, pokazalo je novo istra\u017eivanje.<\/p>\n<p>Voditeljica istra\u017eivanja profesorica Elizabeth Gershoff sa univerziteta u Texasu provela je obimno istra\u017eivanje koje je pokazalo je da tjelesna kazna djecu \u010dini jo\u0161 agresivnijim. I pro\u0161le studije dovodile su u vezu tjelesnu kaznu s depresijom, anksiozno\u0161\u0107u te problemima s drogom i alkoholom.<\/p>\n<p>Gershoff i njene kolege su prou\u010davali pona\u0161anje djece koju roditelji nisu tukli i one koju jesu i uo\u010dili velike razlike izme\u0111u ove dvije grupe.<\/p>\n<p>&#8220;Utjecalo je na to koliko \u010desto raspravljaju s drugom djecom, koliko se sva\u0111aju, djeluju impulsivno i ometaju rad u u\u010dionici&#8221;, rekla je Gershoff.<\/p>\n<p>Ona ka\u017ee da je jedna od glavnih veza izme\u0111u udaranja i lo\u0161eg pona\u0161anja to \u0161to djeca ne moraju da se nau\u010de samokontroli, jer ih udaranje u\u010di da kada su roditelji u blizini, lijepo \u0107e se pona\u0161ati, ina\u010de \u0107e dobiti batine. Dijete se tako ne u\u010di kako da se pona\u0161a i upravlja sobom kad roditelji nisu prisutni.<\/p>\n<p>&#8220;Svi smo frustrirani kada stvari ne idu svojim tokom, ali na\u0161 posao kao roditelja jeste nau\u010diti djecu kako da se nose s tim. Udaranje nije jedan od na\u010dina&#8221;, rekla je Gershoff.<\/p>\n<p>klix.ba<\/p>\n","protected":false},"excerpt":{"rendered":"<p>Fizi\u010dko ka\u017enjavanje djece nije adekvatno rje\u0161enje za odgajanje, jer je povezano s kasnijim lo\u0161im pona\u0161anjem, pokazalo je novo istra\u017eivanje. Voditeljica istra\u017eivanja profesorica Elizabeth Gershoff sa univerziteta u Texasu provela je obimno istra\u017eivanje koje je pokazalo je da tjelesna kazna djecu \u010dini jo\u0161 agresivnijim. I pro\u0161le studije dovodile su u vezu tjelesnu kaznu s depresijom, anksiozno\u0161\u0107u [&hellip;]<\/p>\n","protected":false},"author":1,"featured_media":0,"comment_status":"open","ping_status":"closed","sticky":false,"template":"","format":"standard","meta":{"_seopress_robots_primary_cat":"","_seopress_titles_title":"","_seopress_titles_desc":"","_seopress_robots_index":"","_et_pb_use_builder":"","_et_pb_old_content":"","_et_gb_content_width":"","inline_featured_image":false,"footnotes":""},"categories":[8],"tags":[],"class_list":["post-236623","post","type-post","status-publish","format-standard","hentry","category-svastara"],"_links":{"self":[{"href":"https:\/\/www.pcnen.com\/portal\/wp-json\/wp\/v2\/posts\/236623","targetHints":{"allow":["GET"]}}],"collection":[{"href":"https:\/\/www.pcnen.com\/portal\/wp-json\/wp\/v2\/posts"}],"about":[{"href":"https:\/\/www.pcnen.com\/portal\/wp-json\/wp\/v2\/types\/post"}],"author":[{"embeddable":true,"href":"https:\/\/www.pcnen.com\/portal\/wp-json\/wp\/v2\/users\/1"}],"replies":[{"embeddable":true,"href":"https:\/\/www.pcnen.com\/portal\/wp-json\/wp\/v2\/comments?post=236623"}],"version-history":[{"count":0,"href":"https:\/\/www.pcnen.com\/portal\/wp-json\/wp\/v2\/posts\/236623\/revisions"}],"wp:attachment":[{"href":"https:\/\/www.pcnen.com\/portal\/wp-json\/wp\/v2\/media?parent=236623"}],"wp:term":[{"taxonomy":"category","embeddable":true,"href":"https:\/\/www.pcnen.com\/portal\/wp-json\/wp\/v2\/categories?post=236623"},{"taxonomy":"post_tag","embeddable":true,"href":"https:\/\/www.pcnen.com\/portal\/wp-json\/wp\/v2\/tags?post=236623"}],"curies":[{"name":"wp","href":"https:\/\/api.w.org\/{rel}","templated":true}]}}