{"id":235968,"date":"2017-11-07T08:11:40","date_gmt":"2017-11-07T07:11:40","guid":{"rendered":"http:\/\/www.pcnen.com\/portal\/?p=235968"},"modified":"2017-11-07T08:30:32","modified_gmt":"2017-11-07T07:30:32","slug":"prvo-komentar-pa-citanje-teksta","status":"publish","type":"post","link":"https:\/\/www.pcnen.com\/portal\/2017\/11\/07\/prvo-komentar-pa-citanje-teksta\/","title":{"rendered":"Prvo komentar, pa \u010ditanje teksta"},"content":{"rendered":"<p><a href=\"http:\/\/www.pcnen.com\/portal\/wp-content\/uploads\/2017\/11\/Brankica-Stankovic.jpg\"><img loading=\"lazy\" decoding=\"async\" src=\"http:\/\/www.pcnen.com\/portal\/wp-content\/uploads\/2017\/11\/Brankica-Stankovic-300x220.jpg\" alt=\"\" width=\"300\" height=\"220\" class=\"alignleft size-medium wp-image-235969\" srcset=\"https:\/\/www.pcnen.com\/portal\/wp-content\/uploads\/2017\/11\/Brankica-Stankovic-300x220.jpg 300w, https:\/\/www.pcnen.com\/portal\/wp-content\/uploads\/2017\/11\/Brankica-Stankovic-580x424.jpg 580w, https:\/\/www.pcnen.com\/portal\/wp-content\/uploads\/2017\/11\/Brankica-Stankovic-450x329.jpg 450w, https:\/\/www.pcnen.com\/portal\/wp-content\/uploads\/2017\/11\/Brankica-Stankovic-480x351.jpg 480w, https:\/\/www.pcnen.com\/portal\/wp-content\/uploads\/2017\/11\/Brankica-Stankovic-235x172.jpg 235w, https:\/\/www.pcnen.com\/portal\/wp-content\/uploads\/2017\/11\/Brankica-Stankovic-75x55.jpg 75w, https:\/\/www.pcnen.com\/portal\/wp-content\/uploads\/2017\/11\/Brankica-Stankovic-350x256.jpg 350w, https:\/\/www.pcnen.com\/portal\/wp-content\/uploads\/2017\/11\/Brankica-Stankovic-220x161.jpg 220w, https:\/\/www.pcnen.com\/portal\/wp-content\/uploads\/2017\/11\/Brankica-Stankovic-90x65.jpg 90w, https:\/\/www.pcnen.com\/portal\/wp-content\/uploads\/2017\/11\/Brankica-Stankovic.jpg 600w\" sizes=\"(max-width: 300px) 100vw, 300px\" \/><\/a>Zanimljivo je da su komentari na ostalim portalima druga\u010diji od onih na dru\u0161tvenim mre\u017eama. Ba\u0161 zbog toga mislim da je ovo \u0161to se desilo na dru\u0161tvenim mre\u017eama bila jedna dobro osmi\u0161ljena akcija na koju su se mnogi upecali\u2026 Ali, ako je tako, &#8220;akcija&#8221; je izvedena maestralno, postignuto je to da na dru\u0161tvenim mre\u017eama tema osporavanja budem ja, a ne predsednik Srbije, ka\u017ee za &#8220;Blic&#8221; Brankica Stankovi\u0107, urednica &#8220;Insajdera&#8221;, povodom reakcija koje su usledile nakon intervjua sa predsednikom Srbije Aleksandrom Vu\u010di\u0107em.<\/p>\n<p><strong>I pored svega \u0161to ste iskusili u svojoj karijeri, mnogi sti\u010du utisak da vas je iznenadila agresivna reakcija dela ljudi na dru\u0161tvenim mre\u017eama \u010dak i na samu najavu intervjua. Da li je tako?<\/strong><\/p>\n<p>Odmah su krenule standardne teorije zavere. Za\u0161to ba\u0161 sada, za\u0161to TV \u201ePrva\u201c, za\u0161to emisija ne ide u\u017eivo. Prvo smo se trudili da odgovorimo na svako pitanje, a onda smo shvatili da je to uzalud. Svako je unapred ve\u0107 imao neku svoju istinu. A jedina istina jeste da je intervju zakazan javno, na konferenciji za novinare koja je bila preno\u0161ena u\u017eivo na raznim televizijama. Aleksandar Vu\u010di\u0107 je, odgovoraju\u0107i na pitanje na\u0161e novinarke, rekao da ne mo\u017ee na konferenciji da odgovara na njenih dodatnih 10 pitanja i sam rekao: \u201eEvo, do\u0107i \u0107u u \u2018Insajder\u2019 i odgovori\u0107u na sva va\u0161a pitanja\u201c. To smo na na\u0161em sajtu i objavili istog dana. Kada je termin potvr\u0111en, zamolili smo da razgovor uradimo u studiju, a ne u Predsedni\u0161tvu, jer smo planirali da intervju ponudimo TV \u201ePrva\u201c, zato \u0161to je to televizija sa nacionalnom frekvencijom, a cilj nam je da \u0161to vi\u0161e ljudi u Srbiji sazna da postoji \u201eInsajder.net\u201c jer mnogi ne znaju. Kako da ide uzivo? Mi smo produkcija, a ne televizija. Emisija je nazvana \u201eInsajder debata\u201c samo zato \u0161to smo tu scenografiju imali spremnu jer smo jo\u0161 pre nekoliko meseci odlu\u010dili da uvedemo i novu emisiju koja \u0107e se raditi u na\u0161oj produkciji. \u010cetrnaest godina postoji emisija \u201eInsajder\u201c i mnogo puta do sada se de\u0161avalo da po\u010dnu reakcije i pre emitovanja emisije, ali ovakvu vrstu histerije do sada nismo do\u017eiveli.<\/p>\n<p><strong>Da li smo definitivno postali dru\u0161tvo ljudi koji prvo reaguju, pa odgledaju intervju? Koji prvo kliknu da komentari\u0161u, pa tek onda pro\u010ditaju tekst?<\/strong><\/p>\n<p>Ba\u0161 tako. I tu nema pomo\u0107i.<\/p>\n<p><strong>Kako reagujete na optu\u017ebe da ste \u201esmek\u0161ali\u201c jer ste se nekoliko puta \u201esme\u0161kali\u201c u emisiji, postali manje kriti\u010dni prema vlasti?<\/strong><\/p>\n<p>\u010cekajte, ranije kada sam radila emisije u\u017eivo (2007. godine, \u0161est emisija) primedbe su bile: u\u017eas, kako je nevaspitana, smeje se ljudima u lice bez imalo po\u0161tovanja\u2026 Sada to nije \u201esmejanje\u201c bez po\u0161tovanja, nego je \u201esme\u0161kanje\u201c sa velikim po\u0161tovanjem. \u0160ta da kazem na to? Bila sam u intervjuu onakva kakva sam ina\u010de. Prirodna. Svi koji me poznaju znaju da je moja prirodna rekacija ironi\u010dan osmeh sagovorniku u lice kada mislim da ne govori istinu. Mo\u017eda to nije pristojno, ali tako reagujem. I u ovom razgovoru je bilo takvih situacija. Nekada sam povi\u0161enim tonom predsedniku Srbije rekla da ne govori istinu, nekada sam se samo nasmejala uz komentar da nije ta\u010dno to \u0161to tvrdi. Uostalom, taj intervju postoji i sada, pa svako mo\u017ee ponovo da pogleda i da se sam u sve ovo uveri. A \u0161to se ti\u010de \u201eoptu\u017ebi\u201c da manje kritikijumo vlast, evo opet mogu samo da se nasmejem. Mi ne kritikujemo, mi se bavimo otkrivanjem zloupotreba, propustima sistema. To je na\u0161 posao. Postoje emisije \u201eInsajder bez ograni\u010denja\u201c, i na sajtu N1 i na na\u0161em sajtu, koje su emitovane u ovoj sezoni svakog utorka i teme su isklju\u010divo o ovoj vlasti, odnosno o odgovornosti ove vlasti. I projekat \u201eBeograd na vodi\u201c, i ru\u0161enje u Hercegova\u010dkoj, i ve\u0107i broj podizvo\u0111a\u010da od kilometara puteva koji se grade\u2026 Uostalom, na \u201eInsajder.net\u201c svako mo\u017ee da se uveri \u010dime se bave novinari redakcije \u201eInsajder\u201c svakog dana. I ono \u0161to je na\u0161e pravilo, nas ne zanima ko je na vlasti, nas zanimaju dokazi i \u010dinjenice za sve \u0161to objavimo. Ali, isto tako nije ta\u010dno da ni\u0161ta dobro u ovoj dr\u017eavi nije ura\u0111eno dok je SNS na vlasti. To je tako\u0111e \u010dinjenica koju sam rekla i u razgovoru, jer mislim da je to po\u0161teno da se ka\u017ee da nije sve crno-belo, kao \u0161to je va\u017eno da u svakom trenutku po\u0161teno radite svoj novinarski posao i da insistirate na odgovornosti, ko god da je na vlasti.<\/p>\n<p><strong>Zbog \u010dega mislite da neko ima ovakav utisak? \u201eNisam se potukla sa predsednikom dr\u017eave, nije podneo ostavku i ova hajka je zato \u0161to bi za mnoge od vas samo to bio \u201epravi\u201c intervju\u201c. Molim vas objasnite.<\/strong><\/p>\n<p>Ovo je tvit koji sam napisala pre samog po\u010detka emitovanja intervjua ba\u0161 zato \u0161to je histerija trajala i pre intervjua\u2026 Bilo mi je jasno da mnogi od mene o\u010dekuju upravo to jer je Srbija u\u017easno podeljena. Takvoj podeli doprineli su, pre svega, predstavnici ove vlasti, jer su zatvorili bilo kakav prostor za razgovor, za debatu, godinama iznose optu\u017ebe na ra\u010dun svih onih koji ne misle kao oni, bez mogu\u0107nosti da im druga strana odgovori, a ta \u201edruga strana\u201c vremenom je prihvatila istu matricu i napravljena je ovakva atmosfera. Od mene se valjda o\u010dekivalo da pitanja postavljam tako \u0161to moram da poka\u017eem mr\u017enju. \u017dao mi je, ne mrzim nikoga, i moj posao nije da mrzim, nego da pitam i da u svakom trenutku budem profesionalna i odgovorna, a ne politi\u010dki ostra\u0161\u0107ena. S jedne strane, oni koji su protiv Vu\u010di\u0107a osu\u0111ivali su unapred intervju, a sa druge strane, moj utisak je da je i predsednik Srbije na snimanje razgovora do\u0161ao pun predrasuda, spreman za \u201eobra\u010dun\u201c, jer sam ja novinar \u201eopozicije\u201c. Nisam mu, naravno, dozvolila da me tako optu\u017euje i, kao \u0161to znate, rekao je u razgovoru: \u201eIzvinite, nisam tako mislio\u201c. Bilo je vi\u0161e od 30 ljudi u studiju i svi mogu da potvrde da je bukvalno u minut pre po\u010detka snimanja stigao u studio, bez ikakvog prostora za bilo kakav razgovor pre po\u010detka snimanja. Seo je za sto i rekao \u201eimam 45 minuta vremena\u201c, a prethodno je sa njegovim kabinetom dogovoreno sat vremena. U startu mi je skratio 15 minuta razgovora!!! Naravno da sam po\u010dela da se ube\u0111ujem da ne mo\u017ee tako, da imam puno tema, ali bio je izri\u010dit u tome da mora da krene tad i tad. Kao \u0161to ste mogli da vidite, u toku emisije se produ\u017eavalo vreme za razgovor.<\/p>\n<p><a href=\"https:\/\/www.cenzolovka.rs\/mediologija\/brankica-stankovic-od-mene-se-valjda-ocekivalo-da-moram-da-pokazem-mrznju-zao-mi-je-ne-mrzim-nikoga\/\" rel=\"noopener\" target=\"_blank\">Cenzolovka<\/a><\/p>\n<blockquote><p>Napomena: Naslov je dao PCNEN<\/p><\/blockquote>\n","protected":false},"excerpt":{"rendered":"<p>Brankica Stankovi\u0107: Od mene se valjda o\u010dekivalo da moram da poka\u017eem mr\u017enju<\/p>\n","protected":false},"author":1,"featured_media":235969,"comment_status":"open","ping_status":"closed","sticky":false,"template":"","format":"standard","meta":{"_seopress_robots_primary_cat":"","_seopress_titles_title":"","_seopress_titles_desc":"","_seopress_robots_index":"","_et_pb_use_builder":"","_et_pb_old_content":"","_et_gb_content_width":"","inline_featured_image":false,"footnotes":""},"categories":[5],"tags":[],"class_list":["post-235968","post","type-post","status-publish","format-standard","has-post-thumbnail","hentry","category-drugi-pisu"],"_links":{"self":[{"href":"https:\/\/www.pcnen.com\/portal\/wp-json\/wp\/v2\/posts\/235968","targetHints":{"allow":["GET"]}}],"collection":[{"href":"https:\/\/www.pcnen.com\/portal\/wp-json\/wp\/v2\/posts"}],"about":[{"href":"https:\/\/www.pcnen.com\/portal\/wp-json\/wp\/v2\/types\/post"}],"author":[{"embeddable":true,"href":"https:\/\/www.pcnen.com\/portal\/wp-json\/wp\/v2\/users\/1"}],"replies":[{"embeddable":true,"href":"https:\/\/www.pcnen.com\/portal\/wp-json\/wp\/v2\/comments?post=235968"}],"version-history":[{"count":0,"href":"https:\/\/www.pcnen.com\/portal\/wp-json\/wp\/v2\/posts\/235968\/revisions"}],"wp:featuredmedia":[{"embeddable":true,"href":"https:\/\/www.pcnen.com\/portal\/wp-json\/wp\/v2\/media\/235969"}],"wp:attachment":[{"href":"https:\/\/www.pcnen.com\/portal\/wp-json\/wp\/v2\/media?parent=235968"}],"wp:term":[{"taxonomy":"category","embeddable":true,"href":"https:\/\/www.pcnen.com\/portal\/wp-json\/wp\/v2\/categories?post=235968"},{"taxonomy":"post_tag","embeddable":true,"href":"https:\/\/www.pcnen.com\/portal\/wp-json\/wp\/v2\/tags?post=235968"}],"curies":[{"name":"wp","href":"https:\/\/api.w.org\/{rel}","templated":true}]}}