{"id":235309,"date":"2017-10-26T09:03:18","date_gmt":"2017-10-26T07:03:18","guid":{"rendered":"http:\/\/www.pcnen.com\/portal\/?p=235309"},"modified":"2017-10-26T09:03:18","modified_gmt":"2017-10-26T07:03:18","slug":"europa-mora-biti-prava-obitelj-naroda","status":"publish","type":"post","link":"https:\/\/www.pcnen.com\/portal\/2017\/10\/26\/europa-mora-biti-prava-obitelj-naroda\/","title":{"rendered":"Europa mora biti prava obitelj narod\u00e2"},"content":{"rendered":"<p><a href=\"http:\/\/www.pcnen.com\/portal\/wp-content\/uploads\/2017\/03\/evropa.jpg\"><img loading=\"lazy\" decoding=\"async\" src=\"http:\/\/www.pcnen.com\/portal\/wp-content\/uploads\/2017\/03\/evropa-300x220.jpg\" alt=\"evropa\" width=\"300\" height=\"220\" class=\"alignleft size-medium wp-image-223712\" \/><\/a>Mi predstavnici biskupskih konferencija Republike \u010ce\u0161ke, Hrvatske, Poljske, Slova\u010dke i Ma\u0111arske, okupljeni u Budimpe\u0161ti, nakon posjeta povijesnom gradu Vi\u0161egradu, mjestu gdje su se vo\u0111e na\u0161ih naroda mnogo puta susretali od Srednjeg vijeka naovamo i molitve u bazilici u Ostrogonu pred oltarom svetog Adalberta, mu\u010denika i pra\u0161kog biskupa, na\u0161eg zajedni\u010dkog za\u0161titnika, razgovarali smo o aktualnim izazovima s kojima se suo\u010davaju na\u0161e krajevne Crkve.<\/p>\n<p>S ljubavlju smo ponovili \u017eelju pape Franje da se u\u010dini \u201cnovi i hrabri korak naprijed za ovaj dragi kontinent\u201d, to jest za Europu.<\/p>\n<p>S rado\u0161\u0107u se pridru\u017eujemo Vije\u0107u europskih biskupskih konferencija (CCEE) u tvrdnji da \u201cCrkva voli Europu i vjeruje u njezinu budu\u0107nost: Europa nije samo zemlja, ve\u0107 je duhovni zadatak\u201d (Zavr\u0161na poruka s Plenarnog zasjedanja CCEE-a, Minsk, 27. rujna \u2013 1. listopada 2017.).<\/p>\n<p>Europski identitet, vi\u0161e od zemljopisnih faktora, prije svega je kulturni identitet. Jedna od snaga koje najvi\u0161e nadahnjuju ovu kulturu bila je i jo\u0161 je uvijek, unato\u010d svoj njenoj sekulariziranosti, kr\u0161\u0107anska religija.<\/p>\n<p>Prisutnost velikog broja dr\u017eava i naroda koji imaju svoj jezik, svoju kulturu, vlastita povijesna iskustva, vlastiti genij u suo\u010davanju sa izazovima individualnog i zajedni\u010dkog \u017eivota, karakteristi\u010dno je obilje\u017eje europskog identiteta.<\/p>\n<p>U toj mnogostrukosti prepoznajemo bogatstvo stvaranja, taj dar Bo\u017eji, dar koji moramo sa\u010duvati, \u0161tititi, razvijati i truditi se da bude na sve ve\u0107u korist cijelog \u010dovje\u010danstva.<\/p>\n<p>Nacionalna pripadnost ne mo\u017ee biti razlogom neprijateljstva, prezira prema drugima, nego radije pomo\u0107 u razumijevanju i po\u0161tivanju drugih naroda i drugih kultura.<\/p>\n<p>Europa mora biti prava obitelj narod\u00e2 u kojoj se \u010dlanovi uzajamno cijene, poznaju i zala\u017eu se za zajedni\u010dke vrijednosti.<\/p>\n<p>Zbog toga smatramo potrebnim da narodi Europe bolje upoznaju jedni druge kako bi se mogli me\u0111usobno razumjeti, jedni druge po\u0161tivati, voljeti i osje\u0107ati se kao \u010dlanovi iste obitelji. Informacijska tehnologija mo\u017ee otvoriti mnoge mogu\u0107nosti za ovo me\u0111usobno upoznavanje.<\/p>\n<p>Molimo i radimo:<\/p>\n<p>\u2013 za Europu koja po\u0161tuje ljudski \u017eivot od trenutka za\u010de\u0107a do prirodne smrti i koja je gostoljubivo mjesto za obitelji;<\/p>\n<p>\u2013 za Europu koja po\u0161tuje individualnu i kolektivnu vjersku slobodu koja pripada osobi na temelju njezina vlastitog dostojanstva;<\/p>\n<p>\u2013 za Europu koja priznaje tako\u0111er mogu\u0107nost narodima da na pravi na\u010din po\u0161tuju one religije koje su najvi\u0161e pridonijele stvaranju njezine kulture i identiteta.<\/p>\n<p>Dobrohotnim pogledom otkrivamo i vidimo samog Krista u svim ljudskim bi\u0107ima, posebno u siroma\u0161nima, onima koji trpe, besku\u0107nicima i onima koji su pogo\u0111eni ratom i koji moraju napustiti svoju domovinu.<\/p>\n<p>Zbog toga predla\u017eemo da se na\u0161e biskupske konferencije konkretno zauzmu oko pomaganja izbjeglicama koje \u017eive na Bliskom istoku i \u010dekaju priliku za povratak u svoje gradove i sela.<\/p>\n<p>Osje\u0107amo se posebno solidarnima s onima koji trpe nasilja i progone zbog svoje pripadnosti kr\u0161\u0107anstvu. Njihovo svjedo\u010danstvo i vjernost duhovna je utjeha i kr\u0161\u0107anima na\u0161ih naroda.<\/p>\n<p>Mu\u010denici iz doba nacizma i komunizma, koji su ubijeni u na\u0161im zemljama, u\u010de nas oprostu, milosr\u0111u i duhovnom pomirenju.<\/p>\n<p>Utje\u010demo se njihovu zagovoru za mir, pomirenje i autenti\u010dni razvoj ljudske obitelji.<\/p>\n<p><a href=\"http:\/\/www.autograf.hr\/europa-mora-biti-prava-obitelj-naroda\/\" rel=\"noopener\" target=\"_blank\">Autograf<\/a><\/p>\n","protected":false},"excerpt":{"rendered":"<p>Zavr\u0161na poruka sa susreta predstavnik\u00e2 biskupskih konferencija Srednjoisto\u010dne Europe, Budimpe\u0161ta, 18.-19. listopada 2017<\/p>\n","protected":false},"author":1,"featured_media":0,"comment_status":"open","ping_status":"closed","sticky":false,"template":"","format":"standard","meta":{"_seopress_robots_primary_cat":"","_seopress_titles_title":"","_seopress_titles_desc":"","_seopress_robots_index":"","_et_pb_use_builder":"","_et_pb_old_content":"","_et_gb_content_width":"","inline_featured_image":false,"footnotes":""},"categories":[5],"tags":[],"class_list":["post-235309","post","type-post","status-publish","format-standard","hentry","category-drugi-pisu"],"_links":{"self":[{"href":"https:\/\/www.pcnen.com\/portal\/wp-json\/wp\/v2\/posts\/235309","targetHints":{"allow":["GET"]}}],"collection":[{"href":"https:\/\/www.pcnen.com\/portal\/wp-json\/wp\/v2\/posts"}],"about":[{"href":"https:\/\/www.pcnen.com\/portal\/wp-json\/wp\/v2\/types\/post"}],"author":[{"embeddable":true,"href":"https:\/\/www.pcnen.com\/portal\/wp-json\/wp\/v2\/users\/1"}],"replies":[{"embeddable":true,"href":"https:\/\/www.pcnen.com\/portal\/wp-json\/wp\/v2\/comments?post=235309"}],"version-history":[{"count":0,"href":"https:\/\/www.pcnen.com\/portal\/wp-json\/wp\/v2\/posts\/235309\/revisions"}],"wp:attachment":[{"href":"https:\/\/www.pcnen.com\/portal\/wp-json\/wp\/v2\/media?parent=235309"}],"wp:term":[{"taxonomy":"category","embeddable":true,"href":"https:\/\/www.pcnen.com\/portal\/wp-json\/wp\/v2\/categories?post=235309"},{"taxonomy":"post_tag","embeddable":true,"href":"https:\/\/www.pcnen.com\/portal\/wp-json\/wp\/v2\/tags?post=235309"}],"curies":[{"name":"wp","href":"https:\/\/api.w.org\/{rel}","templated":true}]}}