{"id":234984,"date":"2017-10-20T07:00:33","date_gmt":"2017-10-20T05:00:33","guid":{"rendered":"http:\/\/www.pcnen.com\/portal\/?p=234984"},"modified":"2017-10-19T23:23:10","modified_gmt":"2017-10-19T21:23:10","slug":"spomenik-palim-borcima-nob-a-pod-napadom-istih-fasista-koji-su-napali-bistu-ive-lole","status":"publish","type":"post","link":"https:\/\/www.pcnen.com\/portal\/2017\/10\/20\/spomenik-palim-borcima-nob-a-pod-napadom-istih-fasista-koji-su-napali-bistu-ive-lole\/","title":{"rendered":"Spomenik palim borcima NOB-a pod napadom istih fa\u0161ista koji su napali bistu Ive Lole"},"content":{"rendered":"<p><a href=\"http:\/\/www.pcnen.com\/portal\/wp-content\/uploads\/2014\/11\/Ivo-Lola-Ribar.jpg\"><img loading=\"lazy\" decoding=\"async\" class=\"alignleft size-medium wp-image-165051\" src=\"http:\/\/www.pcnen.com\/portal\/wp-content\/uploads\/2014\/11\/Ivo-Lola-Ribar-231x300.jpg\" alt=\"Ivo Lola Ribar\" width=\"231\" height=\"300\" srcset=\"https:\/\/www.pcnen.com\/portal\/wp-content\/uploads\/2014\/11\/Ivo-Lola-Ribar-231x300.jpg 231w, https:\/\/www.pcnen.com\/portal\/wp-content\/uploads\/2014\/11\/Ivo-Lola-Ribar-232x300.jpg 232w, https:\/\/www.pcnen.com\/portal\/wp-content\/uploads\/2014\/11\/Ivo-Lola-Ribar-580x750.jpg 580w, https:\/\/www.pcnen.com\/portal\/wp-content\/uploads\/2014\/11\/Ivo-Lola-Ribar-347x450.jpg 347w, https:\/\/www.pcnen.com\/portal\/wp-content\/uploads\/2014\/11\/Ivo-Lola-Ribar-480x621.jpg 480w, https:\/\/www.pcnen.com\/portal\/wp-content\/uploads\/2014\/11\/Ivo-Lola-Ribar-235x304.jpg 235w, https:\/\/www.pcnen.com\/portal\/wp-content\/uploads\/2014\/11\/Ivo-Lola-Ribar-75x97.jpg 75w, https:\/\/www.pcnen.com\/portal\/wp-content\/uploads\/2014\/11\/Ivo-Lola-Ribar.jpg 742w\" sizes=\"(max-width: 231px) 100vw, 231px\" \/><\/a>Tek tjedan dana nakon \u0161to je vra\u0107ena na postolje s kojeg je nestala jo\u0161 devedesetih godina pro\u0161log stolje\u0107a, bista narodnog heroja Ive Lole Ribara u Zagrebu na\u0161la se na meti fa\u0161ista. Simpatizeri onih protiv kojih se Ribar borio i koji su ga ubili, ju\u010der su njegovu bistu i\u0161arali plavom bojom i na postolju nacrtali simbol kolja\u010dkog fa\u0161isti\u010dkog pokreta. Identi\u010dan potpis uz kraticu fa\u0161isti\u010dke tvorevine ostavili su jutros na spomeniku palim borcima u Ad\u017eijinoj ulici.<\/p>\n<p>Spomenik palim borcima 1941 &#8211; 1945. u Ad\u017eijinoj ulici na Tre\u0161njevci, koji je samo pro\u0161le godine napadnut najmanje \u010detiri puta, definitivno je najnapadaniji spomenik u Zagrebu. Podignut 1953. godine u spomen na 49 palih boraca od kojih je devet \u017eena. Ne odlikuje ga umjetni\u010dka vrijednost, ali je va\u017ean za kulturu sje\u0107anja na velike ljude koji su osvjetlali obraz Hrvatske. U novije vrijeme ima posebno veliku vrijednost u iritaciji neofa\u0161ista. Zbog svoje dvije crvene zvijezde petokrake \u010desto je na meti fa\u0161ista koje se zbog toga \u010desto obnavljaju i prebojavaju pa se crvene kao nove. Stoga na neofa\u0161isti\u010dkim portalima kao \u0161to je sloboda.hr, mo\u017eemo na\u0107i na \u010dlanke o ovom spomeniku s ovim naslovom: \u2018Zastra\u0161uju\u0107e, obnavlja se spomenik zlo\u010dina\u010dkoj partizanskoj vojsci u centru Zagreba\u2019.<\/p>\n<p>Jednom su ga potpuno zaplavili, pa je to obrisano. Zatim su ga zacrnili, pa je obnovljen i o\u010di\u0161\u0107en. Gradskom zavodu za za\u0161titu spomenika kulture i prirode pisali smo nakon \u0161to su zvijezde na spomeniku tukli \u010deki\u0107em. Pa znamo da je tad i Policija obavije\u0161tena o slu\u010daju i da znaju da se radi o mjestu koje je redovito na meti fa\u0161ista. Vandaliziran je jo\u0161 nekoliko puta, a \u010di\u0161\u0107enje obi\u010dno vr\u0161e gra\u0111ani Tre\u0161njevke kojima se imena bli\u017enjih nalaze na tom spomeniku.<\/p>\n<p>U posljednjih mjesec dana zaredalo se fa\u0161isti\u010dko divljanje po spomenicima NOB-a koje nas podsje\u0107a na masovno i organizirano brisanje povijesti s po\u010detka devedesetih. Ne\u0107ete o tome \u010ditati niti \u010duti u re\u017eimskim medijima ni na \u2018nacionalnoj dalekovidnici\u2019. Pa \u0107emo vas podsjetiti na vi\u0161estruko devastiran spomenik u selu Zrmanja, po tko zna koji put i\u0161aran spomenik Prvom splitskom partizanskom odredu, ukradene biste narodnih heroja i plo\u010de s imenima \u017ertava fa\u0161izmu u Vodote\u010du te na institucionalno \u2018skrivanje\u2019 spomenika \u017ertvama fa\u0161izma iz centra Josipdola.<\/p>\n<p>Bista Ive Lole i spomenik palim borcima u Ad\u017eijinoj su \u2018o\u010di\u0161\u0107eni\u2019, no tragovi usta\u0161kog napada su na\u017ealost jo\u0161 vidljivi. Pozivamo vas na protuakciju! Polo\u017eite cvije\u0107e na napadnute spomenike i poka\u017eite da Ivo Lola, Jo\u017ea Vlahovi\u0107 i Kata Dumbovi\u0107 nisu sami. Ako niste u Zagrebu posjetite lokalni spomenik NOB-a pa makar bio i sru\u0161en ili vandaliziran, polo\u017eite cvije\u0107e i poka\u017eite neofa\u0161istima da smo tu!<\/p>\n<p><a href=\"http:\/\/www.antifasisticki-vjesnik.org\/hr\/spomenici\/3\/Spomenik_palim_borcima_NOB_a_pod_napadom_istih_fasista_koji_su_napali_bistu_Ive_Lole\/219\/\">Antifa\u0161isti\u010dki vjesnik<\/a><\/p>\n","protected":false},"excerpt":{"rendered":"<p>Pozivamo vas na protuakciju! Polo\u017eite cvije\u0107e na napadnute spomenike i poka\u017eite da Ivo Lola, Jo\u017ea Vlahovi\u0107 i Kata Dumbovi\u0107 nisu sami<\/p>\n","protected":false},"author":1,"featured_media":165051,"comment_status":"open","ping_status":"closed","sticky":false,"template":"","format":"standard","meta":{"_seopress_robots_primary_cat":"","_seopress_titles_title":"","_seopress_titles_desc":"","_seopress_robots_index":"","_et_pb_use_builder":"","_et_pb_old_content":"","_et_gb_content_width":"","inline_featured_image":false,"footnotes":""},"categories":[5],"tags":[],"class_list":["post-234984","post","type-post","status-publish","format-standard","has-post-thumbnail","hentry","category-drugi-pisu"],"_links":{"self":[{"href":"https:\/\/www.pcnen.com\/portal\/wp-json\/wp\/v2\/posts\/234984","targetHints":{"allow":["GET"]}}],"collection":[{"href":"https:\/\/www.pcnen.com\/portal\/wp-json\/wp\/v2\/posts"}],"about":[{"href":"https:\/\/www.pcnen.com\/portal\/wp-json\/wp\/v2\/types\/post"}],"author":[{"embeddable":true,"href":"https:\/\/www.pcnen.com\/portal\/wp-json\/wp\/v2\/users\/1"}],"replies":[{"embeddable":true,"href":"https:\/\/www.pcnen.com\/portal\/wp-json\/wp\/v2\/comments?post=234984"}],"version-history":[{"count":0,"href":"https:\/\/www.pcnen.com\/portal\/wp-json\/wp\/v2\/posts\/234984\/revisions"}],"wp:featuredmedia":[{"embeddable":true,"href":"https:\/\/www.pcnen.com\/portal\/wp-json\/wp\/v2\/media\/165051"}],"wp:attachment":[{"href":"https:\/\/www.pcnen.com\/portal\/wp-json\/wp\/v2\/media?parent=234984"}],"wp:term":[{"taxonomy":"category","embeddable":true,"href":"https:\/\/www.pcnen.com\/portal\/wp-json\/wp\/v2\/categories?post=234984"},{"taxonomy":"post_tag","embeddable":true,"href":"https:\/\/www.pcnen.com\/portal\/wp-json\/wp\/v2\/tags?post=234984"}],"curies":[{"name":"wp","href":"https:\/\/api.w.org\/{rel}","templated":true}]}}