{"id":234834,"date":"2017-10-17T07:50:21","date_gmt":"2017-10-17T05:50:21","guid":{"rendered":"http:\/\/www.pcnen.com\/portal\/?p=234834"},"modified":"2017-10-17T07:50:21","modified_gmt":"2017-10-17T05:50:21","slug":"zene-koje-farbaju-kosu-su-u-vecem-riziku-od-raka-dojke","status":"publish","type":"post","link":"https:\/\/www.pcnen.com\/portal\/2017\/10\/17\/zene-koje-farbaju-kosu-su-u-vecem-riziku-od-raka-dojke\/","title":{"rendered":"\u017dene koje farbaju kosu su u ve\u0107em riziku od raka dojke"},"content":{"rendered":"<p><a href=\"http:\/\/www.pcnen.com\/portal\/wp-content\/uploads\/2017\/10\/farbanje-kose.jpg\"><img loading=\"lazy\" decoding=\"async\" class=\"alignleft size-full wp-image-234835\" src=\"http:\/\/www.pcnen.com\/portal\/wp-content\/uploads\/2017\/10\/farbanje-kose.jpg\" alt=\"farbanje kose\" width=\"200\" height=\"147\" srcset=\"https:\/\/www.pcnen.com\/portal\/wp-content\/uploads\/2017\/10\/farbanje-kose.jpg 200w, https:\/\/www.pcnen.com\/portal\/wp-content\/uploads\/2017\/10\/farbanje-kose-75x55.jpg 75w, https:\/\/www.pcnen.com\/portal\/wp-content\/uploads\/2017\/10\/farbanje-kose-90x65.jpg 90w\" sizes=\"(max-width: 200px) 100vw, 200px\" \/><\/a>\u017dene koje \u010desto farbaju kosu mogu biti u ve\u0107em riziku od dobijanja raka dojke, pokazala je studija.<\/p>\n<p>Profesor Kefa Mokbel, hirurg Princes Grejs bolnice u Londonu, ispitao je studije o povezanosti farbi za kosu i raka dojke i otkrio da su \u017eene koje su farbale kosu bile u 14 odsto ve\u0107em riziku od te bolesti.<\/p>\n<p>&#8220;Iako je potrebno jo\u0161 istra\u017eivanja kako bi se potvrdili ti rezultati, na\u0161a otkri\u0107a sugeri\u0161u da izlo\u017eenost farbi za kosu doprinosi riziku od raka dojke&#8221;, zaklju\u010dak je Mokbelove studije.<\/p>\n<p>\u017dene bi trebalo da farbaju kosu samo pet puta godi\u0161nje i koriste proizvode sa prirodnim sastojcima, smatra on.<\/p>\n<p>U odvojenoj studiji, finski istra\u017eiva\u010di otkrili su da \u017eene koje koriste farbu za kosu \u010de\u0161\u0107e dobijaju rak dojke, ali ka\u017eu da je nejasno da li ti proizvodi direktno izazivaju bolest.<\/p>\n<p>&#8220;Mogu\u0107e je, recimo, da \u017eene koje koriste farbu za kosu \u010de\u0161\u0107e koriste i drugu kozmetiku, u odnosu na osobe koje se ne farbaju&#8221;, rekla je Sana Hajkinen iz Finskog registra kancera.<\/p>\n<p>News.com.au\/B92<\/p>\n","protected":false},"excerpt":{"rendered":"<p>\u017dene koje \u010desto farbaju kosu mogu biti u ve\u0107em riziku od dobijanja raka dojke, pokazala je studija. Profesor Kefa Mokbel, hirurg Princes Grejs bolnice u Londonu, ispitao je studije o povezanosti farbi za kosu i raka dojke i otkrio da su \u017eene koje su farbale kosu bile u 14 odsto ve\u0107em riziku od te bolesti. [&hellip;]<\/p>\n","protected":false},"author":1,"featured_media":234835,"comment_status":"open","ping_status":"closed","sticky":false,"template":"","format":"standard","meta":{"_seopress_robots_primary_cat":"","_seopress_titles_title":"","_seopress_titles_desc":"","_seopress_robots_index":"","_et_pb_use_builder":"","_et_pb_old_content":"","_et_gb_content_width":"","inline_featured_image":false,"footnotes":""},"categories":[8],"tags":[],"class_list":["post-234834","post","type-post","status-publish","format-standard","has-post-thumbnail","hentry","category-svastara"],"_links":{"self":[{"href":"https:\/\/www.pcnen.com\/portal\/wp-json\/wp\/v2\/posts\/234834","targetHints":{"allow":["GET"]}}],"collection":[{"href":"https:\/\/www.pcnen.com\/portal\/wp-json\/wp\/v2\/posts"}],"about":[{"href":"https:\/\/www.pcnen.com\/portal\/wp-json\/wp\/v2\/types\/post"}],"author":[{"embeddable":true,"href":"https:\/\/www.pcnen.com\/portal\/wp-json\/wp\/v2\/users\/1"}],"replies":[{"embeddable":true,"href":"https:\/\/www.pcnen.com\/portal\/wp-json\/wp\/v2\/comments?post=234834"}],"version-history":[{"count":0,"href":"https:\/\/www.pcnen.com\/portal\/wp-json\/wp\/v2\/posts\/234834\/revisions"}],"wp:featuredmedia":[{"embeddable":true,"href":"https:\/\/www.pcnen.com\/portal\/wp-json\/wp\/v2\/media\/234835"}],"wp:attachment":[{"href":"https:\/\/www.pcnen.com\/portal\/wp-json\/wp\/v2\/media?parent=234834"}],"wp:term":[{"taxonomy":"category","embeddable":true,"href":"https:\/\/www.pcnen.com\/portal\/wp-json\/wp\/v2\/categories?post=234834"},{"taxonomy":"post_tag","embeddable":true,"href":"https:\/\/www.pcnen.com\/portal\/wp-json\/wp\/v2\/tags?post=234834"}],"curies":[{"name":"wp","href":"https:\/\/api.w.org\/{rel}","templated":true}]}}