{"id":234118,"date":"2017-10-03T16:12:01","date_gmt":"2017-10-03T14:12:01","guid":{"rendered":"http:\/\/www.pcnen.com\/portal\/?p=234118"},"modified":"2017-10-03T16:12:01","modified_gmt":"2017-10-03T14:12:01","slug":"petnaest-profesora-protestuje-zbog-smjene-rektorke","status":"publish","type":"post","link":"https:\/\/www.pcnen.com\/portal\/2017\/10\/03\/petnaest-profesora-protestuje-zbog-smjene-rektorke\/","title":{"rendered":"Petnaest profesora protestuje zbog smjene rektorke"},"content":{"rendered":"<p>Grupa od petnaest profesora Univerziteta Crne Gore (UCG) protestovala je danas zbog <a href=\"http:\/\/www.pcnen.com\/portal\/2017\/10\/03\/uprava-ucg-smijenila-rektorku-vojvodic\/\">odluke Upravnog odbora (UO) da smijeni <\/a>rektorku Radmilu Vojvodi\u0107, ocjenjuju\u0107i da je time ugro\u017eena autonomija i integritet Univerziteta.<\/p>\n<p>&#8220;Iskazujemo protest zbog nezakonite odluke UO, ugro\u017eavanja autonimije i integriteta Univerziteta id izvr\u0161ne vlasti, kao i naru\u0161avanja ugleda UCG i Crne Gore kao demokratskog dru\u0161tva&#8221;, navodi se u saop\u0161tenju grupe profesora.<\/p>\n<p>Saop\u0161tenje su potpisali profesori Ranko Lazovi\u0107, Goran Barovi\u0107, Dragan Bogojevi\u0107, Marija Perovi\u0107, \u017divko Andrija\u0161evi\u0107, Predrag Stani\u0161i\u0107, Maja Ba\u0107ovi\u0107, Sa\u0161a Mili\u0107, Uglje\u0161a Jankovi\u0107, Ivan Vukovi\u0107, Olivera Komar, Janko Ljumovi\u0107, Zdravko Krivokapi\u0107, Aleksandar Vujovi\u0107 i Vladimir Pe\u0161i\u0107, prenosi Mina.<\/p>\n<p>Oni su ocijenili da je Odluka UO done\u0161ena suprotno Statutu UCG i bez izja\u0161njenja Senata kao najvi\u0161eg akademoskg tijela koje je, ba\u0161 kao i izja\u0161njenje rektora, bilo obazuju\u0107e za odlu\u010divanje o razre\u0161enju.<\/p>\n<p>Upravni odbor Univerziteta Crne Gore smijenio je danas rektorku Radmilu Vojvodi\u0107. Za njenu smjenu, saznaju \u201cVijesti\u201d, glasalo je 12 od 15 \u010dlanova UO.<\/p>\n<p>Navodi se da je, kao \u0161to je, kako su kazali, svih ovih mjeseci sprovo\u0111eno politi\u010dko nasilje nad najvi\u0161om institucijom obrazovanja, tako su i odlukom o smjeni rektora prekr\u0161eni pozitivni pravni propisi Univerziteta.<\/p>\n<p>&#8220;Bez ijednog argumenta, uz ga\u017eenje univerzitetskih vrijednosti i nidopo\u0161tovanjem najvi\u0161eg akademoskog tijela univerziteta &#8211; Senata, izvr\u0161en je udar na integritet Univerziteta i sprovedena odmazda nad rektorom&#8221;, ka\u017ee se u saop\u0161tenju.<\/p>\n<p>Profesori su ocijenili da je smjena rektora na takav na\u010din, ne\u010duvena u demokratskoj praksi, da postaje efemerna u odnosu na krizu upravljanja Univerzitetom koja je izazvana ovakvim gestom.<\/p>\n<p>Oni su kazali da pored toga \u0161to je takvim odlu\u010divanjem povrije\u0111ena zakonitost i to preko predstavnika Vlade u UO, uvedena je i praksa koja postoji u nedemokratskim sistemima &#8211; &#8220;da premijer organizuje i sprovodi smjenu rektora UCG i upravlja na svojevrstan na\u010din Univerzitetom&#8221;.<\/p>\n<p>&#8220;Inspiratori i egekutori ovakve politike nijesu svjesni da su poku\u0161avaju\u0107i da sprovedu odluku o ostanku Vi\u0161e Medicinske \u0161kole u Beranama, u stvari poku\u0161ali da zaustave realizaciju uspje\u0161ne i sveobuhvatne reforme, koja je obavljena u skladu sa upustvima Evropske asocijacije univerziteta i evropskim standardima za regulisane meddicinske profesije&#8221;, navodi se u saop\u0161tenju.<\/p>\n<p>Ocjenjuje se da je odlukama UO izazvana kriza upravljanja na Univerzitetu i dovedeno u pitanje stvaranje institucionalnog kapaciteta za sprovo\u0111enje reformi.<\/p>\n<p>&#8220;Ovo je primjer i drugim institucijama koje poku\u0161avaju da se razvijaju i djeluju u nacionalnom interesu a shodno evropskim vrijednostima&#8221;, navodi se u saop\u0161tenju profesora.<\/p>\n","protected":false},"excerpt":{"rendered":"<p>Grupa od petnaest profesora Univerziteta Crne Gore (UCG) protestovala je danas zbog odluke Upravnog odbora (UO) da smijeni rektorku Radmilu Vojvodi\u0107, ocjenjuju\u0107i da je time ugro\u017eena autonomija i integritet Univerziteta. &#8220;Iskazujemo protest zbog nezakonite odluke UO, ugro\u017eavanja autonimije i integriteta Univerziteta id izvr\u0161ne vlasti, kao i naru\u0161avanja ugleda UCG i Crne Gore kao demokratskog dru\u0161tva&#8221;, [&hellip;]<\/p>\n","protected":false},"author":1,"featured_media":0,"comment_status":"open","ping_status":"closed","sticky":false,"template":"","format":"standard","meta":{"_seopress_robots_primary_cat":"","_seopress_titles_title":"","_seopress_titles_desc":"","_seopress_robots_index":"","_et_pb_use_builder":"","_et_pb_old_content":"","_et_gb_content_width":"","inline_featured_image":false,"footnotes":""},"categories":[14],"tags":[],"class_list":["post-234118","post","type-post","status-publish","format-standard","hentry","category-vijesti"],"_links":{"self":[{"href":"https:\/\/www.pcnen.com\/portal\/wp-json\/wp\/v2\/posts\/234118","targetHints":{"allow":["GET"]}}],"collection":[{"href":"https:\/\/www.pcnen.com\/portal\/wp-json\/wp\/v2\/posts"}],"about":[{"href":"https:\/\/www.pcnen.com\/portal\/wp-json\/wp\/v2\/types\/post"}],"author":[{"embeddable":true,"href":"https:\/\/www.pcnen.com\/portal\/wp-json\/wp\/v2\/users\/1"}],"replies":[{"embeddable":true,"href":"https:\/\/www.pcnen.com\/portal\/wp-json\/wp\/v2\/comments?post=234118"}],"version-history":[{"count":0,"href":"https:\/\/www.pcnen.com\/portal\/wp-json\/wp\/v2\/posts\/234118\/revisions"}],"wp:attachment":[{"href":"https:\/\/www.pcnen.com\/portal\/wp-json\/wp\/v2\/media?parent=234118"}],"wp:term":[{"taxonomy":"category","embeddable":true,"href":"https:\/\/www.pcnen.com\/portal\/wp-json\/wp\/v2\/categories?post=234118"},{"taxonomy":"post_tag","embeddable":true,"href":"https:\/\/www.pcnen.com\/portal\/wp-json\/wp\/v2\/tags?post=234118"}],"curies":[{"name":"wp","href":"https:\/\/api.w.org\/{rel}","templated":true}]}}