{"id":234114,"date":"2017-10-03T12:36:27","date_gmt":"2017-10-03T10:36:27","guid":{"rendered":"http:\/\/www.pcnen.com\/portal\/?p=234114"},"modified":"2017-10-03T12:40:48","modified_gmt":"2017-10-03T10:40:48","slug":"uprava-ucg-smijenila-rektorku-vojvodic","status":"publish","type":"post","link":"https:\/\/www.pcnen.com\/portal\/2017\/10\/03\/uprava-ucg-smijenila-rektorku-vojvodic\/","title":{"rendered":"Uprava UCG smijenila rektorku Vojvodi\u0107"},"content":{"rendered":"<p><a href=\"http:\/\/www.pcnen.com\/portal\/wp-content\/uploads\/2017\/04\/Radmila-Vojvodic-e1506700327474.jpg\"><img loading=\"lazy\" decoding=\"async\" class=\"alignleft size-thumbnail wp-image-224865\" src=\"http:\/\/www.pcnen.com\/portal\/wp-content\/uploads\/2017\/04\/Radmila-Vojvodic-150x150.jpg\" alt=\"Radmila Vojvodic\" width=\"150\" height=\"150\" \/><\/a>Upravni odbor Univerziteta Crne Gore je smijenio danas rektorku Radmilu Vojvodi\u0107, objavio je portal Vijesti.<\/p>\n<p>Za njenu smjenu je, prema navodima Vijesti, glasalo 12 od 15 \u010dlanova UO, a protiv su bili \u010dlanovi UP iz akademske zajedni ce Vladimir Pe\u0161i\u0107, Tatjana Dlaba\u010d i Martin \u0106alasan.<\/p>\n<p>Za vr\u0161ioca du\u017enosti do izbora novog rektora izabran je doskora\u0161nji dekan Pomorskog fakulteta Danilo Nikoli\u0107.<\/p>\n<p>Smijenjena rektorka je ranije upozorila da bez stave Savjeta UCG, \u010dija je sjednica zakazana za petak, odluke Upravnog odbora nijesu statutarne. Ona je za danas u 14.00 sati njavila konferenciju za novinare.<\/p>\n<p>Smjena je inicirana od strane predstavnika Vlade u Upravnom odboru, a rektorka se zamjerila zbog upornog <a href=\"http:\/\/www.pcnen.com\/portal\/2017\/08\/18\/uo-ucg-odlucuje-kako-vlada-kaze-rektorka-upozorava\/\">kontriranja Vladi<\/a> u vezi sa tim da li Vi\u0161a medicinska \u0161kola treba da ostane u Beranama ili da preseli u Podgoricu.<\/p>\n","protected":false},"excerpt":{"rendered":"<p>Upravni odbor Univerziteta Crne Gore je smijenio danas rektorku Radmilu Vojvodi\u0107, objavio je portal Vijesti. Za njenu smjenu je, prema navodima Vijesti, glasalo 12 od 15 \u010dlanova UO, a protiv su bili \u010dlanovi UP iz akademske zajedni ce Vladimir Pe\u0161i\u0107, Tatjana Dlaba\u010d i Martin \u0106alasan. Za vr\u0161ioca du\u017enosti do izbora novog rektora izabran je doskora\u0161nji [&hellip;]<\/p>\n","protected":false},"author":1,"featured_media":0,"comment_status":"open","ping_status":"closed","sticky":false,"template":"","format":"standard","meta":{"_seopress_robots_primary_cat":"","_seopress_titles_title":"","_seopress_titles_desc":"","_seopress_robots_index":"","_et_pb_use_builder":"","_et_pb_old_content":"","_et_gb_content_width":"","inline_featured_image":false,"footnotes":""},"categories":[14],"tags":[],"class_list":["post-234114","post","type-post","status-publish","format-standard","hentry","category-vijesti"],"_links":{"self":[{"href":"https:\/\/www.pcnen.com\/portal\/wp-json\/wp\/v2\/posts\/234114","targetHints":{"allow":["GET"]}}],"collection":[{"href":"https:\/\/www.pcnen.com\/portal\/wp-json\/wp\/v2\/posts"}],"about":[{"href":"https:\/\/www.pcnen.com\/portal\/wp-json\/wp\/v2\/types\/post"}],"author":[{"embeddable":true,"href":"https:\/\/www.pcnen.com\/portal\/wp-json\/wp\/v2\/users\/1"}],"replies":[{"embeddable":true,"href":"https:\/\/www.pcnen.com\/portal\/wp-json\/wp\/v2\/comments?post=234114"}],"version-history":[{"count":0,"href":"https:\/\/www.pcnen.com\/portal\/wp-json\/wp\/v2\/posts\/234114\/revisions"}],"wp:attachment":[{"href":"https:\/\/www.pcnen.com\/portal\/wp-json\/wp\/v2\/media?parent=234114"}],"wp:term":[{"taxonomy":"category","embeddable":true,"href":"https:\/\/www.pcnen.com\/portal\/wp-json\/wp\/v2\/categories?post=234114"},{"taxonomy":"post_tag","embeddable":true,"href":"https:\/\/www.pcnen.com\/portal\/wp-json\/wp\/v2\/tags?post=234114"}],"curies":[{"name":"wp","href":"https:\/\/api.w.org\/{rel}","templated":true}]}}