{"id":234039,"date":"2017-10-02T07:59:28","date_gmt":"2017-10-02T05:59:28","guid":{"rendered":"http:\/\/www.pcnen.com\/portal\/?p=234039"},"modified":"2017-10-02T07:59:28","modified_gmt":"2017-10-02T05:59:28","slug":"u-mentalnom-egzilu","status":"publish","type":"post","link":"https:\/\/www.pcnen.com\/portal\/2017\/10\/02\/u-mentalnom-egzilu\/","title":{"rendered":"U mentalnom egzilu"},"content":{"rendered":"<p><strong>Pi\u0161e: Tomislav Jaki\u0107<\/strong><\/p>\n<p><a href=\"http:\/\/www.pcnen.com\/portal\/wp-content\/uploads\/2015\/06\/Tomislav-Jakic.jpg\"><img loading=\"lazy\" decoding=\"async\" src=\"http:\/\/www.pcnen.com\/portal\/wp-content\/uploads\/2015\/06\/Tomislav-Jakic-300x224.jpg\" alt=\"Tomislav Jakic\" width=\"300\" height=\"224\" class=\"alignleft size-medium wp-image-182198\" \/><\/a>Bio sam na odmoru. Niste ni primijetili? Ma nema veze, nije ni bitno. Tek, htio bih vam ispri\u010dati za\u0161to je to bio pravi odmor i za\u0161to sam odlu\u010dio ostati na odmoru. Nisam bio u Hrvatskoj. Pre\u0161ao sam dvije granice da bih do\u0161ao do prekrasnog alpskog pejsa\u017ea i do velikog jezera uklopljenog u taj pejsa\u017e. Nije mi to bilo prvi put da odlazim tamo. Dapa\u010de, na tom sam jezeru svakoga ljeta \u2018kod ku\u0107e\u2019 ve\u0107 vi\u0161e od \u0161ezdeset godina. I uvijek sam se odmarao, ali nikada kao ove godine. A za\u0161to? Razlog je jednostavan. Pojma nisam imao o tome \u0161to se doga\u0111a u Hrvatskoj. Tamo\u0161nji su mediji kratko registrirali promjenu imena Trga mar\u0161ala Tita (\u0161to je, uostalom, bilo i o\u010dekivano, pa me ni na koji na\u010din nije iznenadilo). A nakon toga \u2013 mir i ti\u0161ina. Ne, nisam se \u2018odlijepio\u2019 od svijeta u kojemu \u017eivim. Pratio sam vijesti o zbivanjima u tom svijetu, ali sve sam vi\u0161e dolazio do zaklju\u010dka da Hrvatska, moja domovina, njemu ne pripada. Porazan zaklju\u010dak, zar ne? Ali, bojim se, savr\u0161eno to\u010dan. Saznavao sam pojedinosti o predizbornim kampanjama u Njema\u010dkoj i Austriji, informirao se o sjevernokorejskim raketama i vrtlogu uzajamnih optu\u017ebi i prijetnji u koji su upali Donald Trump i Kim Jong-un, vrtlogu \u0161to prijeti samo ubrzavanjem i zao\u0161travanjem, a \u0161to \u0107e bilo jednoga bilo drugoga navesti na to da povu\u010de potez nakon kojega vi\u0161e nema povla\u010denja. Znao sam sve \u0161to je trebalo znati o uraganu Irma i o njegovim katastrofalnim posljedicama. Ali o Hrvatskoj nisam ni znao ni saznavao ni\u0161ta. I zato sam se, svemu usprkos, odmarao.<\/p>\n<p>I sjetio sam se ne\u010dega \u0161to mi je, ima tome ve\u0107 podosta godina, rekao jedan zagreba\u010dki sveu\u010dili\u0161ni profesor koji je u \u2018ono doba\u2019 napravio i kra\u0107i, ali zapa\u017een izlet u politi\u010dke vode, da bi se poslije godine 1990. potpuno povukao iz javnosti. Kada sam ga pitao za\u0161to, jednostavno mi je i kratko odgovorio: \u2018Ja sam u mentalnom egzilu.\u2019 Ne mogu re\u0107i da sam tada imao ba\u0161 puno razumijevanja za njegovu poziciju, izgledalo mi je kao da je odustao prije vremena, kao da ima ne samo potrebe nego i mogu\u0107nosti boriti se za istinsku demokraciju i protiv obnavljanja usta\u0161tva u bilo kojem obliku, \u010dinilo mi se kao da takva borba ima i smisla i svrhe, da nije bezizgledna. I, povrh svega, \u010dinilo mi se \u2013 u ono vrijeme \u2013 da postoje snage, ne pojedinci nego organizirane politi\u010dke snage spremne oduprijeti se valu povijesnog revizionizma i relativiziranja usta\u0161tva, uz istodobno demoniziranje i Narodnooslobodila\u010dke borbe i svega (i svakoga!) vezanoga uz poslijeratnu Jugoslaviju. Taj se val ve\u0107 tada, naime, nazirao.<\/p>\n<p>Danas se ne nazire, danas nas zapljuskuje, prijete\u0107i potopom svega \u0161to je Hrvatsku \u010dinilo kulturnom, naprednom, razvijenom, civiliziranom i evropskom dr\u017eavom \u2013 jer, ne treba zaboraviti, Hrvatska je i u sklopu jugoslavenske federacije imala status dr\u017eave. I danas zaista, za razliku od sredine 1990-ih godina kada sam \u0107askao s \u010dovjekom koji je bez ikakve prisile, svojom slobodnom voljom oti\u0161ao u mentalni egzil, nema ni politi\u010dke snage, a ni pojedinaca na utjecajnim polo\u017eajima koji bi se tom potopu mogli (i htjeli) oduprijeti. Nema, svi\u0111alo se to nekome ili ne. Javnom scenom dominiraju intelektualni hoh\u0161tapleri koji objektivno \u2013 mada izigravaju ljevi\u010dare \u2013 preuzimaju ulogu glasnogovornika desnice (koja \u0107e ih, kada odrade svoje, odbaciti kao prljave krpe). Medijima defiliraju rigidni iskonski desni\u010dari, uz ne manje desne konvertite. Zaogrnuti su pla\u0161tem akademskih titula koje, me\u0111utim, ne mogu sakriti njihovo falsifikatorsko djelovanje. Na kraju su kolone, premda najglasniji i najradikalniji, ordinarni primitivci iz kojih neskriveno kulja plamte\u0107a mr\u017enja prema svima koji ili ne misle kao oni ili se nisu spremni pokoriti (\u2018Ili se pokloni ili se ukloni\u2019 bila je, uostalom, jedna od parola \u0161to su obilje\u017eile usta\u0161ki re\u017eim i njegov karakter).<\/p>\n<p>Dana\u0161nja Hrvatska imala je predsjednika koji je mirno primio, tako ih zapravo rehabilitiraju\u0107i, skupinu generala u odorama, svojedobno naprasno umirovljenih zbog osnovane sumnje da su, najbla\u017ee re\u010deno, zadirali u politi\u010dki \u017eivot, gdje im nije mjesto. Dana\u0161nja Hrvatska imala je \u010delnika najve\u0107e oporbene stranke, navodno socijaldemokratske, koji se nadao izbornoj pobjedi evociraju\u0107i uspomenu na svojega djeda usta\u0161u, koji nije imao snage oduprijeti se puzaju\u0107em dr\u017eavnom udaru \u010diji je centar bio u famoznom \u0161atoru u Savskoj ulici i koji \u2013 osim paradiranja sa znanjem stranih jezika i sentenci i poneke egzibicije, poput onoga skoka i pada s oklopnog transportera \u2013 nije znao \u0161to bi po\u010deo ni s Hrvatskom ni s problemima \u0161to su je mu\u010dili. Danas imamo premijera koji \u2018kraljevski\u2019 izjavljuje u Saboru da on \u2018mo\u017ee sve \u0161to ho\u0107e\u2019 i kojemu je potrebna stru\u010dna ekspertiza da bi mo\u017eda, ali samo mo\u017eda, shvatio kako je \u2018Za dom \u2013 spremni\u2019 usta\u0161ki pozdrav koji u Hrvatskoj nije postojao, niti se koristio ikada osim u paradr\u017eavi NDH, stvorenoj milo\u0161\u0107u Hitlera i Mussolinija. Danas imamo vladu koja formira Vije\u0107e za suo\u010davanje s posljedicama vladavine nedemokratskih re\u017eima, a s potpuno jasnom i prozirnom svrhom da legitimira ukidanje Trga mar\u0161ala Tita u Zagrebu i, slijedom toga, micanje Titovog imena s javne scene u naj\u0161irem smislu te rije\u010di, te da otvori prostor zabrani svega \u0161to \u0107e biti progla\u0161eno simbolima \u2018jugokomunisti\u010dkog re\u017eima\u2019, uz vrlo mali ustupak \u2013 zabranu isticanja usta\u0161koga \u2018U\u2019 i, vjerojatno, povijesnog hrvatskog grba s po\u010detnim bijelim poljem.<\/p>\n<p>O svemu tome puna tri jedna ni\u0161ta novoga nisam saznavao. Ali sam se susreo s podatkom da na parlamentarne izbore u Austriji izlazi i Komunisti\u010dka stranka (marginalna, ali potpuno legalna, stranka koja postoji i djeluje i \u010dije \u010dlanove nitko zbog toga niti proziva, niti progoni). Pa sam gledao predizborni televizijski duel lidera vode\u0107ih stranaka u Njema\u010dkoj. Osim \u0161to nisam mogao a da ne primijetim zaista bijednu razinu znanja i sposobnosti \u010detvero moderatora, najeksponiranijih voditelja politi\u010dkih rasprava na njema\u010dkoj javnoj televiziji, morao sam zamijetiti i visoku razinu uzajamnog respektiranja politi\u010dara koji se u mnogim stvarima nisu slo\u017eili (to da o nekima od najbitnijih svjetskih problema nisu prozborili ni rije\u010di posebna je pri\u010da). Nije tu bilo ni \u017eu\u0107i, ni mr\u017enje, ni pitanja tipa: \u2018A \u0161to ste vi ono radili u DDR-u?\u2019 ili \u2018A kako to da vi nemate maturu?\u2019 Gledao sam te iste politi\u010dare i u odvojenim emisijama, suo\u010dene s publikom u studiju. I vidio kako je \u2018najmo\u0107nija \u017eena svijeta\u2019, kako joj podani\u010dki vole tepati hrvatski mediji, morala otrpjeti i kako je otrpjela repliku \u017eene u studiju: \u2018Nisam zadovoljna va\u0161im odgovorom. Nisam vas to pitala.\u2019 Nije uzvratila: \u2018Mnogo vi jo\u0161 \u017eganaca morate popapati pa da biste sa mnom mogli razgovarati.\u2019 I vidio sam vo\u0111u druge po snazi politi\u010dke stranke, socijaldemokrata, kako na pitanje \u0161to ka\u017ee o izjavi lidera desne Alternative za Njema\u010dku da je spomenik milijunima \u017ertava holokausta u Berlinu \u2018sramota za Njema\u010dku\u2019, bez ikakvog taktiziranja i bez imalo premi\u0161ljanja odgovara: \u2018Taj \u010dovjek, on je sramota za Njema\u010dku!\u2019 I pratio sam skupove kako desnice tako i gra\u0111anskih snaga (ne ekstremne ljevice) koje joj se opiru, registriraju\u0107i pona\u0161anje policije koja nije stajala mirno kada su desni\u010dari divljali, a intervenirala tek onda kada bi \u2018druga strana\u2019 uzvratila. Gledao sam i \u2013 putem vijesti, naravno \u2013 do\u017eivljavao demokraciju na djelu. I to u zemljama koje tako\u0111er nisu imune na korupciju, ni na politi\u010dare koji zastrane, ali onda budu bez milosti i oklijevanja odstranjeni iz politi\u010dkog \u017eivota, u zemljama u kojima tako\u0111er ima propovjednika mr\u017enje i zastupnika povijesnog revizionizma, ali su satjerani na samu marginu politi\u010dke scene, mada sada polako i zabrinjavaju\u0107e prodiru s te margine prema centru zbivanja. A sve to uz spoznaju da je demokratski sustav zbog sve pogubnijeg utjecaja interesa krupnog kapitala te\u0161ko, mo\u017eda i nepovratno kompromitiran i kontaminiran.<\/p>\n<p>Pratio sam u raspravama na televiziji (austrijskoj) kako i mala zemlja mo\u017ee imati ljude koji prije svega poznaju materiju o kojoj govore, kojima su otvoreni mediji kako bi ono \u0161to znaju mogli prenijeti javnosti, koji slobodno misle i zaklju\u010duju i koji se ne boje, niti se trebaju bojati da \u0107e zbog toga biti na bilo koji na\u010din dru\u0161tveno osu\u0111eni (osim mo\u017eda u nekoj pivnici). \u010cuo sam krajnje realne i iz hrvatske perspektive potpuno iznena\u0111uju\u0107e ocjene krize oko Sjeverne Koreje. Pratio sam kako eksperti iz zemlje \u0161to nedvojbeno pripada politi\u010dkom Zapadu i demokratskom svijetu iznose poglede zbog kojih se kod nas u tren oka zaradi epitet \u2018ruskog pla\u0107enika\u2019. I u tim raspravama, pa i onda kada bi se sugovornici razilazili u ocjenama, bila je prisutna doza uzajamnog po\u0161tovanja. Onaj koji je druga\u010dije razmi\u0161ljao nije odmah bio neprijatelj, niti mu se savjetovalo da se, ako tako misli, preseli na primjer u Rusiju ili Sjevernu Koreju. I ovdje sam, usprkos sveop\u0107oj bulevarizaciji i estradizaciji medijske scene, vidio demokraciju na djelu, barem ono klju\u010dno \u0161to \u010dini (odnosno \u0161to bi trebalo \u010diniti) demokraciju, a to je prihva\u0107anje razli\u010ditosti i pluralizma.<\/p>\n<p>A onda su ta tri tjedna pro\u0161la i vratio sam se u Hrvatsku. Uklju\u010dio sam ra\u010dunalo i cijelo jedno poslijepodne \u010ditao i \u010ditao. Kako sam \u010ditao, tako je slika jezera okru\u017eenoga Alpama blijedjela, tako su mi sje\u0107anja na informacije \u0161to sam ih tada dobivao i dojmove \u0161to sam ih stjecao tonula u zaborav. Sve je prisutniji bio osje\u0107aj mu\u010dnine i nemo\u0107i. Udario sam glavom o zid na\u0161e stvarnosti, a ona je takva kakva jest i nema \u2013 sve sam sumorniji zbog toga, ali i sve sigurniji u to \u2013 nikakve politi\u010dke snage ni utjecajnih pojedinaca koji bi je mogli promijeniti. Ono \u0161to nam slijedi to je lustracija koja, naravno, ne\u0107e pogoditi one koje bi, da je provedena devedesetih, pogodila, nego \u2013 bez ikakvih argumenata \u2013 one koji iz bilo kojega razloga nisu po volji vladaju\u0107ima (znate ono \u2018on mrzi Hrvatsku i sve hrvatsko\u2019). Potom dolazi radikalni, radikalniji nego ikada (tako je i Goebbels govorio kada je progla\u0161avao totalni rat), obra\u010dun s povije\u0161\u0107u onakvom kakva je bila i njezino nadomje\u0161tanje falsifikatima i izmi\u0161ljotinama (poput one o \u2018komunisti\u010dkom logoru smrti u Jasenovcu\u2019). To, naravno, pretpostavlja i brisanje iz povijesti, iz nastavnih programa i kolektivnog sje\u0107anja i svih protagonista te \u2018prognane povijesti\u2019. Sve to podrazumijeva, gotovo je suvi\u0161no re\u0107i, i promjenu Ustava i brisanje svakog spomena na antifa\u0161izam, tu \u2018floskulu\u2019, kako ka\u017ee prvak desne kontrarevolucije. Zatim \u0107e, mada je to zapravo u osnovi svega, biti zaokru\u017een projekt klerikalizacije dr\u017eave koji \u0107e, iako to najvjerojatnije ne\u0107e biti ba\u0161 tako re\u010deno, odstupiti od principa sekularnosti i do kraja pretvoriti Hrvatsku u vjersku dr\u017eavu (\u0161to ona i sada u mnogim elementima jest).<\/p>\n<p>Znam da \u0107e tako biti. Svatko tko jo\u0161 nije odustao od toga da logi\u010dno razmi\u0161lja zna da samo tako i mo\u017ee biti. I zato sam odlu\u010dio da, bez obzira na to gdje sam fizi\u010dki prisutan, ostanem na odmoru. Ne\u0107u dozvoliti da me klini\u010dki slu\u010dajevi i fanatizirani tipovi, ljudi \u010dija bi se prisutnost u vrhovima dr\u017eave u normalnim okolnostima mogla smatrati samo lo\u0161im vicem, i dalje truju svojim opsesijama, mr\u017enjom, la\u017eima i manipulacijama. Odlazim u svijet u kojemu dana\u0161nja Hrvatska nije (nagla\u0161avam ovo: dana\u0161nja). Odlazim u mentalni egzil. Ja sam na odmoru i na odmoru \u0107u i ostati.<\/p>\n<p><a href=\"https:\/\/www.portalnovosti.com\/u-mentalnom-egzilu\" rel=\"noopener\" target=\"_blank\">Portal Novosti<\/a><\/p>\n","protected":false},"excerpt":{"rendered":"<p>Ne\u0107u dozvoliti da me klini\u010dki slu\u010dajevi i fanatizirani tipovi, ljudi \u010dija bi se prisutnost u vrhovima dr\u017eave u normalnim okolnostima mogla smatrati samo lo\u0161im vicem, i dalje truju svojim opsesijama, mr\u017enjom, la\u017eima i manipulacijama<\/p>\n","protected":false},"author":1,"featured_media":0,"comment_status":"open","ping_status":"closed","sticky":false,"template":"","format":"standard","meta":{"_seopress_robots_primary_cat":"","_seopress_titles_title":"","_seopress_titles_desc":"","_seopress_robots_index":"","_et_pb_use_builder":"","_et_pb_old_content":"","_et_gb_content_width":"","inline_featured_image":false,"footnotes":""},"categories":[5],"tags":[],"class_list":["post-234039","post","type-post","status-publish","format-standard","hentry","category-drugi-pisu"],"_links":{"self":[{"href":"https:\/\/www.pcnen.com\/portal\/wp-json\/wp\/v2\/posts\/234039","targetHints":{"allow":["GET"]}}],"collection":[{"href":"https:\/\/www.pcnen.com\/portal\/wp-json\/wp\/v2\/posts"}],"about":[{"href":"https:\/\/www.pcnen.com\/portal\/wp-json\/wp\/v2\/types\/post"}],"author":[{"embeddable":true,"href":"https:\/\/www.pcnen.com\/portal\/wp-json\/wp\/v2\/users\/1"}],"replies":[{"embeddable":true,"href":"https:\/\/www.pcnen.com\/portal\/wp-json\/wp\/v2\/comments?post=234039"}],"version-history":[{"count":0,"href":"https:\/\/www.pcnen.com\/portal\/wp-json\/wp\/v2\/posts\/234039\/revisions"}],"wp:attachment":[{"href":"https:\/\/www.pcnen.com\/portal\/wp-json\/wp\/v2\/media?parent=234039"}],"wp:term":[{"taxonomy":"category","embeddable":true,"href":"https:\/\/www.pcnen.com\/portal\/wp-json\/wp\/v2\/categories?post=234039"},{"taxonomy":"post_tag","embeddable":true,"href":"https:\/\/www.pcnen.com\/portal\/wp-json\/wp\/v2\/tags?post=234039"}],"curies":[{"name":"wp","href":"https:\/\/api.w.org\/{rel}","templated":true}]}}