{"id":233991,"date":"2017-10-01T13:13:18","date_gmt":"2017-10-01T11:13:18","guid":{"rendered":"http:\/\/www.pcnen.com\/portal\/?p=233991"},"modified":"2017-10-01T13:13:18","modified_gmt":"2017-10-01T11:13:18","slug":"kad-mi-kazu-da-sam-teska","status":"publish","type":"post","link":"https:\/\/www.pcnen.com\/portal\/2017\/10\/01\/kad-mi-kazu-da-sam-teska\/","title":{"rendered":"Kad mi ka\u017eu da sam &#8216;te\u0161ka&#8217;"},"content":{"rendered":"<p><strong>Pi\u0161e: Aglaia Berlutti<\/strong><\/p>\n<p><a href=\"http:\/\/www.pcnen.com\/portal\/wp-content\/uploads\/2015\/10\/zene-Egon-Schiele.jpg\"><img loading=\"lazy\" decoding=\"async\" class=\"alignleft size-medium wp-image-191347\" src=\"http:\/\/www.pcnen.com\/portal\/wp-content\/uploads\/2015\/10\/zene-Egon-Schiele-300x220.jpg\" alt=\"zene, Egon Schiele\" width=\"300\" height=\"220\" \/><\/a>Kada ste \u017eena mojih godina (30 i ne\u0161to), morate \u017eivjeti s barem dva stereotipa \u2013 biti idealna \u017eena, tj. onakva kakvu o\u010dekuje va\u0161a okolina, i svakako, biti \u017eena koja trebate biti, ali to niste.<\/p>\n<p>Izgleda kao da se radi o igri s rije\u010dima, ali u biti osnovna poanta je da nitko zapravo ne zna \u0161to u\u010diniti sa \u017eenom koja se nigdje ne uklapa.<\/p>\n<p>Razmi\u0161ljala sam o tome kada me prije nekoliko dana prijatelj nazvao &#8220;te\u0161kom \u017eenom&#8221;. Izgovorio je to kao da se podsmjehuje i mislim da je stvarno bio iznena\u0111en kada se nisam nasmijala. Umjesto toga, zurila sam u njega, ne ba\u0161 uzrujano, ali prili\u010dno neugodno. Ne smatram da je izraz potpuno uvredljiv, ali opisuje vrstu predrasude koja je slo\u017eena i dovoljno zbunjuju\u0107a da tu i tamo zaslu\u017euje\u00a0 preispitivanje vrijednosti.<\/p>\n<p>Kad sam mu to rekla, slegnuo je ramenima. &#8220;To nije uvreda,&#8221; pojasnio je.<\/p>\n<p>&#8220;Nisam niti rekla da jeste.&#8221;<\/p>\n<p>&#8220;Za\u0161to te onda uznemiruje?&#8221;&#8221;Stvarno ne razumijem \u0161to tebi zna\u010di etiketa &#8220;te\u0161ka&#8221;?<\/p>\n<p>Uzdahnuo je, a kad sam ga pogledala, bilo mi je jasno da ga moja pitanja zabrinjavaju.<\/p>\n<p>Mo\u017eda je mislio kako je sam sebe bez namjere uvukao u jednu od onih beskrajnih tirada o patrijarhatu, feminizmu ili \u010dak u jednu o politi\u010dkoj korektnosti. Ali nije se radilo uop\u0107e o tome. Moje pitanje bilo je jednostavno i jasno: \u017deljela sam znati za\u0161to je on pomislio da sam te\u0161ka \u017eena.<\/p>\n<p>&#8220;Ne znam. Nije ti lako ugoditi&#8221;, rekao je naposljetku. Sve je pomalo sklisko s tobom, kao da se stalno treba pretpostavljati ili prou\u010davati \u0161to re\u0107i jer bilo koje stanovi\u0161te te mo\u017ee povrijediti ili razbjesniti. Ti si&#8230; te\u0161ka za razumjeti.&#8221;<\/p>\n<p>Nisam odgovorila. Mentalno, zapitala sam se je li se moj prijatelj osvrnuo na moju sklonost argumentima, raspravama i debatama ili se radi o ne\u010dem dubljem, puno zamr\u0161enijem ili kako je sam rekao \u2013 te\u0161ko\u0107i.<\/p>\n<p>Bila sam donekle osupnuta jer se nikad nisam smatrala osobito agresivnom ili kontroverznom osobom. Ali, \u010dini li me to te\u0161kom? Ono \u0161to je moj prijatelj opisao bli\u017ee je krutom i nejasnom pojmu kojeg ne mogu definirati. O \u010demu zapravo razgovaramo?<\/p>\n<p>&#8220;Zna\u010di, o\u010dito sam&#8230; sklona polemikama?&#8221; Upitala sam.<\/p>\n<p>Slegnuo je ramenima. &#8220;Jesi, ali ne radi se o tome.&#8221;<\/p>\n<p>&#8220;Onda, o \u010demu se radi?&#8221;<\/p>\n<p>&#8220;Nije jednostavno objasniti. Ali ti si netko tko uvijek ima ne\u0161to za re\u0107i, prigovor i komentar na sve. Svaka ideja mora se raspraviti s tobom. Svaka&#8230;.&#8221;.<\/p>\n<p>Ti\u0161ina.<\/p>\n<p>Odjednom sam primijetila kako mu je neugodno kao i meni, kao da ga je izlaganje tog cijelog niza predod\u017ebi u\u010dinilo svjesnijim njihova zna\u010denja.<\/p>\n<p>&#8220;Mo\u017eda je to samo zbog navike&#8221;, objasnio mi je. &#8220;\u017dene su gotovo uvijek fleksibilnije, ljubaznije i manje agresivne.&#8221;<\/p>\n<p>&#8220;Zna\u010di ako nisam takva, to me \u010dini te\u0161kom?&#8221;<\/p>\n<p>&#8220;Barem \u010dudnom.&#8221;<\/p>\n<p>&#8220;Sad smo negdje stigli&#8221; &#8211; rekla sam sebi. U \u010ditavom nizu zastarjelih definicija o \u017eenama postoji neozna\u010deni pustinjski teritorij o onom \u0161to se smatra &#8220;pravim&#8221; i \u0161to je jo\u0161 vi\u0161e uznemiruju\u0107e, \u0161to se pretpostavlja da \u010dini \u017eensko.<\/p>\n<p>To nije nova misao. &#8220;\u017densko pitanje&#8221; po\u010delo se raspravljati u 19. stolje\u0107u. Drugim rije\u010dima, \u017eene &#8211; kao identitet i osobnost &#8211; po\u010dinju se shva\u0107ati kao &#8220;dru\u0161tveni problem&#8221;. Do tada, \u017eenski rod je bio minimaliziran maglovitim tuma\u010denjem neke vrste smu\u0161enog stvorenja bez odlu\u010dnosti, koje je podre\u0111eno mu\u0161koj volji. Tako je bilo unato\u010d napretku koji je napravljen tijekom Francuske revolucije sa \u017eenskim klubovima, mjestima okupljanja samo \u017eena, na kojima se raspravljalo o politici i kulturi \u017ee\u0161\u0107e nego u mu\u0161kom dru\u0161tvu.<\/p>\n<p>Me\u0111utim, smr\u0107u jednog od sponzora, izvrsnog filozofa Nicolasa de Condorceta, ti mali koraci napretka u pogledu \u017eenskog identiteta izblijedili su jo\u0161 jednom u povijesti. \u017dene &#8211; ili jo\u0161 pravilnije &#8211; njihova egzistencija ponovno su bile podvrgnute interpretaciji mu\u0161karaca i \u0161to je bilo jo\u0161 bolnije, osnovnom konceptu njezine uloge pomo\u0107nice kroz stolje\u0107a i desetlje\u0107a.<\/p>\n<p>No s ponovnim pojavljivanjem odre\u0111enih tema o ravnopravnosti tijekom 19. stolje\u0107a, &#8220;\u017eensko pitanje&#8221; pokazalo je kako je potrebno ponovno redefinirati \u017eensku osobnost. Mo\u017eda zbog toga \u0161to je Industrijska revolucija uni\u0161tila tradicionalni obiteljski \u017eivot, izvla\u010de\u0107i \u017eene iz kuhinja i sobica sa \u0161iva\u0107im ma\u0161inama, omogu\u0107uju\u0107i im da napreduju kao jedinke. Ili zbog jednostavne \u010dinjenice da siroma\u0161tvo gura kulturu prema pragmati\u010dnoj rekonstrukciji. Mogu\u0107e da se iz tog obnovljenog koncepta o \u017eenama, rodila &#8220;te\u0161ka \u017eena&#8221;.<\/p>\n<p>Ta percepcija o \u017eenama postoji posvuda i naslijedile smo ju iz velikih rasprava. Ona postaje stvarna kada pogledate oko sebe i shvatite da je &#8220;\u017eensko&#8221; pretvoreno u puno aspekata: sna\u017enu \u017eenu, poduzetni\u010dku \u017eenu, impresivnu \u017eenu, intelektualnu \u017eenu. Koncept tko smo, dio je svih dru\u0161tvenih ideja koje se isprepli\u0107u i kombiniraju da odrede zna\u010denje ne\u010demu \u0161to je puno vi\u0161e bitnije, osje\u0107ajnije i stvarnije.<\/p>\n<p>Mo\u017eda je dovoljna samo rije\u010d \u017eena. Prili\u010dno jednostavno, zar ne?<\/p>\n<p><a href=\"https:\/\/www.libela.org\/sa-stavom\/8981-kad-mi-kazu-da-sam-teska\/\">Libela<\/a><\/p>\n","protected":false},"excerpt":{"rendered":"<p>&#8220;\u017densko pitanje&#8221; po\u010delo se raspravljati u 19. stolje\u0107u. Drugim rije\u010dima, \u017eene &#8211; kao identitet i osobnost &#8211; po\u010dinju se shva\u0107ati kao &#8220;dru\u0161tveni problem&#8221;<\/p>\n","protected":false},"author":1,"featured_media":0,"comment_status":"open","ping_status":"closed","sticky":false,"template":"","format":"standard","meta":{"_seopress_robots_primary_cat":"","_seopress_titles_title":"","_seopress_titles_desc":"","_seopress_robots_index":"","_et_pb_use_builder":"","_et_pb_old_content":"","_et_gb_content_width":"","inline_featured_image":false,"footnotes":""},"categories":[5],"tags":[],"class_list":["post-233991","post","type-post","status-publish","format-standard","hentry","category-drugi-pisu"],"_links":{"self":[{"href":"https:\/\/www.pcnen.com\/portal\/wp-json\/wp\/v2\/posts\/233991","targetHints":{"allow":["GET"]}}],"collection":[{"href":"https:\/\/www.pcnen.com\/portal\/wp-json\/wp\/v2\/posts"}],"about":[{"href":"https:\/\/www.pcnen.com\/portal\/wp-json\/wp\/v2\/types\/post"}],"author":[{"embeddable":true,"href":"https:\/\/www.pcnen.com\/portal\/wp-json\/wp\/v2\/users\/1"}],"replies":[{"embeddable":true,"href":"https:\/\/www.pcnen.com\/portal\/wp-json\/wp\/v2\/comments?post=233991"}],"version-history":[{"count":0,"href":"https:\/\/www.pcnen.com\/portal\/wp-json\/wp\/v2\/posts\/233991\/revisions"}],"wp:attachment":[{"href":"https:\/\/www.pcnen.com\/portal\/wp-json\/wp\/v2\/media?parent=233991"}],"wp:term":[{"taxonomy":"category","embeddable":true,"href":"https:\/\/www.pcnen.com\/portal\/wp-json\/wp\/v2\/categories?post=233991"},{"taxonomy":"post_tag","embeddable":true,"href":"https:\/\/www.pcnen.com\/portal\/wp-json\/wp\/v2\/tags?post=233991"}],"curies":[{"name":"wp","href":"https:\/\/api.w.org\/{rel}","templated":true}]}}