{"id":233615,"date":"2017-09-25T08:07:08","date_gmt":"2017-09-25T06:07:08","guid":{"rendered":"http:\/\/www.pcnen.com\/portal\/?p=233615"},"modified":"2017-09-25T08:07:08","modified_gmt":"2017-09-25T06:07:08","slug":"francuski-poucak","status":"publish","type":"post","link":"https:\/\/www.pcnen.com\/portal\/2017\/09\/25\/francuski-poucak\/","title":{"rendered":"Francuski pou\u010dak"},"content":{"rendered":"<p><strong><a href=\"http:\/\/www.pcnen.com\/portal\/wp-content\/uploads\/2017\/09\/Heni-Erceg.jpg\"><img loading=\"lazy\" decoding=\"async\" class=\"alignleft size-medium wp-image-233616\" src=\"http:\/\/www.pcnen.com\/portal\/wp-content\/uploads\/2017\/09\/Heni-Erceg-300x220.jpg\" alt=\"Heni-Erceg\" width=\"300\" height=\"220\" \/><\/a>Autorka: Heni Erceg<\/strong><\/p>\n<p>Nitko iz vlasti i nije do\u0161ao na sprovod \u010dasnog \u010dovjeka druge Hrvatske, ali su zato Plenkovi\u0107evi ministri pohrlili na vjen\u010danje jednog opskurnog novinar\u010di\u0107a, svoga neformalnog ministra fa\u0161izma. I zato je hrvatski fa\u0161izam, umjesto epizodnog, sramnog posrnu\u0107a u dugoj povijesti jednog naroda, postao konstanta zajednice \u010diji faktor identifikacije ne mo\u017ee nikako biti Slavko Goldstein, nego onaj fa\u0161ist s hitlerovskim br\u010di\u0107ima.<\/p>\n<p>Namrgodio se sigurno toga 16. srpnja hrvatski premijer, a prezrivo je zafrktala i \u0161efica dr\u017eave, \u010duv\u0161i govor francuskog predsjednika Emmanuela Macrona pred \u010dlanovima vlade, pre\u017eivjelim logora\u0161ima, rabinima i gradona\u010delnicima, govor kojim je prekinuo 70-godi\u0161nji zavjet \u0161utnje i poricanje francuske odgovornosti za Vel\u2019 d\u2019Hiv, slu\u010daj progona iz 1942. vi\u0161e od 13 tisu\u0107a \u017didova od kojih je ve\u0107ina skon\u010dala u Auschwitzu, a me\u0111u njima i 4115 djece. Brojka, svakako, kudikamo manja od one stradalih Srba, \u017didova i komunista u hrvatskom Jasenovcu.<\/p>\n<p>\u201eOsu\u0111ujem sve smicalice onih koji danas govore da Vichy nije bio Francuska, nije naravno predstavljao cijeli francuski narod, ali jest bio vlast i administracija.\u201c Za zlo\u010din deportacije \u017didova, mahom izbjeglica koji su 1938. bje\u017eali pred nacizmom, Macron je zatim kazao klju\u010dnu re\u010denicu: \u201eNi jedan jedini Nijemac u tome nije sudjelovao\u201c. Ba\u0161 kao \u0161to ni u jasenova\u010dkom genocidu ni jedan jedini Nijemac nije sudjelovao. Macron se ne\u0107e libiti ni tvrdnje kako su njegovi prethodnici ovu, za francusku budu\u0107nost, va\u017enu temu namjerno falsificirali, tobo\u017ee zbog \u010duvanja nacionalnog jedinstva, la\u017enog dakako, jer se \u201eponos\u201c, ka\u017ee, \u201ene mo\u017ee graditi na la\u017ei\u201c. Duga povijest francuskog negiranja zlo\u010dina Vichyja, pa i Vel\u2019 d\u2019Hiva, od predsjednika De Gaullea do Mitterranda, tako je prekinuta, a slu\u017ebena se Francuska ne\u0107e pozivati na ostav\u0161tinu Vichyjevskog re\u017eima, a kamoli na glavnog komesara za \u017eidovska pitanja, Louisa Darquiera. Koji je pod za\u0161titom Francove \u0160panjolske samo dvije godine prije smrti 1980. javno tvrdio kako u Auschzwitzu nije bilo ljudskih \u017ertava, nego da su tamo od Ciklona B stradavale samo u\u0161i. Ba\u0161 kao \u0161to hrvatski Jasenovac, sada ve\u0107 skoro po slu\u017ebenom tuma\u010denju, nije bio logor za istrebljenje vi\u0161e od 80 tisu\u0107a \u201eneprijatelja\u201c re\u017eima, nego zgodno odmarali\u0161te s pogledom na Savu.<\/p>\n<p>A da je francuski pou\u010dak za hrvatsku politi\u010dku elitu tek prezira vrijedan dokazao je samo koji tjedan kasnije sam premijer sastankom s ekipom ordinarnih usta\u0161a, e kako bi upravo s njima dogovorio, to\u010dnije umilostivio ih da pristanu na kona\u010dno micanje one odvratne plo\u010de s usta\u0161kim pozdravom \u201eZa dom spremni\u201c iz neposredne blizine konclogora Jasenovac. Tim je skandaloznim susretom kona\u010dno ozakonjena opasna povijesna la\u017e, budu\u0107i da je ista plo\u010da, s istim znakovljem, samo premje\u0161tena nekoliko kilometara dalje. Naravno ponos svake civilizirane nacije, ne i Hrvatske, bio bi popljuvan cinizmom vlasti koja je spornu plo\u010du samo izmjestila, i to na mjesto kosturnice u kojoj se nalaze ostaci vi\u0161e stotina partizana, izginulih upravo u osloba\u0111anju Jasenovca. Spomenik je, kao i tri tisu\u0107e sli\u010dnih, miniran devedesetih, nikada nije obnovljen, ali se zato danas, milo\u0161\u0107u vlasti, nad kostima partizana ko\u010di plo\u010da s usta\u0161kim insignijama.<\/p>\n<p>Legalizacija usta\u0161tva nosi tako mu\u010dni potpis hrvatske vlade, dogovorom ustanovljenim za stolom s crnoko\u0161ulja\u0161kom dru\u017einom s kojom je premijer, eto, postigao dogovor da su fa\u0161isti\u010dka obilje\u017eja dobrodo\u0161la svugdje, osim u Jasenovcu. Jer tamo, ka\u017ee, \u201eba\u0161 i nije zgodno\u201c. Za tim je stolom u premijerovu uredu glavnu rije\u010d vodio stanoviti Marko Skejo, \u010diji se lik s hitlerovskim br\u010di\u0107ima na\u0161ao i na naslovnicima evropskih novina, raspredao je dakle \u0161ef vlade o pravu na fa\u0161izam s tim Skejom koji u javnim govorima ponavlja kako je \u201eizdajom dijela naroda ugu\u0161ena Nezavisna dr\u017eava Hrvatska, a hrvatski narod utonuo u najcnji komunisti\u010dki mrak\u201c. Odlu\u010divao je premijer o koli\u010dini fa\u0161izma sa spodobom kojoj je \u0161ef nekada\u0161nje krvave dr\u017eave Hrvatske \u201enajve\u0107i sin hrvatskog naroda koji je \u010dinio sve \u0161to je mogao za hrvatsku dr\u017eavu\u201c, i kojemu je logor Jasenovac bio \u201ebolnica otvorenog tipa u kojemu su stradavali samo dokazani neprijatelji hrvatske dr\u017eave\u201c.<\/p>\n<p>Mo\u017eemo li zamisliti da francuski predsjednik prima fa\u0161istu Louisa Darquiera, da je ovaj kojim slu\u010dajem \u017eiv, i s njim amenuje uspostavu fa\u0161isti\u010dkih obilje\u017eja diljem Francuske? No u nadle\u017enosti hrvatskog premijera nije briga za budu\u0107nost, nego za mra\u010dnu pro\u0161lost, pa je zato one koji bi imali biti marginalne radikalne skupine i revizionsti\u010dka sitne\u017e pretvorio u mainstream ove kontaminirane zajednice. Godinu dana od preuzimanja vlasti, ova administracija uspjela je samo u jednom: dodatno razjediniti Hrvatsku i gurnuti je jo\u0161 dublje u fa\u0161isti\u010dki glib. Zato \u0107e povodom smrti uglednog intelektualca Slavka Goldsteina predstavnik crkve morbidno napisati kako je radostan zbog te smrti, smrti \u010dovjeka koji je ustrajno poku\u0161avao vratiti naciji izgubljeno dostojanstvo. Bio je partizan, antifa\u0161ist, rasni publicist, zanesen propagiranjem civilizacijske vrijednosti antifa\u0161izma, odlu\u010dan u \u010destom spa\u0161avanju obraza Hrvatske pred svijetom. Zato nitko iz vlasti i nije do\u0161ao na sprovod \u010dasnog \u010dovjeka druge Hrvatske, ali su zato Plenkovi\u0107evi ministri pohrlili na vjen\u010danje jednog opskurnog novinar\u010di\u0107a, svoga neformalnog ministra fa\u0161izma. I zato je hrvatski fa\u0161izam, umjesto epizodnog, sramnog posrnu\u0107a u dugoj povijesti jednog naroda, postao konstanta zajednice \u010diji faktor identifikacije ne mo\u017ee nikako biti Slavko Goldstein, nego onaj fa\u0161ist s hitlerovskim br\u010di\u0107ima.<\/p>\n<p><a href=\"http:\/\/www.tacno.net\/zagreb\/francuski-poucak\/\">Ta\u010dno.net<\/a>\/<a href=\"http:\/\/www.mladina.si\/kolumne\/?c=68\">Mladina<\/a><\/p>\n","protected":false},"excerpt":{"rendered":"<p>    Legalizacija usta\u0161tva nosi tako mu\u010dni potpis hrvatske vlade, dogovorom ustanovljenim za stolom s crnoko\u0161ulja\u0161kom dru\u017einom s kojom je premijer, eto, postigao dogovor da su fa\u0161isti\u010dka obilje\u017eja dobrodo\u0161la svugdje, osim u Jasenovcu<\/p>\n","protected":false},"author":1,"featured_media":233616,"comment_status":"open","ping_status":"closed","sticky":false,"template":"","format":"standard","meta":{"_seopress_robots_primary_cat":"","_seopress_titles_title":"","_seopress_titles_desc":"","_seopress_robots_index":"","_et_pb_use_builder":"","_et_pb_old_content":"","_et_gb_content_width":"","inline_featured_image":false,"footnotes":""},"categories":[5],"tags":[],"class_list":["post-233615","post","type-post","status-publish","format-standard","has-post-thumbnail","hentry","category-drugi-pisu"],"_links":{"self":[{"href":"https:\/\/www.pcnen.com\/portal\/wp-json\/wp\/v2\/posts\/233615","targetHints":{"allow":["GET"]}}],"collection":[{"href":"https:\/\/www.pcnen.com\/portal\/wp-json\/wp\/v2\/posts"}],"about":[{"href":"https:\/\/www.pcnen.com\/portal\/wp-json\/wp\/v2\/types\/post"}],"author":[{"embeddable":true,"href":"https:\/\/www.pcnen.com\/portal\/wp-json\/wp\/v2\/users\/1"}],"replies":[{"embeddable":true,"href":"https:\/\/www.pcnen.com\/portal\/wp-json\/wp\/v2\/comments?post=233615"}],"version-history":[{"count":0,"href":"https:\/\/www.pcnen.com\/portal\/wp-json\/wp\/v2\/posts\/233615\/revisions"}],"wp:featuredmedia":[{"embeddable":true,"href":"https:\/\/www.pcnen.com\/portal\/wp-json\/wp\/v2\/media\/233616"}],"wp:attachment":[{"href":"https:\/\/www.pcnen.com\/portal\/wp-json\/wp\/v2\/media?parent=233615"}],"wp:term":[{"taxonomy":"category","embeddable":true,"href":"https:\/\/www.pcnen.com\/portal\/wp-json\/wp\/v2\/categories?post=233615"},{"taxonomy":"post_tag","embeddable":true,"href":"https:\/\/www.pcnen.com\/portal\/wp-json\/wp\/v2\/tags?post=233615"}],"curies":[{"name":"wp","href":"https:\/\/api.w.org\/{rel}","templated":true}]}}