{"id":232566,"date":"2017-09-04T07:51:03","date_gmt":"2017-09-04T05:51:03","guid":{"rendered":"http:\/\/www.pcnen.com\/portal\/?p=232566"},"modified":"2017-09-04T07:51:03","modified_gmt":"2017-09-04T05:51:03","slug":"zdravstvene-prednosti-brade","status":"publish","type":"post","link":"https:\/\/www.pcnen.com\/portal\/2017\/09\/04\/zdravstvene-prednosti-brade\/","title":{"rendered":"Zdravstvene prednosti brade"},"content":{"rendered":"<p><a href=\"http:\/\/www.pcnen.com\/portal\/wp-content\/uploads\/2016\/02\/brada.jpg\"><img loading=\"lazy\" decoding=\"async\" class=\"alignleft size-medium wp-image-198834\" src=\"http:\/\/www.pcnen.com\/portal\/wp-content\/uploads\/2016\/02\/brada-300x220.jpg\" alt=\"brada\" width=\"300\" height=\"220\" \/><\/a>Bez obzira na tvrdnje da brade vi\u0161e nisu moderne i da &#8220;jednostavno vi\u0161e nisu kul&#8221;, mnogi mu\u0161karci ih i dalje nose, a najnovija istra\u017eivanja pokazuju da brada donosi i brojne zdravstvene prednosti.<\/p>\n<p>Rezultati studije koju su sproveli istra\u017eiva\u010di s Univerziteta Kvinslend pokazali su da brada \u0161titi mu\u0161karce od \u0161tetnih UV zraka \u010dak 90-95 odsto i da je njen &#8220;za\u0161titni faktor&#8221; 21.<\/p>\n<p>&#8220;Naravno, brada vas ne\u0107e za\u0161tititi koliko i kreme sa za\u0161titnim faktorima, ali je sigurno da \u0107e blokirati dio \u0161tetnih UV zraka&#8221;, naveo je profesor Parisi koji je autor studije.<\/p>\n<p>Tako\u0111e isti\u010de da ni\u017ea izlo\u017eenost zra\u010denju zna\u010di da brada mo\u017ee usporiti starenje jer, izme\u0111u ostalog, \u0161titi ko\u017eu i od stvaranja bora. Istra\u017eiva\u010di poru\u010duju da to zna\u010di i manji rizik od raka ko\u017ee.<\/p>\n<p>&#8220;Izlaganje suncu glavni je uzrok o\u0161te\u0107enja ko\u017ee i prema tome tvrdnja da brada \u0161titi ko\u017eu od starenja ima smisla. To zna\u010di manje bora i stara\u010dkih pjega koje se \u010desto pojavljuju na licu&#8221;, rekao je doktor Adam Fridman.<\/p>\n<p>Klix.ba<\/p>\n","protected":false},"excerpt":{"rendered":"<p>Bez obzira na tvrdnje da brade vi\u0161e nisu moderne i da &#8220;jednostavno vi\u0161e nisu kul&#8221;, mnogi mu\u0161karci ih i dalje nose, a najnovija istra\u017eivanja pokazuju da brada donosi i brojne zdravstvene prednosti. Rezultati studije koju su sproveli istra\u017eiva\u010di s Univerziteta Kvinslend pokazali su da brada \u0161titi mu\u0161karce od \u0161tetnih UV zraka \u010dak 90-95 odsto i [&hellip;]<\/p>\n","protected":false},"author":1,"featured_media":0,"comment_status":"open","ping_status":"closed","sticky":false,"template":"","format":"standard","meta":{"_seopress_robots_primary_cat":"","_seopress_titles_title":"","_seopress_titles_desc":"","_seopress_robots_index":"","_et_pb_use_builder":"","_et_pb_old_content":"","_et_gb_content_width":"","inline_featured_image":false,"footnotes":""},"categories":[8],"tags":[],"class_list":["post-232566","post","type-post","status-publish","format-standard","hentry","category-svastara"],"_links":{"self":[{"href":"https:\/\/www.pcnen.com\/portal\/wp-json\/wp\/v2\/posts\/232566","targetHints":{"allow":["GET"]}}],"collection":[{"href":"https:\/\/www.pcnen.com\/portal\/wp-json\/wp\/v2\/posts"}],"about":[{"href":"https:\/\/www.pcnen.com\/portal\/wp-json\/wp\/v2\/types\/post"}],"author":[{"embeddable":true,"href":"https:\/\/www.pcnen.com\/portal\/wp-json\/wp\/v2\/users\/1"}],"replies":[{"embeddable":true,"href":"https:\/\/www.pcnen.com\/portal\/wp-json\/wp\/v2\/comments?post=232566"}],"version-history":[{"count":0,"href":"https:\/\/www.pcnen.com\/portal\/wp-json\/wp\/v2\/posts\/232566\/revisions"}],"wp:attachment":[{"href":"https:\/\/www.pcnen.com\/portal\/wp-json\/wp\/v2\/media?parent=232566"}],"wp:term":[{"taxonomy":"category","embeddable":true,"href":"https:\/\/www.pcnen.com\/portal\/wp-json\/wp\/v2\/categories?post=232566"},{"taxonomy":"post_tag","embeddable":true,"href":"https:\/\/www.pcnen.com\/portal\/wp-json\/wp\/v2\/tags?post=232566"}],"curies":[{"name":"wp","href":"https:\/\/api.w.org\/{rel}","templated":true}]}}