{"id":232392,"date":"2017-09-01T07:00:43","date_gmt":"2017-09-01T05:00:43","guid":{"rendered":"http:\/\/www.pcnen.com\/portal\/?p=232392"},"modified":"2017-08-31T11:43:38","modified_gmt":"2017-08-31T09:43:38","slug":"fasizam-u-ime-patriotizma","status":"publish","type":"post","link":"https:\/\/www.pcnen.com\/portal\/2017\/09\/01\/fasizam-u-ime-patriotizma\/","title":{"rendered":"Fa\u0161izam u ime patriotizma!"},"content":{"rendered":"<p><strong>Autor: Edin Osman\u010devi\u0107 <\/strong><\/p>\n<p><a href=\"http:\/\/www.pcnen.com\/portal\/wp-content\/uploads\/2017\/08\/islam-nacizam.jpg\"><img loading=\"lazy\" decoding=\"async\" class=\"size-full wp-image-232393 alignleft\" src=\"http:\/\/www.pcnen.com\/portal\/wp-content\/uploads\/2017\/08\/islam-nacizam.jpg\" alt=\"islam-nacizam\" width=\"300\" height=\"220\" \/><\/a>Ideje desni\u010dara u liku neobo\u0161nja\u0161tva jednako su opasne i pogubne za suverenitet i dr\u017eavnost Bosne i Hercegovine koliko i ideje velike Srbije i Hrvatske. Posljednji doga\u0111aji poput imenovanja osnove \u0161kole u prigradskom naselju Dobro\u0161evi\u0107i po Mustafi Busulajd\u017ei\u0107u, deklariranom fa\u0161isti usta\u0161oidno-endehaovske provenijencije, jednom od ideologa Mladih muslimana, dokazanom antisemiti i distributeru nacisti\u010dke ideologije i propagande, koga je vojni sud nakon oslobo\u0111enja Sarajeva osudio na smrt kao suradnika okupatora, a onda i strijeljao u no\u0107i 29. lipnja 1945., te ideje koju je putem svog privatnog Facebook-profila plasirao mladi vije\u0107nik sarajevske Op\u0107ine Stari Grad i \u010dlan vladaju\u0107e Stranke demokratske akcije, Tarik Dautovi\u0107 ukazuje na pojavu jednog novog vala bo\u0161nja\u010dkih desni\u010dara, \u2018nove generacije Bo\u0161njaka\u2019. Tragedija je tim ve\u0107a \u0161to pojedini bo\u0161nja\u010dki intelektualci \u201dpod pla\u0161tom za\u0161tite bo\u0161nja\u010dkog interesa\u201d u tome ne vide ni\u0161ta sporno ohrabruju\u0107i desni\u010dare \u010dime nanose ogromnu \u0161tetu vlastitom narodu.<\/p>\n<p>Ovakva ideologija upravo stvara plodno tlo za otjelotvorenje politike ratnih zlo\u010dinaca Milo\u0161evi\u0107a, Tu\u0111mana, Karad\u017ei\u0107a, Mladi\u0107a i sl. Ba\u0161 kao i 90-ih kad su ti isti svijetu slali poruke poput; \u201cMi ne\u0107emo da \u017eivimo sa njima\u201d ili \u201cHo\u0107emo da uni\u0161timo islamsku opasnost u Evropi\u201d . Rabljenje islama kao religije dobrodo\u0161lo je onim politikama u Evropi koje su upravo to htjele \u010duti kao opravdanje na njihovu indiferentnost stvaranja najve\u0107e klaonice poslije II. svjetskog rata, a kako im ni to nije bilo dovoljno, uveli su nam i embargo na oru\u017eje. Posljednje izjave ministra inostranih poslova Austrije Kurtza ili \u010de\u0161kog predsjednika Milo\u0161a Zemana o tome da BiH \u201cmo\u017ee postati baza terorista u Evropi\u201d ne trebaju nas iznena\u0111ivati ve\u0107 ozbiljno zabrinuti! One dolaze ba\u0161 u vrijeme kada su bo\u0161nja\u010dki desni\u010dari najglasniji!<\/p>\n<p>I Milo\u0161evi\u0107 i Tu\u0111man su znala\u010dki razbijali Republiku Bosnu i Hercegovinu svjesno rabe\u0107i islam kao religiju i sastavni dio svojih agresivnih i genocidnih pohoda na Bosnu. Milo\u0161evi\u0107 je znao da u su\u0161tini kr\u0161\u0107anska Evropa ima svoje predrasude i lo\u0161e iskustvo sa islamom koje je proizilazilo i izme\u0111u ostalog u averziji prema agresorskoj religiji suo\u010denoj o\u010di u o\u010di sa Otomanskom imperijom ali i strahu, koji je Evropa izgradila u odbrani pred Turcima. Milo\u0161evi\u0107 je tako\u0111e sve u\u010dinio da u Bosni favorizuje politi\u010dki program i politi\u010dare koji \u0107e se uklopiti u njegovu antibosansku propagandu i kasnije genocidnu i osvaja\u010dku politiku. Prisjetimo se i njegove otvorene podr\u0161ke Izetbegovi\u0107u u procesu protiv Mladih muslimana, podr\u0161ke prilikom pu\u0161tanja iz zatvora, objavljivanju njegove knjige \u201cIslamska deklaracija\u201d u Beogradu, podr\u0161ke srpskih akademika ali i kasnijih tvoraca SANU programa. Iz istih razloga je podr\u017eao u Hrvatskoj prousta\u0161ku politiku osvjedo\u010denu u liku Tu\u0111mana sa kojim je kasnije dogovorno ratovao preko le\u0111a Bosne i Hercegovine. Skretanje pa\u017enje na \u201cislamski fundamentalizam\u201d zna\u010dilo je i zanemarivanje ili prikrivanje \u201dpravoslavnog fundamentalizma ili pak katoli\u010dkog\u201d.<\/p>\n<p>Evropi je dakle u agresiji na Bosnu i Hercegovinu i genocidu jako trebala dr\u017eava sa \u201dislamskim imid\u017eom\u201d kako bi sve \u010dinila da ni\u0161ta ne u\u010dini i opravda se u genocidu po\u010dinjenom nad Bo\u0161njacima.<\/p>\n<p>Gre\u0161ke napravljene u pro\u0161losti, Bo\u0161njaci ne smiju ponoviti slijepo nasjedaju\u0107i igrama neofa\u0161ista i nacional-\u0161ovinista iz svojih vlastitih redova! Zbog ovakve opasnosti antifa\u0161izam nema drugu alternativu i kao ideja i univerzalna vrijednost humanizma mora se graditi na \u0161irokom frontu bez nacionalnih granica!<\/p>\n<p><a href=\"http:\/\/www.tacno.net\/novosti\/fasizam-u-ime-patriotizma\/\" target=\"_blank\">Ta\u010dno.net<\/a><\/p>\n","protected":false},"excerpt":{"rendered":"<p>Gre\u0161ke napravljene u pro\u0161losti, Bo\u0161njaci ne smiju ponoviti slijepo nasjedaju\u0107i igrama neofa\u0161ista i nacional-\u0161ovinista iz svojih vlastitih redova! <\/p>\n","protected":false},"author":1,"featured_media":0,"comment_status":"open","ping_status":"closed","sticky":false,"template":"","format":"standard","meta":{"_seopress_robots_primary_cat":"","_seopress_titles_title":"","_seopress_titles_desc":"","_seopress_robots_index":"","_et_pb_use_builder":"","_et_pb_old_content":"","_et_gb_content_width":"","inline_featured_image":false,"footnotes":""},"categories":[5],"tags":[],"class_list":["post-232392","post","type-post","status-publish","format-standard","hentry","category-drugi-pisu"],"_links":{"self":[{"href":"https:\/\/www.pcnen.com\/portal\/wp-json\/wp\/v2\/posts\/232392","targetHints":{"allow":["GET"]}}],"collection":[{"href":"https:\/\/www.pcnen.com\/portal\/wp-json\/wp\/v2\/posts"}],"about":[{"href":"https:\/\/www.pcnen.com\/portal\/wp-json\/wp\/v2\/types\/post"}],"author":[{"embeddable":true,"href":"https:\/\/www.pcnen.com\/portal\/wp-json\/wp\/v2\/users\/1"}],"replies":[{"embeddable":true,"href":"https:\/\/www.pcnen.com\/portal\/wp-json\/wp\/v2\/comments?post=232392"}],"version-history":[{"count":0,"href":"https:\/\/www.pcnen.com\/portal\/wp-json\/wp\/v2\/posts\/232392\/revisions"}],"wp:attachment":[{"href":"https:\/\/www.pcnen.com\/portal\/wp-json\/wp\/v2\/media?parent=232392"}],"wp:term":[{"taxonomy":"category","embeddable":true,"href":"https:\/\/www.pcnen.com\/portal\/wp-json\/wp\/v2\/categories?post=232392"},{"taxonomy":"post_tag","embeddable":true,"href":"https:\/\/www.pcnen.com\/portal\/wp-json\/wp\/v2\/tags?post=232392"}],"curies":[{"name":"wp","href":"https:\/\/api.w.org\/{rel}","templated":true}]}}