{"id":232109,"date":"2017-08-25T10:01:29","date_gmt":"2017-08-25T08:01:29","guid":{"rendered":"http:\/\/www.pcnen.com\/portal\/?p=232109"},"modified":"2017-08-25T10:01:29","modified_gmt":"2017-08-25T08:01:29","slug":"koliko-dugo-treba-piti-antibiotike","status":"publish","type":"post","link":"https:\/\/www.pcnen.com\/portal\/2017\/08\/25\/koliko-dugo-treba-piti-antibiotike\/","title":{"rendered":"Koliko dugo treba piti antibiotike?"},"content":{"rendered":"<p><a href=\"http:\/\/www.pcnen.com\/portal\/wp-content\/uploads\/2012\/11\/antibiotik.jpg\"><img loading=\"lazy\" decoding=\"async\" src=\"http:\/\/www.pcnen.com\/portal\/wp-content\/uploads\/2012\/11\/antibiotik.jpg\" alt=\"antibiotik\" width=\"252\" height=\"171\" class=\"alignleft size-full wp-image-99902\" \/><\/a>Nova saznanja u vezi sa upotrebom antibiotika sti\u017eu iz Engleske, nakon istra\u017eivanja koje je obuhvatilo hiljadu pacijenata.<\/p>\n<p>Nau\u010dnici Univerziteta u Sauthemptonu su saop\u0161tili da bi ljekari trebalo da upozore pacijente da pri\u010dekaju dva dana prije nego \u0161to po\u010dnu sa uzimanjem prepisanih antibiotika, kao i da ne bi trebalo da ih uzimaju du\u017ee od pet dana.<\/p>\n<p>Britanski istra\u017eiva\u010di ovo tvrde nakon istra\u017eivanja koje su sproveli, a koje je obuhvatilo hiljadu pacijenata koji su imali probleme sa grlom.<\/p>\n<p>Odlaganje po\u010detka terapije antibioticima za dva dana mo\u017ee da smanji koli\u010dinu upotrebljenih lijekova, a koje \u010desto uzimamo vi\u0161e nego \u0161to nam je zaista potrebno, kao i da na taj na\u010din redukujemo rastu\u0107u prijetnju bakterija otpornih na antibiotike.<\/p>\n<p>Preveliki broj prepisanih antibiotika \u010dini bakterije imunim, pa nastaju takozvane superbakterije, koje su smrtonosne.<\/p>\n<p>Puno infekcija grla ra\u0161\u010disti se samo od sebe, bez uzimanja lijeka &#8211; navode nau\u010dnici.<\/p>\n<p>Pri tome se pacijenti, ako imaju recept, osje\u0107aju sigurno, jer u svakom trenutku mogu podi\u0107i svoj lijek bez novog odlaska doktoru.<\/p>\n<p>Druga studija, sprovedena na Univerzitetima Oksforda i Saseks, pokazala je da antibiotike treba piti samo pet, a ne deset, koliko savjetuje ve\u0107ina ljekara.<\/p>\n<p>MONDO.RS<\/p>\n","protected":false},"excerpt":{"rendered":"<p>Nova saznanja u vezi sa upotrebom antibiotika sti\u017eu iz Engleske, nakon istra\u017eivanja koje je obuhvatilo hiljadu pacijenata. Nau\u010dnici Univerziteta u Sauthemptonu su saop\u0161tili da bi ljekari trebalo da upozore pacijente da pri\u010dekaju dva dana prije nego \u0161to po\u010dnu sa uzimanjem prepisanih antibiotika, kao i da ne bi trebalo da ih uzimaju du\u017ee od pet dana. [&hellip;]<\/p>\n","protected":false},"author":1,"featured_media":0,"comment_status":"open","ping_status":"closed","sticky":false,"template":"","format":"standard","meta":{"_seopress_robots_primary_cat":"","_seopress_titles_title":"","_seopress_titles_desc":"","_seopress_robots_index":"","_et_pb_use_builder":"","_et_pb_old_content":"","_et_gb_content_width":"","inline_featured_image":false,"footnotes":""},"categories":[8],"tags":[],"class_list":["post-232109","post","type-post","status-publish","format-standard","hentry","category-svastara"],"_links":{"self":[{"href":"https:\/\/www.pcnen.com\/portal\/wp-json\/wp\/v2\/posts\/232109","targetHints":{"allow":["GET"]}}],"collection":[{"href":"https:\/\/www.pcnen.com\/portal\/wp-json\/wp\/v2\/posts"}],"about":[{"href":"https:\/\/www.pcnen.com\/portal\/wp-json\/wp\/v2\/types\/post"}],"author":[{"embeddable":true,"href":"https:\/\/www.pcnen.com\/portal\/wp-json\/wp\/v2\/users\/1"}],"replies":[{"embeddable":true,"href":"https:\/\/www.pcnen.com\/portal\/wp-json\/wp\/v2\/comments?post=232109"}],"version-history":[{"count":0,"href":"https:\/\/www.pcnen.com\/portal\/wp-json\/wp\/v2\/posts\/232109\/revisions"}],"wp:attachment":[{"href":"https:\/\/www.pcnen.com\/portal\/wp-json\/wp\/v2\/media?parent=232109"}],"wp:term":[{"taxonomy":"category","embeddable":true,"href":"https:\/\/www.pcnen.com\/portal\/wp-json\/wp\/v2\/categories?post=232109"},{"taxonomy":"post_tag","embeddable":true,"href":"https:\/\/www.pcnen.com\/portal\/wp-json\/wp\/v2\/tags?post=232109"}],"curies":[{"name":"wp","href":"https:\/\/api.w.org\/{rel}","templated":true}]}}