{"id":232009,"date":"2017-08-23T12:48:50","date_gmt":"2017-08-23T10:48:50","guid":{"rendered":"http:\/\/www.pcnen.com\/portal\/?p=232009"},"modified":"2017-08-23T13:53:55","modified_gmt":"2017-08-23T11:53:55","slug":"znali-smo","status":"publish","type":"post","link":"https:\/\/www.pcnen.com\/portal\/2017\/08\/23\/znali-smo\/","title":{"rendered":"Znali smo"},"content":{"rendered":"<p>Ima jedna knjiga i u njoj tekst Esada Ko\u010dana \u201eZnali ste\u201c. U njemu on ka\u017ee samo ono \u0161to znam da su svi znali, ali se sad pravimo da nijesmo znali, a odnosi se na rat u BiH. <\/p>\n<p>Znali smo i za silovanja, i etni\u010dka \u010di\u0161\u0107enja, i logore, i masakre nad civilima \u2013 \u017eenom i djecom, i za izgladnjavanje stanovni\u0161tva u opsadi, i za plansko i sistematsko ubijanje i istrebljenje&#8230; <\/p>\n<p>Znali smo i podr\u017eavali smo, u\u010destvovali u svemu. \u0160to direktno, \u0161to indirektno.<\/p>\n<p>Sad nam jedino preostaje da relavitizujemo podr\u017eavani fa\u0161izam, \u0161to i radimo. \u201eSvi su krivi, u ratu nema nevinih\u201c  je mantra koju sada ponavljamo. <\/p>\n<p>U oplja\u010dkanoj i uni\u0161tenoj dr\u017eavi krali su skoro svi koji su bili u prilici da kradu. A idealna prilika za kra\u0111u je da se zna\u0161 sa mo\u0107nim vladaju\u0107im porodicama, ili da im slu\u017ei\u0161. <\/p>\n<p>Jer u Crnoj Gori ne vladaju partije. Partija je krinka. Vladaju mo\u0107ne mafija\u0161ke porodice \u010dije su pokri\u0107e pseudopartije. Znali smo i znamo to, samo se pravimo da ne znamo. Svi. <\/p>\n<p>Kum, \u0161kolski drug, advokat, tjelohranitelj, voza\u010d, skiper na jahti mo\u0107nih mafija\u0161kih porodica &#8211; dovoljno je da postane\u0161 milioner, koji je, normalno, oplja\u010dkao te milione. Samo ako ho\u0107e\u0161 da krade\u0161. A ako si primljen u mafija\u0161ku porodicu, sve da ho\u0107e\u0161 ne mo\u017ee\u0161 ostati po\u0161ten i da ne krade\u0161. To su pravila. \u0106utanja. Progovori se tek kada padne\u0161.<\/p>\n<p>Ve\u0107 du\u017ee od godinu \u010ditamo \u0161to i koliko je druga mafija\u0161ka porodica \u2013 po soptvenom priznanju mafija\u0161ka, pokrala. Plja\u010dkali su sve \u017eivo. I mrtvo. Ugra\u0111ivali se u sve \u017eivo. I mrtvo. <\/p>\n<p>Samo isplivavaju poslovni prostori, zgrade, stanovi, jahte, skriveni i neskriveni ra\u010duni, obilaznice i zaobilaznice, akva parkovi, tenderi i agende. <\/p>\n<p>Ne desetine ve\u0107 stotine miliona je dokazano oplja\u010dkao \u0161ef druge kriminalne porodice sa svojim ro\u0111acima, saradnicima, gradona\u010delnicima, savjetnicima, skiperima&#8230; i ko ti zna sa kim sve jo\u0161. <\/p>\n<p>Stotine miliona u jadnu, siroma\u0161nu, i potpuno uni\u0161tenu Crnu Goru koja nema osnovna sredstva &#8211; ni brenta\u010da \u010dak, za ga\u0161enje po\u017eara. A kamoli aviona. Tako nam sve izgore. \u0160to nije oplja\u010dkano ili prodato \u201estrate\u0161kim partnerima\u201c.<\/p>\n<p>A koliko je tek oplja\u010dkala prva porodica &#8211; bos nad bosovima, sa kumovima mu, \u0161kolskim drugovima, tjelohraniteljima, voza\u010dima, ljubavnicama, batlerima&#8230;? Milijardu? Preko mo\u017eda? <\/p>\n<p>U ovakvoj bijednoj Crnoj Gori u kojoj ni dr\u017eava ni roditelji nemaju za lije\u010denje djece. <\/p>\n<p>I svi to znamo, ali se pravimo da ne znamo.<\/p>\n<p>Tobo\u017ee se na trenutak zgrozimo kad vidimo bosa kako u Titovom kadilaku potro\u0161i za sat vi\u0161e od na\u0161e mjese\u010dne plate, a to je hiljaditi dio \u201eLimenke\u201c. Ili KAP-a npr. <\/p>\n<p>Samo jedna uobi\u010dajna Bosova \u201e\u017euraja\u201c sa \u201eposlovnim partnerima\u201c, kurvama, bijelim ili \u017eutim, i ostalim perverzijama ko\u0161ta nekoliko na\u0161ih godi\u0161njih plata. <\/p>\n<p>I to znate, ali \u0107ete se vi groziti mog prostog re\u010dnika a ne onoga \u0161to vam on i oni rade. Ne samo od vas, ve\u0107 i od va\u0161ih k\u0107erki, potomaka.<\/p>\n<p>\u201eIntelektualci\u201c \u0161ute ili podr\u017eavaju mafiju za napojnicu od njih. Ili za sno\u0161aj islu\u017eene im kurve &#8211; \u201emenekenke\u201c. Ili za bijedno namje\u0161tenje. Ili&#8230; <\/p>\n<p>Novinari (ve\u0107ina) su medijska podr\u0161ka prve mafija\u0161ke porodice, a policija, tu\u017eila\u0161tvo i sudstvo njen prvi, \u201emeki\u201c e\u0161alon odbrane. <\/p>\n<p>Drugi, brutalni e\u0161alon su kriminalci, profesionalne ubice i batina\u0161i, te \u201eheroji\u201c sa rati\u0161ta. Oni \u201eheroji\u201c u koje ste se koliko do ju\u010de kleli, a mnogi od vas im se i danas prosto dive.<\/p>\n<p>Iznad svih njih, u odbrani mafije i mafija\u0161kih porodica zaogrnutih u partiju stoje \u201ena\u0161i me\u0111unarodni prijatelji\u201c koji nas preko njih u\u010de \u201epo\u0161tovanju zapadnih vrijednosti, vladavini prava, demokratiji\u201c. <\/p>\n<p>Zato takvi i kada dolaze kod nas da nam odaju priznanje za \u201euspje\u0161en evropski i euroatlanski put\u201c ulice moraju biti prazne, a pretorijanska garda blokira sve u vidokrugu visokog gosta.<\/p>\n<p>Sjutra kada se sve ovo sru\u0161i kao kula od karata, govori\u0107emo opet da nijesmo znali, a znali smo. Dobro smo znali. <\/p>\n<p>Govori\u0107emo i kako smo uvijek bili protiv, a pravda\u0107emo se i time kako ni ostali nijesu mnogo bolji.<\/p>\n<p>Krivce \u0107emo kao uvijek tra\u017eiti u drugima, nikada u nama samim.<\/p>\n","protected":false},"excerpt":{"rendered":"<p>Ima jedna knjiga i u njoj tekst Esada Ko\u010dana \u201eZnali ste\u201c. U njemu on ka\u017ee samo ono \u0161to znam da su svi znali, ali se sad pravimo da nijesmo znali, a odnosi se na rat u BiH. Znali smo i za silovanja, i etni\u010dka \u010di\u0161\u0107enja, i logore, i masakre nad civilima \u2013 \u017eenom i djecom, [&hellip;]<\/p>\n","protected":false},"author":12,"featured_media":0,"comment_status":"open","ping_status":"closed","sticky":false,"template":"","format":"standard","meta":{"_seopress_robots_primary_cat":"","_seopress_titles_title":"","_seopress_titles_desc":"","_seopress_robots_index":"","_et_pb_use_builder":"","_et_pb_old_content":"","_et_gb_content_width":"","inline_featured_image":false,"footnotes":""},"categories":[17],"tags":[],"class_list":["post-232009","post","type-post","status-publish","format-standard","hentry","category-blogovi"],"_links":{"self":[{"href":"https:\/\/www.pcnen.com\/portal\/wp-json\/wp\/v2\/posts\/232009","targetHints":{"allow":["GET"]}}],"collection":[{"href":"https:\/\/www.pcnen.com\/portal\/wp-json\/wp\/v2\/posts"}],"about":[{"href":"https:\/\/www.pcnen.com\/portal\/wp-json\/wp\/v2\/types\/post"}],"author":[{"embeddable":true,"href":"https:\/\/www.pcnen.com\/portal\/wp-json\/wp\/v2\/users\/12"}],"replies":[{"embeddable":true,"href":"https:\/\/www.pcnen.com\/portal\/wp-json\/wp\/v2\/comments?post=232009"}],"version-history":[{"count":0,"href":"https:\/\/www.pcnen.com\/portal\/wp-json\/wp\/v2\/posts\/232009\/revisions"}],"wp:attachment":[{"href":"https:\/\/www.pcnen.com\/portal\/wp-json\/wp\/v2\/media?parent=232009"}],"wp:term":[{"taxonomy":"category","embeddable":true,"href":"https:\/\/www.pcnen.com\/portal\/wp-json\/wp\/v2\/categories?post=232009"},{"taxonomy":"post_tag","embeddable":true,"href":"https:\/\/www.pcnen.com\/portal\/wp-json\/wp\/v2\/tags?post=232009"}],"curies":[{"name":"wp","href":"https:\/\/api.w.org\/{rel}","templated":true}]}}