{"id":231874,"date":"2017-08-21T08:00:14","date_gmt":"2017-08-21T06:00:14","guid":{"rendered":"http:\/\/www.pcnen.com\/portal\/?p=231874"},"modified":"2017-08-20T21:45:32","modified_gmt":"2017-08-20T19:45:32","slug":"americki-rasizam-i-trumpov-idiotizam","status":"publish","type":"post","link":"https:\/\/www.pcnen.com\/portal\/2017\/08\/21\/americki-rasizam-i-trumpov-idiotizam\/","title":{"rendered":"Ameri\u010dki rasizam i Trumpov idiotizam"},"content":{"rendered":"<p><strong>Autor: Drago Pilsel <\/strong><\/p>\n<p><a href=\"http:\/\/www.pcnen.com\/portal\/wp-content\/uploads\/2015\/11\/drago-pilsel.jpg\"><img loading=\"lazy\" decoding=\"async\" src=\"http:\/\/www.pcnen.com\/portal\/wp-content\/uploads\/2015\/11\/drago-pilsel-450x330.jpg\" alt=\"drago pilsel\" width=\"450\" height=\"330\" class=\"aligncenter size-large wp-image-193096\" \/><\/a>Ameri\u010dki predsjednik Donald Trump u ponedjeljak 14. kolovoza ipak je bio prisiljen o\u0161tro osuditi \u201drasisti\u010dko nasilje\u201d u kojemu je u subotu u Charlottesvilleu jedna osoba poginula, a dvadesetak je ozlije\u0111eno, osudiv\u0161i \u201dbjela\u010dke suprematiste, KKK i neonaciste\u201d \u010dije su vrijednosti protivne ameri\u010dkima.<\/p>\n<p>\u201dRasizam je zlo\u201d, istaknuo je Donald Trump kojemu su bile upu\u0107ene salve kritika zbog toga \u0161to nije jasno osudio nasilje ekstremnih desni\u010dara u svojoj prvoj izjavio o tom pitanju koju je dao u subotu. \u201dSvi koji su u rasisti\u010dkom nasilju ovog vikenda po\u010dinili kaznena djela morat \u0107e za to odgovarati na sudu, pravda se mora zadovoljiti\u201d, rekao je u kratkoj izjavi u Bijeloj ku\u0107i. \u201dBez obzira na boju ko\u017ee, svi \u017eivimo s istim zakonima i po\u0161tujemo istu zastavu\u201d, dodao je. \u201dOni koji u njezino ime pose\u017eu za nasiljem kriminalci su i lupe\u017ei, me\u0111u njima KKK, neonacisti i bjela\u010dki suprematisti (\u2026) koji se protive svemu \u0161to je nama Amerikancima sveto\u201d, rekao je.<\/p>\n<p>Ameri\u010dki predsjednik je u svojoj izjavi u golferskom odmarali\u0161tu u Bedminstreu u New Jerseyju u subotu osudio nasilje, ali je rekao da odgovornost \u201ddolazi s vi\u0161e strana\u201d. I to je izazvalo salvu negativnih reakcija, jer je tridesetdvogodi\u0161nja \u017eena poginula u Charlottesvilleu kada se simpatizer neonacizma James Fields zaletio automobilom u protuprosvjednike. Sudac mu je u ponedjeljak odredio pritvor na neodre\u0111eno vrijeme.<\/p>\n<p>Pojasnimo ukratko \u0161to je bio povod neredima. Rasisti i ekstremni desni\u010dari imali su za cilj protestirati protiv odluke op\u0107inskih vlasti Charlottesvillea (a odluku je privremeno bila zaustavila sudska vlast) da se makne spomenik generalu Robert E. Leeju.<\/p>\n<p>Taj zapovjednik konfederalnih, dakle ju\u017enja\u010dkih, snaga u ameri\u010dkom Gra\u0111anskom ratu (\u017eivio je od 1807. do 1870.) smatran je simbolom politike koja \u017eali za gubitkom rata, pa tako i za nivelacijom rasa, jer je kraj rata donio slobodu stanovnicima afri\u010dke rase.<\/p>\n<p>Sukob ukazuje na velike rane dru\u0161tva u kojem bijelci i crnci nastavljaju \u017eivjeti razdvojeni, \u0161to je poja\u010dano velikim socio-ekonomskim barijerama. Ideja o postrasnoj Americi, koja se pojavila dolaskom Baracka Obame u Bijelu ku\u0107u, bila je zapravo iluzija, jer je Obama svoja dva mandata pro\u017eivio udaran mnogobrojnim rasnim incidentima koji su podsjetili na krhkost zemlje.<\/p>\n<p>Sve je ve\u0107i broj analiti\u010dara koji upozoravaju da je ameri\u010dko dru\u0161tvo tempirana bomba pogotovo jer kod bijelih rasista raste bojazan od \u010dinjenice, vrlo realne, da \u0107e bijelci uskoro biti manjina u SAD-u.<\/p>\n<p>Gradona\u010delnik Charlottesvillea, demokrat Mike Signer, optu\u017eio je predsjednika Trumpa da poti\u010de rasiste prozvav\u0161i ga da je i njegova predizborna kampanja hranila takve snage.<\/p>\n<p>I, to\u010dno je: Trump je prihvatio zagrljaj Davida Dukea, biv\u0161eg ali klju\u010dnog autoriteta Ku Klux Klana, a osobito Richarda Spencera, oca koncepta alt-right koji je pro\u0161log studenoga pozvao na veliko bu\u0111enje \u201ddomoljuba\u201d i proslavio Trumpovu pobjedu velikim zborovanjem u Washingtonu u kojem se vidjelo mnogo nacisti\u010dkih simbola. Duke, Signer i drugi su uo\u010di sukoba u Charlottesvilleu rekli da imaju namjeru \u201dispuniti Trumpova oba\u0107enja\u201d o vra\u0107anju uzdi zemlje \u201du prave ruke\u201d.<\/p>\n<p>Od svih zala ili \u0161teta koje Trump donosi instituciji predsjednika najgora je moralna. Neonacisti su mar\u0161irali 200 km od glavnog ameri\u010dkog grada i zasad brojimo tri mrtva (osim spomenute \u017ertve poginula su i dva policajca pilota kada im se sru\u0161io helikopter).<\/p>\n<p>U usporedbi s Trumpovom \u0161utnjom nad orgijanjem neonacista ridikulozne usporedbe s Putinovom Rusijom i juna\u010denje pred prijetnjama sjevernokorejskog diktatora bivaju malene epizode. Do sada su takve situacije slu\u017eile predsjednicima da se izdignu apeliraju\u0107i na iskonski optimizam ameri\u010dke demokracije (kako je u\u010dinio Obama kad su policijska ubojstava crnaca gotovo zapalila zemlju 2014.).<\/p>\n<p>Ali Trump je sve samo ne osoba sporazumijevanja. On je po naravi provokator. Izabrao je tu ulogu. Njegova blagost prema rasisti\u010dkom divljanju proizlazi iz uvjerenja da nije lo\u0161a stvar da postoje grupe bijelaca koji \u201dprotestiraju\u201d, jer se vlada desetlje\u0107ima bavila financiranjem programa za ukinu\u0107e diskriminacije afri\u010dkih Amerikanaca i Latinoamerikanaca, osobito Meksikanaca, protiv kojih je \u017eestoko govorio u predizbornoj kampanji.<\/p>\n<p>Nakon osam godina Obamine vladavine u SAD-u se pojavila ne mala grupa gra\u0111ana koja je bijesna i koja je \u017eedna osvete. Osje\u0107aj koji nas obuzima kad promatramo sada\u0161nju Ameriku je tuga, jer je to zemlja koja smatra da je Leonardo (da Vinci) talijanski nogometa\u0161, u kojoj se sve manje \u010dita, kao, uostalom, i na Balkanu, u kojoj se ne cijene umjetnost i ljepota.<\/p>\n<p>SAD bi se po Trumpovu mi\u0161ljenju trebale rije\u0161iti svojih Meksikanaca, Kineza, muslimana, drugih \u201dlatinosa\u201d i svih ostalih koje vi\u0111amo u Silicon Valley i drugdje, a koji su obogatili najkozmopolitskiju zemlju na planetu.<\/p>\n<p>Nas mora zabrinjavati ne\u0161to drugo: je li ameri\u010dka vizija Donalda Trumpa istovremeno i najava izgleda budu\u0107ega svijeta u kojem bi se nacije trebale opet okrutno uni\u0161tavati?<\/p>\n<p>Taj skok prema bahatom pona\u0161anju, prema banalnome i nekulturnome nas okre\u0107e prema Berlusconiju, prema ocu i k\u0107eri Le Pen, prema Orbanu, u Hrvatskoj prema ispraznoj Kolindi Grabar-Kitarovi\u0107.<\/p>\n<p>Mislim o novoj internacionali koja o stotoj godi\u0161njici Oktobarske revolucije ne\u0107e vi\u0161e zagovarati pravdu, ve\u0107 vulgarnost i sirovo bogatstvo.<\/p>\n<p>Bit \u0107e to svijet u kojem se obzorje su\u017eava na televizijski set, u kojoj se umjetnost raspravljanja reducira na izmjenjivanje psovki, a umjetnost nadomje\u0161tava faraonskim delirijem.<\/p>\n<p>Bit \u0107e to internacionala egoizma, globalizacija korupcije, univerzalnost institucionalizirane la\u017ei, sveobuhvatnost mr\u017enje.<\/p>\n<p>Operetni Don Corleone. Da, to mi se \u010dini adekvatnim opisom. Neki smatraju da nije tako lo\u0161e \u0161to je Trump indirektno izazvao raspravu o rasizmu, pa \u010dak i bude\u0107i i hrabre\u0107i aktiviste Ku Klux Klana da skinu kapulja\u010de i paradiraju u ime Konfederacije, rasizma i mr\u017enje, ali je problem u tome \u0161to rasizam nije racionalna stvar.<\/p>\n<p>Ne oslanja se na objektivna istra\u017eivanja, nego upravo na predrasude i preuveli\u010dani strah o \u201donom drugome\u201d, onome koji je druga\u010diji od nas, ima razli\u010ditu boju ko\u017ee, govori nama nepoznatim jezikom ili se klanja na \u010dudan na\u010din jo\u0161 \u010dudnijem bogu.<\/p>\n<p>Sva dru\u0161tva, na\u017ealost, u sebi hrane takve rasisti\u010dke animozitete, neka manje, neka vi\u0161e i \u010desto su razum i kulturni alati nedovoljni da se rasizmu suprotstavimo. Zato smatram da je ovo \u0161to \u010dini Donald Trump izuzetno opasna stvar, jer je rasizam uvijek bio i ostao pogon za nasilje i sredstvo za \u017eestoka kr\u0161enja ljudskih prava i temeljnih sloboda.<\/p>\n<p>\u0160to u\u010dimo od primjera ameri\u010dkog predsjednika?<\/p>\n<p>Da imati velik novac nije ujedno i znak uzvi\u0161enosti. Naime, mo\u017ee se plivati u milijunima i posjedovati \u010ditavu kupaonicu oblo\u017eenu zlatom, a ostati perfektnim idiotom, osobom bez takta i duha.<\/p>\n<p>S druge strane, bilo bi tako\u0111er pogre\u0161no zaklju\u010diti da su rasizam i druge diskriminatorne predrasude su\u0161tina kapitalizma. Na\u0161i preci jako dobro znaju o \u010demu govore tisu\u0107e hrvatskih i srpskih domova u SAD-u: da je ta zemlja bila oaza mnogima koji su iskreno \u017eeljeli i slobodu i priliku za rad i za boljitak.<\/p>\n<p>Sada\u0161nja kriza SAD-a ostavlja politi\u010dku, dru\u0161tvenu, etni\u010dku, kulturnu i moralnu katastrofu bez premca, \u0161tetu koju \u0107e biti jako te\u0161ko sanirati i to u kratkom roku.<\/p>\n<p>Neke grupe ve\u0107 funkcioniraju kao privatne vojske, mnogi gra\u0111ani su naoru\u017eani, mahom su to bijelci, zemlja se raspada po etni\u010dkom klju\u010du. Teorije o kako su SAD stigle tamo gdje su sada punit \u0107e biblioteke: rasizam, ksenofobija, supremacija bijelih, izolacionizam\u2026 zasi\u0107enje politikom.<\/p>\n<p>Trump nije samo idiot \u2013 on je opasni demagog koji hrani konspiratorne teorije jer je za demagoga istina ne\u0161to \u0161to se uvodi dekretom, \u0161to se naslu\u0107uje, otkriva, a ne ne\u0161to \u0161to se tra\u017ei, dokazuje, pobija ili verificira. Najva\u017enije su, na\u017ealost, emocije, a ne razum.<\/p>\n<p>Neka nam je Bog na pomo\u0107i.<\/p>\n<p><a href=\"http:\/\/www.autograf.hr\/americki-rasizam-i-trumpov-idiotizam\/\" target=\"_blank\">Autograf<\/a><\/p>\n","protected":false},"excerpt":{"rendered":"<p>Sada\u0161nja kriza SAD-a ostavlja politi\u010dku, dru\u0161tvenu, etni\u010dku, kulturnu i moralnu katastrofu bez premca, \u0161tetu koju \u0107e biti jako te\u0161ko sanirati i to u kratkom roku<\/p>\n","protected":false},"author":1,"featured_media":0,"comment_status":"open","ping_status":"closed","sticky":false,"template":"","format":"standard","meta":{"_seopress_robots_primary_cat":"","_seopress_titles_title":"","_seopress_titles_desc":"","_seopress_robots_index":"","_et_pb_use_builder":"","_et_pb_old_content":"","_et_gb_content_width":"","inline_featured_image":false,"footnotes":""},"categories":[5],"tags":[],"class_list":["post-231874","post","type-post","status-publish","format-standard","hentry","category-drugi-pisu"],"_links":{"self":[{"href":"https:\/\/www.pcnen.com\/portal\/wp-json\/wp\/v2\/posts\/231874","targetHints":{"allow":["GET"]}}],"collection":[{"href":"https:\/\/www.pcnen.com\/portal\/wp-json\/wp\/v2\/posts"}],"about":[{"href":"https:\/\/www.pcnen.com\/portal\/wp-json\/wp\/v2\/types\/post"}],"author":[{"embeddable":true,"href":"https:\/\/www.pcnen.com\/portal\/wp-json\/wp\/v2\/users\/1"}],"replies":[{"embeddable":true,"href":"https:\/\/www.pcnen.com\/portal\/wp-json\/wp\/v2\/comments?post=231874"}],"version-history":[{"count":0,"href":"https:\/\/www.pcnen.com\/portal\/wp-json\/wp\/v2\/posts\/231874\/revisions"}],"wp:attachment":[{"href":"https:\/\/www.pcnen.com\/portal\/wp-json\/wp\/v2\/media?parent=231874"}],"wp:term":[{"taxonomy":"category","embeddable":true,"href":"https:\/\/www.pcnen.com\/portal\/wp-json\/wp\/v2\/categories?post=231874"},{"taxonomy":"post_tag","embeddable":true,"href":"https:\/\/www.pcnen.com\/portal\/wp-json\/wp\/v2\/tags?post=231874"}],"curies":[{"name":"wp","href":"https:\/\/api.w.org\/{rel}","templated":true}]}}