{"id":231746,"date":"2017-08-18T13:01:27","date_gmt":"2017-08-18T11:01:27","guid":{"rendered":"http:\/\/www.pcnen.com\/portal\/?p=231746"},"modified":"2017-08-18T13:07:31","modified_gmt":"2017-08-18T11:07:31","slug":"uo-ucg-odlucuje-kako-vlada-kaze-rektorka-upozorava","status":"publish","type":"post","link":"https:\/\/www.pcnen.com\/portal\/2017\/08\/18\/uo-ucg-odlucuje-kako-vlada-kaze-rektorka-upozorava\/","title":{"rendered":"UO UCG odlu\u010duje kako Vlada ka\u017ee, rektorka upozorava"},"content":{"rendered":"<p><a href=\"http:\/\/www.pcnen.com\/portal\/wp-content\/uploads\/2015\/02\/konflikt-interesa.jpg\"><img loading=\"lazy\" decoding=\"async\" src=\"http:\/\/www.pcnen.com\/portal\/wp-content\/uploads\/2015\/02\/konflikt-interesa-300x199.jpg\" alt=\"konflikt interesa, ilustracija\" width=\"300\" height=\"199\" class=\"alignleft size-medium wp-image-171681\" \/><\/a>Upravni odbor Univerziteta Crne Gore (UCG) je danas odlu\u010dio da Vi\u0161a medicinska \u0161kola ostaje u Beranama, uprkos \u010dinjenici da je ta \u0161kola od ove studijske godine <a href=\"http:\/\/www.pcnen.com\/portal\/2017\/07\/23\/zabrinuti-i-zaprepasceni\/\" target=\"_blank\">akreditovana sa sjedi\u0161tem u Podgorici.<\/a><\/p>\n<p>Kompromisna je varijanta da dio prakti\u010dne obuke studenti iz Berana obavljaju u Klini\u010dko-bolni\u010dkom centru u Podgorici.<\/p>\n<p>Rektorka UCG Radmila Vojvodi\u0107 je napustila sjednicu Upravnog odbora.<\/p>\n<p>Vlada je istjerala svoje nakon \u0161to je uspjela da <a href=\"http:\/\/www.pcnen.com\/portal\/2017\/07\/20\/vlada-mijenja-sastav-uo-drzavnog-univerziteta\/\">obezbijedi ve\u0107inu u Upravnom odboru<\/a>, opozivaju\u0107i svog predstavnika u Upravnom odboru koji je podr\u017eao odluke uprave UCG, i nakon \u0161to je predsjednik Upravnog odbora Du\u0161ko Bjelica <a href=\"http:\/\/www.pcnen.com\/portal\/2016\/09\/01\/bjelica-ostaje-predsjednik-uo-ucg\/\">povukao neopozivu ostavku.<\/a><\/p>\n<p>Rektorka Vojvodi\u0107 se oglasila saop\u0161tenjem za javnost u kome je kazala da novom odlukom Upravni odbor nije rije\u0161io problem, \u201cve\u0107 neodgovorno otvorio akademske probleme Univerziteta Crne Gore\u201d. \u201cU pravnom i politi\u010dkom zame\u0161ateljstvu nakon promjene \u010dlanova i farse oko ostavke predsjednika demonstrirano je grubo nepo\u0161tovanje organa i autonomije Univerziteta Crne Gore i to manipulisanjem navodnim studentskim interesima. Sve to uprkos odluci Senata u akademskom jedinstvu stava da se akareditovani studijski program u Podgorici ne mo\u017ee prekrajati ni\u010dijom voljom, \u0161to je podr\u017eao i Studentski parlament\u201d. <\/p>\n<p>Vojvodi\u0107 je upozorila studentsku javnost da se neakreditovani \u201cputuju\u0107i\u201d program Berane \u2013 Podgorica  \u201cne mo\u017ee nazivati kompromisnim rje\u0161enjem, ve\u0107 se ovom odlukom name\u0107e nepoznati institut organizacije nastave na dvije udaljene destinacije\u201d. <\/p>\n<p>Ona je podsjetila na tu\u017ebu koju je UCG podnio Upravnom sudu \u201cpovodom nezakonite licence Ministarstva prosvjete za neakreditovani program u Beranama, kao i ustavne \u017ealbe Ustavnom sudu Crne Gore za povredu autonomije Univerziteta\u201d. <\/p>\n<p>\u201cUkoliko Upravni odbor UCG ovakvom odlukom prejudicira sudske odluke u svoju korist, poru\u010dujem: onda se ve\u0107 sada ispostavlja da je na udaru legalnost realizacije neakreditovanog programa i potpisa na ugovor o studiranju, kao i na budu\u0107u diplomu, \u0161to &#8211;  ne zaboravimo &#8211; nije nadle\u017enost ni Upravnog odbora (nadle\u017enost UO je samo raspisivanje konkursa), ni Studentskog parlamenta, ve\u0107 Senata i rektora.  Ne preostaje nam, dakle, ni\u0161ta drugo do javna zabrinutost i borba za intitucionalna prava i du\u017enosti Senata i rektora,i pozivanje na odgovornost Upravnog odbora koji ih olako potire. O tome \u0107e slu\u017ebeno biti obavije\u0161tene EUA i asocijacija Magna charta Universitatum. <\/p>\n<p>Odluka o prekrajanju akreditacije jednog studijskog programa Medicinskog fakulteta i jedne evropski regulisane profesije, evidentno je, dezavui\u0161e utemeljenje evropskih reformi dr\u017eavnog univerziteta,  grubo uni\u017eava internacionalizaciju na\u0161e institucije, kao i na\u0161u misiju i odgovornost za stvaranje dru\u0161tva znanja na  dobrobit na\u0161e dr\u017eave \u2013 u ovom slu\u010daju u oblasti razvoja zdravstvene za\u0161tite\u201d, poru\u010dila je rektorka UCG u saop\u0161tenju za javnost.<\/p>\n","protected":false},"excerpt":{"rendered":"<p>Upravni odbor Univerziteta Crne Gore (UCG) je danas odlu\u010dio da Vi\u0161a medicinska \u0161kola ostaje u Beranama, uprkos \u010dinjenici da je ta \u0161kola od ove studijske godine akreditovana sa sjedi\u0161tem u Podgorici. Kompromisna je varijanta da dio prakti\u010dne obuke studenti iz Berana obavljaju u Klini\u010dko-bolni\u010dkom centru u Podgorici. Rektorka UCG Radmila Vojvodi\u0107 je napustila sjednicu Upravnog [&hellip;]<\/p>\n","protected":false},"author":1,"featured_media":0,"comment_status":"open","ping_status":"closed","sticky":false,"template":"","format":"standard","meta":{"_seopress_robots_primary_cat":"","_seopress_titles_title":"","_seopress_titles_desc":"","_seopress_robots_index":"","_et_pb_use_builder":"","_et_pb_old_content":"","_et_gb_content_width":"","inline_featured_image":false,"footnotes":""},"categories":[14,12],"tags":[],"class_list":["post-231746","post","type-post","status-publish","format-standard","hentry","category-vijesti","category-prica-dana"],"_links":{"self":[{"href":"https:\/\/www.pcnen.com\/portal\/wp-json\/wp\/v2\/posts\/231746","targetHints":{"allow":["GET"]}}],"collection":[{"href":"https:\/\/www.pcnen.com\/portal\/wp-json\/wp\/v2\/posts"}],"about":[{"href":"https:\/\/www.pcnen.com\/portal\/wp-json\/wp\/v2\/types\/post"}],"author":[{"embeddable":true,"href":"https:\/\/www.pcnen.com\/portal\/wp-json\/wp\/v2\/users\/1"}],"replies":[{"embeddable":true,"href":"https:\/\/www.pcnen.com\/portal\/wp-json\/wp\/v2\/comments?post=231746"}],"version-history":[{"count":0,"href":"https:\/\/www.pcnen.com\/portal\/wp-json\/wp\/v2\/posts\/231746\/revisions"}],"wp:attachment":[{"href":"https:\/\/www.pcnen.com\/portal\/wp-json\/wp\/v2\/media?parent=231746"}],"wp:term":[{"taxonomy":"category","embeddable":true,"href":"https:\/\/www.pcnen.com\/portal\/wp-json\/wp\/v2\/categories?post=231746"},{"taxonomy":"post_tag","embeddable":true,"href":"https:\/\/www.pcnen.com\/portal\/wp-json\/wp\/v2\/tags?post=231746"}],"curies":[{"name":"wp","href":"https:\/\/api.w.org\/{rel}","templated":true}]}}