{"id":231322,"date":"2017-08-11T09:37:51","date_gmt":"2017-08-11T07:37:51","guid":{"rendered":"http:\/\/www.pcnen.com\/portal\/?p=231322"},"modified":"2017-08-11T10:21:28","modified_gmt":"2017-08-11T08:21:28","slug":"vijesti-monitor-i-cin-cg-tuzili-pink-m-company","status":"publish","type":"post","link":"https:\/\/www.pcnen.com\/portal\/2017\/08\/11\/vijesti-monitor-i-cin-cg-tuzili-pink-m-company\/","title":{"rendered":"Vijesti, Monitor i CIN CG tu\u017eili Pink M Company"},"content":{"rendered":"<p><a href=\"http:\/\/www.pcnen.com\/portal\/wp-content\/uploads\/2015\/10\/sudnica.jpg\"><img loading=\"lazy\" decoding=\"async\" src=\"http:\/\/www.pcnen.com\/portal\/wp-content\/uploads\/2015\/10\/sudnica-450x323.jpg\" alt=\"sudnica\" width=\"450\" height=\"323\" class=\"alignleft size-large wp-image-191699\" \/><\/a>Zaposleni u nezavisnom dnevniku i televiziji &#8220;Vijesti&#8221;, nedjeljniku &#8220;Monitor&#8221; i Centru za istra\u017eiva\u010dko novinarstvo (CIN CG) tu\u017eili su kompaniju &#8220;Pink M Company&#8221; zbog zloupotrebe hap\u0161enja zaposlenog Rajka Mili\u0107a za diskreditaciju \u201cVijesti\u201d.<\/p>\n<p>Pink M je na televiziji i svom portalu vi\u0161e puta tokom marta objavio zajedni\u010dku fotografiju novinara pomenutih medija, na kojoj osu\u0111uju teroristi\u010dki napad na francuski \u010dasopis &#8220;\u0160arli Ebdo&#8221;, u kontekstu hap\u0161enja Mili\u0107a zbog sumnje da je sa interneta preuzimao dje\u010dju pornografiju. <\/p>\n<p>Zbog toga su 22 novinara i medijska radnika, koje zastupa advokatska kancelarija &#8220;Stojkovi\u0107&#8221; iz Beograda, podnijela tu\u017ebu protiv &#8220;Pink m Company&#8221; zbog povrede prava li\u010dnosti, odnosno prava na psihi\u010dki integritet, prava na \u010dast, prava na ugled, prava na dostojanstvo, prava na za\u0161titu privatnog \u017eivota i prava na zapis lika.<\/p>\n<p>Advokatica Bojana Stojkovi\u0107 kazala je da su 25 jula podnijeli 21 tu\u017ebu protiv Pink M Osnovnom sudu u Podgorici, koji je nadle\u017ean za postupanje u ovim slu\u010dajevima.<\/p>\n<p>&#8220;\u017deljko Ivanovi\u0107 i Miodrag Perovi\u0107 (osniva\u010di Vijesti) su zajedno podneli tu\u017ebu, dok su ostala lica podnijela tu\u017ebu pojedina\u010dno&#8221;, kazala je Stojkovi\u0107 Vijestima.<\/p>\n<p>Pored zajedni\u010dke fotografije, posebno je objavljena i fotografija Ivanovi\u0107a i Perovi\u0107a, koji su direktno u tekstovima na portalu i izvje\u0161tajima na ru\u017ei\u010dastoj televiziji imenom i prezimenom dovo\u0111eni u kontekst sa hap\u0161enjem Mili\u0107a, iako krivi\u010dno djelo, za koje je osumnji\u010den, nije bilo ni na jedan na\u010din povezano sa njima, ni sa &#8220;Vijestima&#8221;.<\/p>\n<p>Me\u0111utim Pink je tvrdio kako je &#8220;Mili\u0107 novinar portala Vijesti i ekonomske rubrike u \u0161tampanom izdanju ND &#8220;Vijesti&#8221;, tipi\u010dni  predstavnik stila novinarstva koji dolazi iz ovog tabloida&#8221;.<\/p>\n<p>Pored Ivanovi\u0107a i Perovi\u0107a, tu\u017ebe je podnijelo jo\u0161 14 zaposlenih u &#8220;Vijestima&#8221;, troje zaposlenih u &#8220;Monitoru&#8221;, jedan zaposleni u &#8220;TV Vijesti&#8221;, zaposleni u CIN-u i biv\u0161i urednik lista, sada zaposlen u RTCG.<\/p>\n<p>Oni su od kompanije Pink M tra\u017eili da im se isplati ukupno 224.000 eura na ime du\u0161evnih bolova, da se uklone fotografije sa portala, koje jo\u0161 uvijek stoje uz tekstove o hap\u0161enju Rajka Mili\u0107a, pod naslovima: &#8220;Novinar Vijesti Rajko Mili\u0107 uhap\u0161en zbog dje\u010dje pornografije&#8221; (14. 03), &#8220;Novinaru tabloida &#8220;Vijesti&#8221; Rajku Mili\u0107u odre\u0111en pritvor od 30 dana&#8221; (16.03) i &#8220;Rajko Mili\u0107, novinar Vijesti, obu\u010davao mlade na nekakvoj akademiji ovog tabloida&#8221; (17. 03). <\/p>\n<p>Tako\u0111e tra\u017ee da Pink M u dnevnom crnogorskom listu objavi izreku sudske presude i plati sudske tro\u0161kove.<\/p>\n<p>Agencija za elektronske medije prihvatila je prigovor Ivanovi\u0107a i direktorice TV &#8220;Vijesti&#8221; Marijane Kadi\u0107 Bojani\u0107 zbog izvje\u0161tavanja  Pink M u slu\u010daju hap\u0161enja Mili\u0107a.<\/p>\n<p>AEM je 14.put upozorila  Pink M zbog kr\u0161enja programskih standarda, a prihva\u0107en prigovor je kori\u0161\u0107en kao dokaz u tu\u017ebi.<\/p>\n<p>Iako je Savjet AEM predlo\u017eio direktoru Abazu D\u017eafi\u0107u da se ta televizija stro\u017eije kazni zbog u\u010destalog kr\u0161enja programskih pricipa, on to jo\u0161 nije u\u010dinio.<\/p>\n","protected":false},"excerpt":{"rendered":"<p>Zaposleni u nezavisnom dnevniku i televiziji &#8220;Vijesti&#8221;, nedjeljniku &#8220;Monitor&#8221; i Centru za istra\u017eiva\u010dko novinarstvo (CIN CG) tu\u017eili su kompaniju &#8220;Pink M Company&#8221; zbog zloupotrebe hap\u0161enja zaposlenog Rajka Mili\u0107a za diskreditaciju \u201cVijesti\u201d. Pink M je na televiziji i svom portalu vi\u0161e puta tokom marta objavio zajedni\u010dku fotografiju novinara pomenutih medija, na kojoj osu\u0111uju teroristi\u010dki napad na [&hellip;]<\/p>\n","protected":false},"author":1,"featured_media":0,"comment_status":"open","ping_status":"closed","sticky":false,"template":"","format":"standard","meta":{"_seopress_robots_primary_cat":"","_seopress_titles_title":"","_seopress_titles_desc":"","_seopress_robots_index":"","_et_pb_use_builder":"","_et_pb_old_content":"","_et_gb_content_width":"","inline_featured_image":false,"footnotes":""},"categories":[14],"tags":[],"class_list":["post-231322","post","type-post","status-publish","format-standard","hentry","category-vijesti"],"_links":{"self":[{"href":"https:\/\/www.pcnen.com\/portal\/wp-json\/wp\/v2\/posts\/231322","targetHints":{"allow":["GET"]}}],"collection":[{"href":"https:\/\/www.pcnen.com\/portal\/wp-json\/wp\/v2\/posts"}],"about":[{"href":"https:\/\/www.pcnen.com\/portal\/wp-json\/wp\/v2\/types\/post"}],"author":[{"embeddable":true,"href":"https:\/\/www.pcnen.com\/portal\/wp-json\/wp\/v2\/users\/1"}],"replies":[{"embeddable":true,"href":"https:\/\/www.pcnen.com\/portal\/wp-json\/wp\/v2\/comments?post=231322"}],"version-history":[{"count":0,"href":"https:\/\/www.pcnen.com\/portal\/wp-json\/wp\/v2\/posts\/231322\/revisions"}],"wp:attachment":[{"href":"https:\/\/www.pcnen.com\/portal\/wp-json\/wp\/v2\/media?parent=231322"}],"wp:term":[{"taxonomy":"category","embeddable":true,"href":"https:\/\/www.pcnen.com\/portal\/wp-json\/wp\/v2\/categories?post=231322"},{"taxonomy":"post_tag","embeddable":true,"href":"https:\/\/www.pcnen.com\/portal\/wp-json\/wp\/v2\/tags?post=231322"}],"curies":[{"name":"wp","href":"https:\/\/api.w.org\/{rel}","templated":true}]}}