{"id":230798,"date":"2017-08-03T07:00:21","date_gmt":"2017-08-03T05:00:21","guid":{"rendered":"http:\/\/www.pcnen.com\/portal\/?p=230798"},"modified":"2017-08-02T21:40:23","modified_gmt":"2017-08-02T19:40:23","slug":"unutrasnji-dijalog","status":"publish","type":"post","link":"https:\/\/www.pcnen.com\/portal\/2017\/08\/03\/unutrasnji-dijalog\/","title":{"rendered":"Unutra\u0161nji dijalog"},"content":{"rendered":"<p><strong>Pi\u0161e: Branka Dimitrijevi\u0107<\/strong><br \/>\n<em><br \/>\n<a href=\"http:\/\/www.pcnen.com\/portal\/wp-content\/uploads\/2017\/07\/rasprava2.jpg\"><img loading=\"lazy\" decoding=\"async\" src=\"http:\/\/www.pcnen.com\/portal\/wp-content\/uploads\/2017\/07\/rasprava2-450x279.jpg\" alt=\"rasprava2\" width=\"450\" height=\"279\" class=\"aligncenter size-large wp-image-230013\" \/><\/a>Ovi ljudi uskra\u0107uju neistomi\u0161ljenicima jedno od osnovnih prava, pravo na rad. Obe\u0107avam da \u0107e moje javno delovanje, izme\u0111u ostalog, biti posve\u0107eno i temi \u201eznam \u0161ta ste radili onih godina\u201c (Novi magazin, Marko \u0160eli\u0107 Mar\u010delo, intervju, br. 326\/327).<\/em><\/p>\n<p>Mnogo \u0161ta je ve\u0107 pametnoga re\u010deno, pa i na stranicama Pe\u0161\u010danika, o Vu\u010di\u0107evom pozivu na \u201eunutra\u0161nji dijalog\u201c. Jedino mi se \u010dini da niko jo\u0161 nije sasvim jasno definisao koga to zapravo Vu\u010di\u0107 poziva na \u201eunutra\u0161nji dijalog\u201c. Prime\u0107ujem da su se opozicione politi\u010dke stranke na neki na\u010din osetile pozvanima i prozvanima, pa su manje-vi\u0161e adekvatno i reagovale.<\/p>\n<p>Da li je to Vu\u010di\u0107 mislio na unutra\u0161nji dijalog s onih 600 do 900 hiljada gra\u0111ana Srbije koji smatraju da s njegovom vladavinom ipak ne\u0161to nije u redu? Ne, on je ga\u0111ao najte\u017eu temu, Kosovo. Kako mu nije palo na pamet da je Srbiji i te kako potreban \u201eunutra\u0161nji dijalog\u201c, ali prvo sa \u201epla\u0107enicima, soro\u0161oidima i svakojakim olo\u0161em\u201c koji \u010dine bezmalo tre\u0107inu aktivnog bira\u010dkog tela. Kad s njima bude spreman na \u201eunutra\u0161nji dijalog\u201c, onda bi se mogla po\u010deti sagledavati realnost bez prikupljanja strana\u010dkih poena tipa ko jeste a ko nije izdao Kosovo. U ovim uslovima, to je samo jo\u0161 jedna ne\u010dasna ponuda, jedan od njegovih skarednih predloga, ne bi li prebacio odgovornost i na one koji ni o \u010demu ne mogu da odlu\u010duju, pa \u010dak ni o elementarno civilizacijskom, ne politi\u010dkom, predlogu Aleksinog zakona.<\/p>\n<p>Vu\u010di\u0107 je odavno ukinuo svaku mogu\u0107nost unutra\u0161njeg dijaloga. Bilo kakvog dijaloga. Na samom po\u010detku, da bi nam svima jasno stavio do znanja o \u010demu je tu re\u010d, ukinuo je Utisak nedelje, paradigmu dijalo\u0161ke emisije, pa je napredovao do toga da sada \u010dak ni muzi\u010dari kao \u0161to su Vlado Georgiev, Mar\u010delo, vi\u0161e ne mogu da odr\u017eavaju koncerte; da ni ne pominjem Kokana Mladenovi\u0107a, zbog koga je ove godine ukinuta nagrada Sterijinog pozorja samo da je on ne bi dobio, pa Dragana Veliki\u0107a, i bezbroj primera, znamo ih, mo\u017eda su manje prisutni u javnosti, ali da ne nabrajam. Samo zato \u0161to su javno rekli da se ne sla\u017eu s njegovim na\u010dinom vo\u0111enja dr\u017eave i da bi bio potreban \u201eunutra\u0161nji dijalog\u201c s vla\u0161\u0107u o nekim bitnim pitanjima za \u017eivot u ovoj zemlji. Jer javnost vi\u0161e ne postoji, osim u meri koja je njemu potrebna da dopuni listu \u201epla\u0107enika\u201c i \u201eolo\u0161a\u201c. I valjda zato jo\u0161 imamo jedne dnevne novine, dva i po nedeljnika, jednu pla\u0107eni\u010dku \u201eameri\u010dku\u201c televiziju bez nacionalne frekvencije, i poneki lokalni medij koji uprkos svemu jo\u0161 odoleva pritiscima njegove svemo\u0107ne vlasti.<\/p>\n<p>I sad taj \u010dovek poziva na \u201eunutra\u0161nji dijalog\u201c o Kosovu. Sve su re\u010di u reakcijama ve\u0107 upotrebljene: cinizam, bezo\u010dnost, besramnost\u2026 A kako od \u010doveka koji je devedesetih kao jedan od trojice prvaka stranke koja je pozivala u rat za \u201eognji\u0161ta\u201c, crtala granice, samo godinu dana pre dolaska na vlast brisala ime Zorana \u0110in\u0111i\u0107a i umesto njegovog ucrtavala jedno zlo\u010dina\u010dko ime, o\u010dekivati i stida i srama. Ovi iz EU, njih ba\u0161 briga. Trpe oni u svojim redovima i Orbana, i \u010ce\u0161ku i Poljsku, i hrvatske glave koje podi\u017eu spomen plo\u010du usta\u0161kim zlo\u010dincima pored jednog od najstra\u0161nijih fa\u0161isti\u010dkih logora, originalnog po tome \u0161to su ljude u njemu ubijali maljem \u2013 i sva\u0161ta jo\u0161 toleri\u0161u, zaokupljeni svojim birokratskim brigama. Tzv. evropske vrednosti o\u010dito nisu (vi\u0161e?) na njihovoj agendi. Ne nose se ovih dana na njihovim modnim pistama. Ako Vu\u010di\u0107 mo\u017ee svojom spoljnom politikom u regionu da uti\u010de da se ponovo ne pobijemo, njima je sve ostalo \u0161to radi gu\u0161e\u0107i demokratiju u svojoj zemlji sasvim okej. A ubedio ih je da mo\u017ee, pa bi sad hteo da se okiti i unutra\u0161njim dijalogom o Kosovu, da i oni vide koliko im je dragocen, i kako neke snage olo\u0161a i pla\u0107enika taj dijalog ne \u017eele.<\/p>\n<p>A to njegovo gu\u0161enje demokratije je na\u0161e unutra\u0161nje pitanje. Ostavimo se mi EU. Dok smo se smrzavali po ulicama i duvali u pi\u0161taljke, Holbruk je pijuckao najbolji viski sa Slobom i \u010dudom se \u010dudio \u0161to tamo neka opozicija ho\u0107e da bojkotuje izbore zbog neravnopravnih uslova. Tad je Milo\u0161evi\u0107 jo\u0161 bio faktor mira na Balkanu. I to je ta granica, ta politika, ko je faktor mira na Balkanu, jer, imaju ovi zapadno od nas i ve\u0107ih briga, pa da im sad i mi ne zagor\u010davamo \u017eivot.<\/p>\n<p>A mi? Jo\u0161 nismo dobili odgovor na \u010duveno pitanje \u0160ta si radio u ratu, tata, a ve\u0107 nam posle dvadeset i pet godina sti\u017ee Marko \u0160eli\u0107-Mar\u010delo pitanjem koje sadr\u017ei i odgovor: znam \u0161ta ste radili onih godina.<\/p>\n<p>Mlad je Mar\u010delo, pamti\u0107e. I osta\u0107e imena i stvarala\u0161tvo Dragana Veliki\u0107a, i Kokana Mladenovi\u0107a, i mnogih drugih, pomenutih i nepomenutih, dok \u0107e Vu\u010di\u0107 nezaslu\u017eeno u\u017eivati na nekim egzoti\u010dnim ostrvima od para koje nam je pokrao bore\u0107i se 24 sata dnevno \u2013 jer toliko na kugli zemaljskoj traje samo njegov radni dan \u2013 za nova radna mesta, prosperitet radnika, pa sad jo\u0161 i za unutra\u0161nji dijalog. S kim? Sa samim sobom? Jer ka\u017ee da \u0107e \u201esaslu\u0161ati aktere u dijalogu\u201c i onda \u0107e \u201eimati predlog\u201c. Da li je uop\u0161te svestan da je samom tom izjavom potvrdio da ne\u0107e da u\u010destvuje ni u kakvom dijalogu?<\/p>\n<p><a href=\"http:\/\/pescanik.net\/unutrasnji-dijalog\/\" target=\"_blank\">Pe\u0161\u010danik.net<\/a><\/p>\n","protected":false},"excerpt":{"rendered":"<p>Dok smo se smrzavali po ulicama i duvali u pi\u0161taljke, Holbruk je pijuckao najbolji viski sa Slobom i \u010dudom se \u010dudio \u0161to tamo neka opozicija ho\u0107e da bojkotuje izbore zbog neravnopravnih uslova<\/p>\n","protected":false},"author":1,"featured_media":0,"comment_status":"open","ping_status":"closed","sticky":false,"template":"","format":"standard","meta":{"_seopress_robots_primary_cat":"","_seopress_titles_title":"","_seopress_titles_desc":"","_seopress_robots_index":"","_et_pb_use_builder":"","_et_pb_old_content":"","_et_gb_content_width":"","inline_featured_image":false,"footnotes":""},"categories":[5],"tags":[],"class_list":["post-230798","post","type-post","status-publish","format-standard","hentry","category-drugi-pisu"],"_links":{"self":[{"href":"https:\/\/www.pcnen.com\/portal\/wp-json\/wp\/v2\/posts\/230798","targetHints":{"allow":["GET"]}}],"collection":[{"href":"https:\/\/www.pcnen.com\/portal\/wp-json\/wp\/v2\/posts"}],"about":[{"href":"https:\/\/www.pcnen.com\/portal\/wp-json\/wp\/v2\/types\/post"}],"author":[{"embeddable":true,"href":"https:\/\/www.pcnen.com\/portal\/wp-json\/wp\/v2\/users\/1"}],"replies":[{"embeddable":true,"href":"https:\/\/www.pcnen.com\/portal\/wp-json\/wp\/v2\/comments?post=230798"}],"version-history":[{"count":0,"href":"https:\/\/www.pcnen.com\/portal\/wp-json\/wp\/v2\/posts\/230798\/revisions"}],"wp:attachment":[{"href":"https:\/\/www.pcnen.com\/portal\/wp-json\/wp\/v2\/media?parent=230798"}],"wp:term":[{"taxonomy":"category","embeddable":true,"href":"https:\/\/www.pcnen.com\/portal\/wp-json\/wp\/v2\/categories?post=230798"},{"taxonomy":"post_tag","embeddable":true,"href":"https:\/\/www.pcnen.com\/portal\/wp-json\/wp\/v2\/tags?post=230798"}],"curies":[{"name":"wp","href":"https:\/\/api.w.org\/{rel}","templated":true}]}}