{"id":230767,"date":"2017-08-02T13:36:19","date_gmt":"2017-08-02T11:36:19","guid":{"rendered":"http:\/\/www.pcnen.com\/portal\/?p=230767"},"modified":"2017-08-02T13:36:19","modified_gmt":"2017-08-02T11:36:19","slug":"pens-razgovarao-sa-vodama-opozicije-lise-df","status":"publish","type":"post","link":"https:\/\/www.pcnen.com\/portal\/2017\/08\/02\/pens-razgovarao-sa-vodama-opozicije-lise-df\/","title":{"rendered":"Pens razgovarao sa vo\u0111ama opozicije, li\u0161e DF"},"content":{"rendered":"<p><a href=\"http:\/\/www.pcnen.com\/portal\/wp-content\/uploads\/2017\/08\/majk-pens.jpg\"><img loading=\"lazy\" decoding=\"async\" src=\"http:\/\/www.pcnen.com\/portal\/wp-content\/uploads\/2017\/08\/majk-pens.jpg\" alt=\"majk pens\" width=\"300\" height=\"202\" class=\"aligncenter size-full wp-image-230688\" \/><\/a>Potpredsjednik SAD Majk Pens, koji se od ju\u010de nalazi u zvani\u010dnoj posjeti Crnoj Gori, danas se, nenajavljeno, sastao sa nekoliko lidera opozicionih parlamentarnih stranaka.<\/p>\n<p>Pens se u hotelu \u2018Hilton\u2019, gdje je odsjeo sa delegacijom, sastao sa Aleksom Be\u010di\u0107em (Demokrate), Miodragom Leki\u0107em (Demos), Rankom Krivokapi\u0107em (SDP) i Dritanom Abazovi\u0107em (URA) i Danijelom Pavi\u0107evi\u0107 (SNP).<\/p>\n<p>Potpredsjednik SAD se nije sastao sa liderima opozicionog saveza Demokratski front.<\/p>\n","protected":false},"excerpt":{"rendered":"<p>Potpredsjednik SAD Majk Pens, koji se od ju\u010de nalazi u zvani\u010dnoj posjeti Crnoj Gori, danas se, nenajavljeno, sastao sa nekoliko lidera opozicionih parlamentarnih stranaka. Pens se u hotelu \u2018Hilton\u2019, gdje je odsjeo sa delegacijom, sastao sa Aleksom Be\u010di\u0107em (Demokrate), Miodragom Leki\u0107em (Demos), Rankom Krivokapi\u0107em (SDP) i Dritanom Abazovi\u0107em (URA) i Danijelom Pavi\u0107evi\u0107 (SNP). Potpredsjednik SAD [&hellip;]<\/p>\n","protected":false},"author":1,"featured_media":0,"comment_status":"open","ping_status":"closed","sticky":false,"template":"","format":"standard","meta":{"_seopress_robots_primary_cat":"","_seopress_titles_title":"","_seopress_titles_desc":"","_seopress_robots_index":"","_et_pb_use_builder":"","_et_pb_old_content":"","_et_gb_content_width":"","inline_featured_image":false,"footnotes":""},"categories":[14],"tags":[],"class_list":["post-230767","post","type-post","status-publish","format-standard","hentry","category-vijesti"],"_links":{"self":[{"href":"https:\/\/www.pcnen.com\/portal\/wp-json\/wp\/v2\/posts\/230767","targetHints":{"allow":["GET"]}}],"collection":[{"href":"https:\/\/www.pcnen.com\/portal\/wp-json\/wp\/v2\/posts"}],"about":[{"href":"https:\/\/www.pcnen.com\/portal\/wp-json\/wp\/v2\/types\/post"}],"author":[{"embeddable":true,"href":"https:\/\/www.pcnen.com\/portal\/wp-json\/wp\/v2\/users\/1"}],"replies":[{"embeddable":true,"href":"https:\/\/www.pcnen.com\/portal\/wp-json\/wp\/v2\/comments?post=230767"}],"version-history":[{"count":0,"href":"https:\/\/www.pcnen.com\/portal\/wp-json\/wp\/v2\/posts\/230767\/revisions"}],"wp:attachment":[{"href":"https:\/\/www.pcnen.com\/portal\/wp-json\/wp\/v2\/media?parent=230767"}],"wp:term":[{"taxonomy":"category","embeddable":true,"href":"https:\/\/www.pcnen.com\/portal\/wp-json\/wp\/v2\/categories?post=230767"},{"taxonomy":"post_tag","embeddable":true,"href":"https:\/\/www.pcnen.com\/portal\/wp-json\/wp\/v2\/tags?post=230767"}],"curies":[{"name":"wp","href":"https:\/\/api.w.org\/{rel}","templated":true}]}}