{"id":230316,"date":"2017-07-26T07:24:05","date_gmt":"2017-07-26T05:24:05","guid":{"rendered":"http:\/\/www.pcnen.com\/portal\/?p=230316"},"modified":"2017-07-26T07:25:08","modified_gmt":"2017-07-26T05:25:08","slug":"pouke-iz-izraela","status":"publish","type":"post","link":"https:\/\/www.pcnen.com\/portal\/2017\/07\/26\/pouke-iz-izraela\/","title":{"rendered":"Pouke iz Izraela"},"content":{"rendered":"<p><a href=\"http:\/\/www.pcnen.com\/portal\/wp-content\/uploads\/2015\/08\/Dejan-Ilic.jpg\"><img loading=\"lazy\" decoding=\"async\" src=\"http:\/\/www.pcnen.com\/portal\/wp-content\/uploads\/2015\/08\/Dejan-Ilic-300x224.jpg\" alt=\"Dejan Ilic\" width=\"300\" height=\"224\" class=\"alignleft size-medium wp-image-186424\" \/><\/a><strong>Autor: Dejan Ili\u0107<\/strong><\/p>\n<p>I kada ka\u017ee \u201emi\u201c, Aleksandar Vu\u010di\u0107 provocira podele i povla\u010di linije razdora u politi\u010dkoj zajednici na \u010dijem se \u010delu na\u0161ao. I kada poziva na mir, bi\u0107e da Vu\u010di\u0107 u stvari misli na rat. I kada poziva na razgovor, Vu\u010di\u0107 zapravo vre\u0111a i diskvalifikuje svoje tobo\u017enje potencijalne sagovornike. Jer, kada ka\u017ee \u201emi\u201c, Vu\u010di\u0107 na kraju ipak misli samo na sebe: on je samom sebi jedini dostojan sagovornik, uprkos svim epohalnim gre\u0161kama i proma\u0161enim procenama koje ne prestaje da pravi.<\/p>\n<p>Posle <a href=\"http:\/\/www.blic.rs\/vesti\/politika\/ekskluzivno-autorski-tekst-predsednika-aleksandra-vucica-za-blic-zasto-nam-je\/v7xgl6q\" target=\"_blank\">autorskog teksta<\/a> o potrebi da se jednom kona\u010dno re\u0161i \u201ekosovsko pitanje\u201c, Vu\u010di\u0107 je ju\u010de, valjda da bi objasnio \u0161ta je hteo da ka\u017ee u svom nemu\u0161tom \u010dlanku, napravio i \u201eunutra\u0161nji\u201c intervju sam sa sobom (bilo je tu\u017eno gledati novinarku koja se donedavno uop\u0161te nije bavila politikom kako poku\u0161ava da stvori makar privid razgovora). O\u010dekivano, umesto obja\u0161njenja dobili smo novi niz slabo povezanih misli i te\u0161ko obja\u0161njivih asocijativnih skokova. \u0160ta god da smo mislili o prethodnom predsedniku republike, jedno je sigurno: on je, za razliku od sada\u0161njeg predsednika, povremeno umeo da nas ostavi na miru. Ovaj nas ne pu\u0161ta.<\/p>\n<p>Ali, hajde da za trenutak pretpostavimo da mu je zaista namera da sa mesta predsednika republike napravi taj veliki istorijski gest i dogovori mirovni aran\u017eman sa kosovskim Albancima, odnosno izme\u0111u Srbije i Kosova. Sve i kada bi to iskreno \u017eeleo, on je poslednja osoba koja bi to trebalo da u\u010dini, jer nijedan dogovor koji on predlo\u017ei i sklopi ne mo\u017ee biti odr\u017eiv.<\/p>\n<p>Takve krupne sporazume, koji treba da obave\u017eu i naredne generacije, mogu sklapati samo legitimni predstavnici politi\u010dkih zajednica u \u010dije se ime pregovara. Vu\u010di\u0107 to nije iz nekoliko bitnih razloga. Sama njegova biografija ve\u0107 ga diskvalifikuje za pregovore o miru. Pritom, ne moramo se vra\u0107ati u devedesete; i njegova istorija iz dvehiljaditih je dovoljna da se odbace njegovi sada\u0161nji pozivi na mir. U vezi sa tim na isti na\u010din stoje i biografije osoba koje je izabrao za svoje najbli\u017ee saradnike. Sve one dolaze iz istog radikalskog miljea i dele iste radikalske svetonazore.<\/p>\n<p>Nadalje, on nije legitimni predstavnik politi\u010dke zajednice u \u010dije ime govori: njegov dolazak na mesto predsednika republike sastoji se od niza kr\u0161enja zakona i Ustava. Sama njegova kandidatura bila je protivzakonita. Izbori iz aprila 2017. nisu bili fer i po\u0161teni. Kona\u010dno, postoje i ozbiljne sumnje da smo imali izbornu kra\u0111u, to jest da je re\u017eim falsifikovao jedan broj glasova da bi se proglasila Vu\u010di\u0107eva pobeda u prvom krugu. To su sve razlozi na osnovu kojih \u0107e mo\u0107i da se osporava svaki sporazum na kome \u0107e stajati Vu\u010di\u0107ev potpis kao predsednika republike.<\/p>\n<p>Nadalje, dalekose\u017ene odluke obavezuju\u0107e za politi\u010dku zajednicu moraju se donositi na demokratski na\u010din, kako bi i oni koji su protiv njih na kraju pristali da ih po\u0161tuju. \u201eUnutra\u0161nji dijalog\u201c je sintagma koja u glavi Aleksandra Vu\u010di\u0107a stoji umesto demokratske rasprave i umnogome govori o tome kako on vidi svoje politi\u010dke oponente. Dok ih jednom rukom poziva na razgovor, drugom ih diskvalifikuje i li\u0161ava po\u0161tovanja, obezvre\u0111uju\u0107i njihove glasove. O\u010distiv\u0161i tako politi\u010dki prostor, Vu\u010di\u0107u zaista i ne preostaje ni\u0161ta drugo nego da povede unutra\u0161nji dijalog sa samim sobom.<\/p>\n<p>Nadalje, iako je pokazao da Ustav za njega ne predstavlja nikakvu smetnju (da je po\u0161tovao Ustav, ne bi ni pomislio da se kandiduje za predsednika), iz ugla kriti\u010dara dogovora sa kosovskim Albancima, taj isti Ustav bi\u0107e dovoljna osnova da se izvan snage stavi svaki Vu\u010di\u0107ev sporazum sa Pri\u0161tinom \u010dim se za to uka\u017ee prilika. To zna\u010di da bi prvo morao da se donese novi ustav da bi uop\u0161te moglo da se pregovara sa Kosovom o novim aran\u017emanima. Dono\u0161enje ustava, ba\u0161 kao i sklapanje obavezuju\u0107ih sporazuma sa dalekose\u017enim posledicama, zahteva demokratsku proceduru, a to opet zna\u010di raspisivanje izbora za ustavotvornu skup\u0161tinu, a onda i novih izbora po\u0161to se ustav jednom donese. Drugim re\u010dima, to je procedura koja od ustavotvoraca zahteva da se dobrovoljno odreknu mo\u0107i koja im je u jednom trenutku poverena. Od Vu\u010di\u0107a se to nikako ne mo\u017ee o\u010dekivati.<\/p>\n<p>Sve u svemu, kao \u0161to je prvo dao svoj veliki doprinos razbijanju Jugoslavije, da bi danas (bez ikakvog smisla) zagovarao njenu obnovu, Vu\u010di\u0107 se zalo\u017eio za mir sa Kosovom, po\u0161to je sve uradio da taj mir u dogledno vreme bude nedosti\u017ean. Uz sve to, on je kao tobo\u017ee izdajni\u010dku i pla\u0107eni\u010dku naprosto izbrisao jaku demokratsku tradiciju koja se ve\u0107 decenijama zala\u017ee za mirno re\u0161avanje \u201ekosovskog pitanja\u201c, iako bi ba\u0161 na tu tradiciju danas \u010dvrsto mogla da se oslone nastojanja da se napravi pravedan dogovor s kosovskim Albancima. Bez te tradicije, pretvorni Vu\u010di\u0107 i Albancima i nama u Srbiji mo\u017ee ponuditi samo radikalski la\u017eni mir. \u0160to on u stvari i \u010dini, kada se pozove na tradiciju izraelsko-palestinskih odnosa.<\/p>\n<p>Od svih, to je valjda poslednji primer na koji bi se trebalo ugledati ako se zaista te\u017ei miru. Ali, to je upravo primer koji Vu\u010di\u0107u ponajvi\u0161e odgovara: razgovara se u nedogled, dok traje sukob, otimaju se teritorije i ljudi ginu. Sasvim slikovito, dok Vu\u010di\u0107 ovde navodno promovi\u0161e mir, njegov najbli\u017ei saradnik u svojstvu ministra vojske odlazi u posetu Izraelu i odatle nam poru\u010duje: \u201eOd Izraela imamo \u0161ta da nau\u010dimo\u201c.<br \/>\n<a href=\"http:\/\/pescanik.net\/pouke-iz-izraela\/\" target=\"_blank\">Pe\u0161\u010danik.net<\/a><\/p>\n","protected":false},"excerpt":{"rendered":"<p>Pretvorni Vu\u010di\u0107 i Albancima i nama u Srbiji mo\u017ee ponuditi samo radikalski la\u017eni mir. \u0160to on u stvari i \u010dini, kada se pozove na tradiciju izraelsko-palestinskih odnosa<\/p>\n","protected":false},"author":1,"featured_media":0,"comment_status":"open","ping_status":"closed","sticky":false,"template":"","format":"standard","meta":{"_seopress_robots_primary_cat":"","_seopress_titles_title":"","_seopress_titles_desc":"","_seopress_robots_index":"","_et_pb_use_builder":"","_et_pb_old_content":"","_et_gb_content_width":"","inline_featured_image":false,"footnotes":""},"categories":[5],"tags":[],"class_list":["post-230316","post","type-post","status-publish","format-standard","hentry","category-drugi-pisu"],"_links":{"self":[{"href":"https:\/\/www.pcnen.com\/portal\/wp-json\/wp\/v2\/posts\/230316","targetHints":{"allow":["GET"]}}],"collection":[{"href":"https:\/\/www.pcnen.com\/portal\/wp-json\/wp\/v2\/posts"}],"about":[{"href":"https:\/\/www.pcnen.com\/portal\/wp-json\/wp\/v2\/types\/post"}],"author":[{"embeddable":true,"href":"https:\/\/www.pcnen.com\/portal\/wp-json\/wp\/v2\/users\/1"}],"replies":[{"embeddable":true,"href":"https:\/\/www.pcnen.com\/portal\/wp-json\/wp\/v2\/comments?post=230316"}],"version-history":[{"count":0,"href":"https:\/\/www.pcnen.com\/portal\/wp-json\/wp\/v2\/posts\/230316\/revisions"}],"wp:attachment":[{"href":"https:\/\/www.pcnen.com\/portal\/wp-json\/wp\/v2\/media?parent=230316"}],"wp:term":[{"taxonomy":"category","embeddable":true,"href":"https:\/\/www.pcnen.com\/portal\/wp-json\/wp\/v2\/categories?post=230316"},{"taxonomy":"post_tag","embeddable":true,"href":"https:\/\/www.pcnen.com\/portal\/wp-json\/wp\/v2\/tags?post=230316"}],"curies":[{"name":"wp","href":"https:\/\/api.w.org\/{rel}","templated":true}]}}